{"id":4064,"date":"2023-08-18T21:43:36","date_gmt":"2023-08-18T19:43:36","guid":{"rendered":"https:\/\/terraplaza.com\/magazin\/?p=4064"},"modified":"2023-11-30T12:35:18","modified_gmt":"2023-11-30T11:35:18","slug":"skorpiok-uv-fenyben","status":"publish","type":"post","link":"https:\/\/terraplaza.com\/magazin\/hu\/izeltlabuak-hu\/pokszabasuak-hu\/skorpiok\/skorpiok-uv-fenyben\/4064\/","title":{"rendered":"A S\u00f6t\u00e9tben rejlik a titok: hogyan \u00e9s mi\u00e9rt vil\u00e1g\u00edtanak a skorpi\u00f3k UV-f\u00e9nyben?"},"content":{"rendered":"\n<p><strong>A skorpi\u00f3k azon k\u00fcl\u00f6nleges \u00e1llatok k\u00f6z\u00e9 tartoznak, amelyek k\u00e9pesek fluoreszk\u00e1lni UV-f\u00e9ny hat\u00e1s\u00e1ra. Ennek oka az, hogy az \u00e1llatok kitinj\u00e9ben olyan fluoreszcens anyagok vannak, melyek reakci\u00f3ba l\u00e9pnek az ultraibolya f\u00e9nnyel. A biofluoreszcens \u00e1llatok k\u00fcltakar\u00f3ja k\u00e9pes elnyelni a r\u00f6vid hull\u00e1mhossz\u00fas\u00e1g\u00fa (ultraibolya) f\u00e9nyt, amit nagyobb hull\u00e1mhossz\u00fa f\u00e9nyk\u00e9nt bocs\u00e1tanak ki, ez\u00e1ltal az m\u00e1r az emberi szem sz\u00e1m\u00e1ra l\u00e1that\u00f3 tartom\u00e1nyba ker\u00fcl. A biofluoreszcencia gyakori a gerinctelen \u00e1llatokn\u00e1l, de el\u0151fordul a gerincesekn\u00e9l, a h\u00fcll\u0151kn\u00e9l, a k\u00e9t\u00e9lt\u0171ekn\u00e9l, a halakn\u00e1l \u00e9s m\u00e9g a madarakn\u00e1l is. P\u00e9ld\u00e1ul a lunda mad\u00e1r cs\u0151re UV-f\u00e9nyben r\u00f3zsasz\u00edn \u00e9s feh\u00e9r sz\u00ednekben j\u00e1tszik, de m\u00e9g a kacsacs\u0151r\u0171 eml\u0151s is k\u00e9pes \u201evil\u00e1g\u00edtani\u201d [1].<\/strong><\/p>\n\n\n\n<figure class=\"wp-block-image size-large\"><img fetchpriority=\"high\" decoding=\"async\" width=\"1024\" height=\"575\" src=\"https:\/\/terraplaza.com\/magazin\/wp-content\/uploads\/2023\/08\/platy-composite-3-1260x708.jpg-1024x575.webp\" alt=\"\" class=\"wp-image-4081\" srcset=\"https:\/\/terraplaza.com\/magazin\/wp-content\/uploads\/2023\/08\/platy-composite-3-1260x708.jpg-1024x575.webp 1024w, https:\/\/terraplaza.com\/magazin\/wp-content\/uploads\/2023\/08\/platy-composite-3-1260x708.jpg-300x169.webp 300w, https:\/\/terraplaza.com\/magazin\/wp-content\/uploads\/2023\/08\/platy-composite-3-1260x708.jpg-768x432.webp 768w, https:\/\/terraplaza.com\/magazin\/wp-content\/uploads\/2023\/08\/platy-composite-3-1260x708.jpg-150x84.webp 150w, https:\/\/terraplaza.com\/magazin\/wp-content\/uploads\/2023\/08\/platy-composite-3-1260x708.jpg-450x253.webp 450w, https:\/\/terraplaza.com\/magazin\/wp-content\/uploads\/2023\/08\/platy-composite-3-1260x708.jpg-1200x674.webp 1200w, https:\/\/terraplaza.com\/magazin\/wp-content\/uploads\/2023\/08\/platy-composite-3-1260x708.jpg.webp 1260w\" sizes=\"(max-width: 1024px) 100vw, 1024px\" \/><figcaption class=\"wp-element-caption\">Platypus specimens under UV light. \u00a9 J. Martin, Northland College; from Anich et al. 2020, Mammalia<\/figcaption><\/figure>\n\n\n\n<p>Azonban azt a mai napig rejt\u00e9ly \u00f6vezi, hogy ez a tulajdons\u00e1g milyen evol\u00faci\u00f3s el\u0151ny\u00f6kkel j\u00e1r a skorpi\u00f3k sz\u00e1m\u00e1ra, mind\u00f6ssze hipot\u00e9zisek vannak. Viszont l\u00e9tezik egy olyan kis csoportjuk is, amely s\u00f6t\u00e9t barlangok m\u00e9ly\u00e9ben \u00e9l, \u00e9s nem k\u00e9pes a fluoreszk\u00e1l\u00e1sra.&nbsp;<\/p>\n\n\n\n<h2 class=\"wp-block-heading\">Hogyan k\u00e9pesek erre?<\/h2>\n\n\n\n<p>A skorpi\u00f3k kutikul\u00e1j\u00e1nak van egy v\u00e9kony r\u00e9sze, amelyet &#8222;hialinr\u00e9tegnek&#8221; neveznek. Ez az, ami reag\u00e1l az ultraibolya f\u00e9nnyel. A r\u00e9teg b\u00e9ta-karbolint \u00e9s a 4-metil-7-hidroxikumarint tartalmaz, ezek a vegy\u00fcletek ruh\u00e1zz\u00e1k fel az \u00e1llatot ezzel a k\u00e9pess\u00e9ggel [2].<br>A hialinr\u00e9teg igaz\u00e1n id\u0151t\u00e1ll\u00f3, m\u00e9g a megk\u00f6vesedett skorpi\u00f3fossz\u00edli\u00e1k is vil\u00e1g\u00edtanak UV-f\u00e9ny hat\u00e1s\u00e1ra. Ezen fel\u00fcl, ha folyad\u00e9kkal teli \u00fcvegekben konzerv\u00e1ljuk a skorpi\u00f3 prepar\u00e1tumokat, akkor a kiold\u00f3d\u00f3 anyagok k\u00e9pesek m\u00e9g a folyad\u00e9kot is \u201eragyog\u00f3v\u00e1\u201d var\u00e1zsolni.<\/p>\n\n\n\n<h2 class=\"wp-block-heading\">Mi\u00e9rt vil\u00e1g\u00edtanak?<\/h2>\n\n\n\n<p>Egyes elm\u00e9letek szerint a skorpi\u00f3k az\u00e9rt vil\u00e1g\u00edtanak, hogy magukra h\u00edvj\u00e1k a pr\u00e9da\u00e1llatok figyelm\u00e9t, azonban ez az elm\u00e9let m\u00e1r megd\u0151lt. Ezt a felvet\u00e9st m\u00e1r pr\u00f3b\u00e1lt\u00e1k tesztelni, p\u00e9ld\u00e1ul Carl T. Klook, a California State University professzora nyilatkozott a t\u00e9m\u00e1ban. A k\u00eds\u00e9rlet sor\u00e1n k\u00e9t skorpi\u00f3csapatot hoztak l\u00e9tre. Az egyik csapatnak bevont\u00e1k k\u00fcls\u0151 kitines p\u00e1nc\u00e9lj\u00e1t olyan anyaggal, ami blokkolja az UV-f\u00e9nnyel t\u00f6rt\u00e9n\u0151 reakci\u00f3t, azonban a m\u00e1sik csapathoz nem ny\u00faltak hozz\u00e1, \u0151k nem lettek bevonva semmilyen anyaggal, tov\u00e1bbra is k\u00e9pesek voltak fluoreszk\u00e1lni. Ezt k\u00f6vet\u0151en a csapatokat l\u00e9gypap\u00edrra helyezt\u00e9k. Az eredm\u00e9nyb\u0151l kider\u00fclt, hogy a blokkolt csapat pap\u00edrj\u00e1ba j\u00f3val t\u00f6bb rep\u00fcl\u0151 rovar ragadt, mint a vil\u00e1g\u00edt\u00f3 csapat\u00e9ba, azonban, ha a fluoreszk\u00e1l\u00f3 csapatot nem \u00e9rte UV-f\u00e9ny, \u00e9s nem vil\u00e1g\u00edtottak, akkor nagyj\u00e1b\u00f3l hasonl\u00f3 tendenci\u00e1t mutatott a l\u00e9gypap\u00edrba ragadt egyedek sz\u00e1ma. Teh\u00e1t ez a tulajdons\u00e1g nem vonzza, sokkal ink\u00e1bb tasz\u00edt\u00f3 hat\u00e1ssal van a t\u00f6bbi \u00edzeltl\u00e1b\u00fara [3].<\/p>\n\n\n\n<figure class=\"wp-block-image size-large\"><img decoding=\"async\" width=\"1024\" height=\"1024\" src=\"https:\/\/terraplaza.com\/magazin\/wp-content\/uploads\/2023\/08\/IMG_20230801_204404-01-1024x1024.jpeg\" alt=\"\" class=\"wp-image-4072\" srcset=\"https:\/\/terraplaza.com\/magazin\/wp-content\/uploads\/2023\/08\/IMG_20230801_204404-01-1024x1024.jpeg 1024w, https:\/\/terraplaza.com\/magazin\/wp-content\/uploads\/2023\/08\/IMG_20230801_204404-01-300x300.jpeg 300w, https:\/\/terraplaza.com\/magazin\/wp-content\/uploads\/2023\/08\/IMG_20230801_204404-01-150x150.jpeg 150w, https:\/\/terraplaza.com\/magazin\/wp-content\/uploads\/2023\/08\/IMG_20230801_204404-01-768x768.jpeg 768w, https:\/\/terraplaza.com\/magazin\/wp-content\/uploads\/2023\/08\/IMG_20230801_204404-01-1536x1536.jpeg 1536w, https:\/\/terraplaza.com\/magazin\/wp-content\/uploads\/2023\/08\/IMG_20230801_204404-01-2048x2048.jpeg 2048w, https:\/\/terraplaza.com\/magazin\/wp-content\/uploads\/2023\/08\/IMG_20230801_204404-01-450x450.jpeg 450w, https:\/\/terraplaza.com\/magazin\/wp-content\/uploads\/2023\/08\/IMG_20230801_204404-01-1200x1200.jpeg 1200w\" sizes=\"(max-width: 1024px) 100vw, 1024px\" \/><figcaption class=\"wp-element-caption\">Fot\u00f3: Hegyi Fl\u00f3ra<\/figcaption><\/figure>\n\n\n\n<p>M\u00e1s \u00edzeltl\u00e1b\u00faakhoz hasonl\u00f3an a skorpi\u00f3k eset\u00e9ben is jelent\u0151s h\u00e1tt\u00e9rtev\u00e9kenys\u00e9get figyelhet\u00fcnk meg a <a href=\"https:\/\/terraplaza.com\/magazin\/hu\/terrapedia-hu\/ventralis\/4494\/\">ventr\u00e1lis<\/a> idegsz\u00e1lakban, m\u00e1s sz\u00f3val az idegi aktivit\u00e1s \u00e9rz\u00e9kelhet\u0151 b\u00e1rmilyen specifikus \u00e9rz\u00e9kszervi ingerl\u00e9s n\u00e9lk\u00fcl. Kor\u00e1bbi vizsg\u00e1latok azt is kimutatt\u00e1k, hogy a skorpi\u00f3k oldals\u00f3 \u00e9s k\u00f6z\u00e9ps\u0151 szemei kifejezetten \u00e9rz\u00e9kenyek a z\u00f6ld f\u00e9nyre (500 nm k\u00f6r\u00fcl) \u00e9s az UV-f\u00e9nyre is (350-400 nm) [4].<br>K\u00e9t k\u00f6z\u00e9pen elhelyezked\u0151 \u201emedi\u00e1n\u201d szem\u00fck korl\u00e1tozottan k\u00e9pes a k\u00e9palkot\u00e1sra, ezzel szemben oldals\u00f3 szemeiket a f\u00e9nyer\u0151ss\u00e9g finom v\u00e1ltoz\u00e1sainak \u00e9rz\u00e9kel\u00e9s\u00e9re haszn\u00e1lj\u00e1k. A szemek egy\u00fctt nagym\u00e9rt\u00e9k\u0171 f\u00e9ny\u00e9rz\u00e9kenys\u00e9get mutatnak, \u00e9s feltehet\u0151en m\u00e9g a csillagok f\u00e9ny\u00e9t is k\u00e9pesek \u00e9rz\u00e9kelni a s\u00f6t\u00e9t \u00e9jszak\u00e1k folyam\u00e1n [5].<\/p>\n\n\n\n<figure class=\"wp-block-image size-large\"><img decoding=\"async\" width=\"1024\" height=\"1024\" src=\"https:\/\/terraplaza.com\/magazin\/wp-content\/uploads\/2023\/08\/IMG_20220511_160446-01-1024x1024.jpeg\" alt=\"\" class=\"wp-image-4071\" srcset=\"https:\/\/terraplaza.com\/magazin\/wp-content\/uploads\/2023\/08\/IMG_20220511_160446-01-1024x1024.jpeg 1024w, https:\/\/terraplaza.com\/magazin\/wp-content\/uploads\/2023\/08\/IMG_20220511_160446-01-300x300.jpeg 300w, https:\/\/terraplaza.com\/magazin\/wp-content\/uploads\/2023\/08\/IMG_20220511_160446-01-150x150.jpeg 150w, https:\/\/terraplaza.com\/magazin\/wp-content\/uploads\/2023\/08\/IMG_20220511_160446-01-768x768.jpeg 768w, https:\/\/terraplaza.com\/magazin\/wp-content\/uploads\/2023\/08\/IMG_20220511_160446-01-1536x1536.jpeg 1536w, https:\/\/terraplaza.com\/magazin\/wp-content\/uploads\/2023\/08\/IMG_20220511_160446-01-450x450.jpeg 450w, https:\/\/terraplaza.com\/magazin\/wp-content\/uploads\/2023\/08\/IMG_20220511_160446-01-1200x1200.jpeg 1200w, https:\/\/terraplaza.com\/magazin\/wp-content\/uploads\/2023\/08\/IMG_20220511_160446-01.jpeg 1944w\" sizes=\"(max-width: 1024px) 100vw, 1024px\" \/><figcaption class=\"wp-element-caption\">A skorpi\u00f3k medi\u00e1n szemei &#8211; Fot\u00f3: Hegyi Fl\u00f3ra<\/figcaption><\/figure>\n\n\n\n<p>Egy 1968-as k\u00eds\u00e9rletben a kutat\u00f3k arra voltak k\u00edv\u00e1ncsiak, hogy az \u00e1llatok hogyan reag\u00e1lnak a k\u00f6zvetlen\u00fcl \u0151ket \u00e9r\u0151 f\u00e9nyre. Ehhez a p\u00e9ld\u00e1nyokat olyan Petri-cs\u00e9sz\u00e9kbe helyezt\u00e9k, amelyeknek fele le volt fedve oly m\u00f3don, hogy megfelel\u0151 \u00e1rny\u00e9kot tudjanak biztos\u00edtani az \u00e1llatok sz\u00e1m\u00e1ra, hogy ha mened\u00e9ket keresn\u00e9nek. A f\u00e9nyek felkapcsol\u00e1sa ut\u00e1n a skorpi\u00f3k azonnal a fedett r\u00e9sz biztons\u00e1g\u00e1ba menek\u00fcltek. A tesztet \u00fagy is megism\u00e9telt\u00e9k, hogy az \u00e1llatok szemeit teljesen lefedt\u00e9k, ez\u00e1ltal azok seg\u00edts\u00e9g\u00e9vel nem voltak k\u00e9pesek \u00e9rz\u00e9kelni semmilyen \u0151ket \u00e9r\u0151 f\u00e9nyt.\u2028Meglepet\u00e9s\u00fckre a l\u00e1mp\u00e1k felkapcsol\u00e1s\u00e1t k\u00f6vet\u0151en az \u00e1llatok 93%-os ar\u00e1nyban ugyan olyan m\u00f3don menek\u00fcltek az \u00e1rny\u00e9kba, mint miel\u0151tt letakart\u00e1k volna a szemeiket. Teh\u00e1t a skorpi\u00f3k k\u00e9pesek detekt\u00e1lni a f\u00e9nyt szemeik n\u00e9lk\u00fcl is [6].\u2028Egy 2011-es kutat\u00e1sban m\u00e1r UV-specifikusan k\u00eds\u00e9rleteztek a kutat\u00f3k. Az eredm\u00e9ny azt mutatta, hogy a skorpi\u00f3k ritk\u00e1bban mozogtak a ciano-z\u00f6ld \u00e9s UV-hull\u00e1mhossz\u00fa f\u00e9nyben, mint s\u00e1rga f\u00e9nyben vagy f\u00e9ny n\u00e9lk\u00fcli \u00e1llapotban. Ezen fel\u00fcl az UV-re adott v\u00e1laszreakci\u00f3juk intenz\u00edvebb volt, mint ami a kor\u00e1bban publik\u00e1lt fiziol\u00f3giai vizsg\u00e1latok alapj\u00e1n v\u00e1rhat\u00f3 volt, az eddig ismert retina\u00e9rz\u00e9kenys\u00e9g f\u00fcggv\u00e9ny\u00e9ben [4].<\/p>\n\n\n\n<figure class=\"wp-block-image size-large\"><img loading=\"lazy\" decoding=\"async\" width=\"1024\" height=\"1024\" src=\"https:\/\/terraplaza.com\/magazin\/wp-content\/uploads\/2023\/08\/IMG_20230801_204909-01-1024x1024.jpeg\" alt=\"\" class=\"wp-image-4070\" srcset=\"https:\/\/terraplaza.com\/magazin\/wp-content\/uploads\/2023\/08\/IMG_20230801_204909-01-1024x1024.jpeg 1024w, https:\/\/terraplaza.com\/magazin\/wp-content\/uploads\/2023\/08\/IMG_20230801_204909-01-300x300.jpeg 300w, https:\/\/terraplaza.com\/magazin\/wp-content\/uploads\/2023\/08\/IMG_20230801_204909-01-150x150.jpeg 150w, https:\/\/terraplaza.com\/magazin\/wp-content\/uploads\/2023\/08\/IMG_20230801_204909-01-768x768.jpeg 768w, https:\/\/terraplaza.com\/magazin\/wp-content\/uploads\/2023\/08\/IMG_20230801_204909-01-1536x1536.jpeg 1536w, https:\/\/terraplaza.com\/magazin\/wp-content\/uploads\/2023\/08\/IMG_20230801_204909-01-2048x2048.jpeg 2048w, https:\/\/terraplaza.com\/magazin\/wp-content\/uploads\/2023\/08\/IMG_20230801_204909-01-450x450.jpeg 450w, https:\/\/terraplaza.com\/magazin\/wp-content\/uploads\/2023\/08\/IMG_20230801_204909-01-1200x1200.jpeg 1200w\" sizes=\"(max-width: 1024px) 100vw, 1024px\" \/><figcaption class=\"wp-element-caption\">Fot\u00f3: Hegyi Fl\u00f3ra<\/figcaption><\/figure>\n\n\n\n<h2 class=\"wp-block-heading\">Teh\u00e1t val\u00f3j\u00e1ban mi\u00e9rt fluoreszk\u00e1lnak?<\/h2>\n\n\n\n<p>Tov\u00e1bbra sem jutott konszenzusra a tudom\u00e1nyos k\u00f6z\u00f6ss\u00e9g ezzel a t\u00e9m\u00e1val kapcsolatban, \u00e9s m\u00e9g rengeteg elm\u00e9let l\u00e9tezik, p\u00e9ld\u00e1ul, hogy egym\u00e1s megtal\u00e1l\u00e1s\u00e1ra \u00e9s azonos\u00edt\u00e1s\u00e1ra haszn\u00e1lj\u00e1k. Szerintem az a legval\u00f3sz\u00edn\u0171bb, hogy test\u00fck eg\u00e9sz fel\u00fclet\u00e9t felhaszn\u00e1lva jutnak plusz inform\u00e1ci\u00f3khoz az \u0151ket k\u00f6r\u00fclvev\u0151 vil\u00e1gb\u00f3l.<\/p>\n\n\n\n<h3 class=\"wp-block-heading\">Irodalomjegyz\u00e9k:<\/h3>\n\n\n\n<p><strong>[1]<\/strong> Justine E. Hausheer, \u201eWhen mammals glow in the dark\u201d, [Online]. El\u00e9rhet\u0151: https:\/\/blog.nature.org\/2021\/04\/05\/when-mammals-glow-in-the-dark\/?src=s_fbo.ch_ca.x.x.&amp;sf141769700=1<br><strong>[2]<\/strong> Leslie M. Frost, David R. Butler, Brian O\u2019Dell, Victor Fet, \u201eA coumarin as a fluorescent compound in scorpion cuticule\u201d.<br><strong>[3]<\/strong> Veritasium, \u201eWhy Scorpions Glow in the Dark\u201d. [Online]. El\u00e9rhet\u0151: https:\/\/www.youtube.com\/watch?v=f-Nr2z5X7Rs&amp;t=122s&amp;ab_channel=Veritasium<br><strong>[4]<\/strong> D. D. Gaffin, L. A. Bumm, M. S. Taylor, N. V. Popokina, \u00e9s S. Mann, \u201eScorpion fluorescence and reaction to light\u201d, <em>Animal Behaviour<\/em>, k\u00f6t. 83, sz. 2, o. 429\u2013436, febr. 2012, doi: 10.1016\/j.anbehav.2011.11.014.<br><strong>[5]<\/strong> M. Schliwa \u00e9s G. Fleissner, \u201eThe lateral eyes of the scorpion, Androctonus australis\u201d, <em>Cell Tissue Res.<\/em>, k\u00f6t. 206, sz. 1, febr. 1980, doi: 10.1007\/BF00233611.<br><strong>[6]<\/strong> K. T. Zwicky, \u201eA LIGHT RESPONSE IN THI: TAIL OF U1tODACUS, A SCORPION\u201d, <em>Vol .<\/em>.<\/p>\n","protected":false},"excerpt":{"rendered":"<p>A skorpi\u00f3k azon k\u00fcl\u00f6nleges \u00e1llatok k\u00f6z\u00e9 tartoznak, amelyek k\u00e9pesek fluoreszk\u00e1lni UV-f\u00e9ny hat\u00e1s\u00e1ra. Ennek oka, hogy a skorpi\u00f3k kitinje olyan fluoreszcens tulajdons\u00e1gokkal van felruh\u00e1zva, hogy az reakci\u00f3ba l\u00e9p az UV f\u00e9nnyel.<\/p>\n","protected":false},"author":4,"featured_media":4071,"comment_status":"closed","ping_status":"open","sticky":false,"template":"","format":"standard","meta":{"footnotes":""},"categories":[36,144,657,659],"tags":[862,153,661,663,665],"class_list":{"0":"post-4064","1":"post","2":"type-post","3":"status-publish","4":"format-standard","5":"has-post-thumbnail","7":"category-izeltlabuak-hu","8":"category-melyviz-hu","9":"category-pokszabasuak-hu","10":"category-skorpiok","11":"tag-izeltlabuak","12":"tag-melyviz-hu","13":"tag-pokszabasuak","14":"tag-skorpiok","15":"tag-uv"},"yoast_head":"<!-- This site is optimized with the Yoast SEO plugin v27.2 - https:\/\/yoast.com\/product\/yoast-seo-wordpress\/ -->\n<title>A S\u00f6t\u00e9tben rejlik a titok: hogyan \u00e9s mi\u00e9rt vil\u00e1g\u00edtanak a skorpi\u00f3k UV-f\u00e9nyben? &#8211; TerraPlaza magazin<\/title>\n<meta name=\"description\" content=\"A skorpi\u00f3k azon k\u00fcl\u00f6nleges \u00e1llatok k\u00f6z\u00e9 tartoznak, amelyek k\u00e9pesek fluoreszk\u00e1lni UV-f\u00e9ny hat\u00e1s\u00e1ra. Ennek oka, hogy a skorpi\u00f3k kitinje olyan fluoreszcens tulajdons\u00e1gokkal van felruh\u00e1zva, hogy az reakci\u00f3ba l\u00e9p az UV f\u00e9nnyel.\" \/>\n<meta name=\"robots\" content=\"index, follow, max-snippet:-1, max-image-preview:large, max-video-preview:-1\" \/>\n<link rel=\"canonical\" href=\"https:\/\/terraplaza.com\/magazin\/hu\/izeltlabuak-hu\/pokszabasuak-hu\/skorpiok\/skorpiok-uv-fenyben\/4064\/\" \/>\n<meta property=\"og:locale\" content=\"hu_HU\" \/>\n<meta property=\"og:type\" content=\"article\" \/>\n<meta property=\"og:title\" content=\"A S\u00f6t\u00e9tben rejlik a titok: hogyan \u00e9s mi\u00e9rt vil\u00e1g\u00edtanak a skorpi\u00f3k UV-f\u00e9nyben? &#8211; TerraPlaza magazin\" \/>\n<meta property=\"og:description\" content=\"A skorpi\u00f3k azon k\u00fcl\u00f6nleges \u00e1llatok k\u00f6z\u00e9 tartoznak, amelyek k\u00e9pesek fluoreszk\u00e1lni UV-f\u00e9ny hat\u00e1s\u00e1ra. Ennek oka, hogy a skorpi\u00f3k kitinje olyan fluoreszcens tulajdons\u00e1gokkal van felruh\u00e1zva, hogy az reakci\u00f3ba l\u00e9p az UV f\u00e9nnyel.\" \/>\n<meta property=\"og:url\" content=\"https:\/\/terraplaza.com\/magazin\/hu\/izeltlabuak-hu\/pokszabasuak-hu\/skorpiok\/skorpiok-uv-fenyben\/4064\/\" \/>\n<meta property=\"og:site_name\" content=\"TerraPlaza magazin\" \/>\n<meta property=\"article:publisher\" content=\"https:\/\/www.facebook.com\/terraplaza\" \/>\n<meta property=\"article:author\" content=\"https:\/\/www.facebook.com\/profile.php?id=100085996470437\" \/>\n<meta property=\"article:published_time\" content=\"2023-08-18T19:43:36+00:00\" \/>\n<meta property=\"article:modified_time\" content=\"2023-11-30T11:35:18+00:00\" \/>\n<meta property=\"og:image\" content=\"https:\/\/terraplaza.com\/magazin\/wp-content\/uploads\/2023\/08\/IMG_20220511_160446-01.jpeg\" \/>\n\t<meta property=\"og:image:width\" content=\"1944\" \/>\n\t<meta property=\"og:image:height\" content=\"1944\" \/>\n\t<meta property=\"og:image:type\" content=\"image\/jpeg\" \/>\n<meta name=\"author\" content=\"Hegyi Fl\u00f3ra\" \/>\n<meta name=\"twitter:card\" content=\"summary_large_image\" \/>\n<meta name=\"twitter:label1\" content=\"Szerz\u0151:\" \/>\n\t<meta name=\"twitter:data1\" content=\"Hegyi Fl\u00f3ra\" \/>\n\t<meta name=\"twitter:label2\" content=\"Becs\u00fclt olvas\u00e1si id\u0151\" \/>\n\t<meta name=\"twitter:data2\" content=\"6 perc\" \/>\n<script type=\"application\/ld+json\" class=\"yoast-schema-graph\">{\"@context\":\"https:\/\/schema.org\",\"@graph\":[{\"@type\":\"Article\",\"@id\":\"https:\/\/terraplaza.com\/magazin\/hu\/izeltlabuak-hu\/pokszabasuak-hu\/skorpiok\/skorpiok-uv-fenyben\/4064\/#article\",\"isPartOf\":{\"@id\":\"https:\/\/terraplaza.com\/magazin\/hu\/izeltlabuak-hu\/pokszabasuak-hu\/skorpiok\/skorpiok-uv-fenyben\/4064\/\"},\"author\":{\"name\":\"Hegyi Fl\u00f3ra\",\"@id\":\"https:\/\/terraplaza.com\/magazin\/#\/schema\/person\/5285c1baeff38887a832e75786e8f8c5\"},\"headline\":\"A S\u00f6t\u00e9tben rejlik a titok: hogyan \u00e9s mi\u00e9rt vil\u00e1g\u00edtanak a skorpi\u00f3k UV-f\u00e9nyben?\",\"datePublished\":\"2023-08-18T19:43:36+00:00\",\"dateModified\":\"2023-11-30T11:35:18+00:00\",\"mainEntityOfPage\":{\"@id\":\"https:\/\/terraplaza.com\/magazin\/hu\/izeltlabuak-hu\/pokszabasuak-hu\/skorpiok\/skorpiok-uv-fenyben\/4064\/\"},\"wordCount\":1232,\"publisher\":{\"@id\":\"https:\/\/terraplaza.com\/magazin\/#organization\"},\"image\":{\"@id\":\"https:\/\/terraplaza.com\/magazin\/hu\/izeltlabuak-hu\/pokszabasuak-hu\/skorpiok\/skorpiok-uv-fenyben\/4064\/#primaryimage\"},\"thumbnailUrl\":\"https:\/\/terraplaza.com\/magazin\/wp-content\/uploads\/2023\/08\/IMG_20220511_160446-01.jpeg\",\"keywords\":[\"\u00cdzeltl\u00e1b\u00faak\",\"M\u00e9lyv\u00edz\",\"P\u00f3kszab\u00e1s\u00faak\",\"Skorpi\u00f3k\",\"UV\"],\"articleSection\":[\"\u00cdzeltl\u00e1b\u00faak\",\"M\u00e9lyv\u00edz\",\"P\u00f3kszab\u00e1s\u00faak\",\"Skorpi\u00f3k\"],\"inLanguage\":\"hu\"},{\"@type\":\"WebPage\",\"@id\":\"https:\/\/terraplaza.com\/magazin\/hu\/izeltlabuak-hu\/pokszabasuak-hu\/skorpiok\/skorpiok-uv-fenyben\/4064\/\",\"url\":\"https:\/\/terraplaza.com\/magazin\/hu\/izeltlabuak-hu\/pokszabasuak-hu\/skorpiok\/skorpiok-uv-fenyben\/4064\/\",\"name\":\"A S\u00f6t\u00e9tben rejlik a titok: hogyan \u00e9s mi\u00e9rt vil\u00e1g\u00edtanak a skorpi\u00f3k UV-f\u00e9nyben? &#8211; TerraPlaza magazin\",\"isPartOf\":{\"@id\":\"https:\/\/terraplaza.com\/magazin\/#website\"},\"primaryImageOfPage\":{\"@id\":\"https:\/\/terraplaza.com\/magazin\/hu\/izeltlabuak-hu\/pokszabasuak-hu\/skorpiok\/skorpiok-uv-fenyben\/4064\/#primaryimage\"},\"image\":{\"@id\":\"https:\/\/terraplaza.com\/magazin\/hu\/izeltlabuak-hu\/pokszabasuak-hu\/skorpiok\/skorpiok-uv-fenyben\/4064\/#primaryimage\"},\"thumbnailUrl\":\"https:\/\/terraplaza.com\/magazin\/wp-content\/uploads\/2023\/08\/IMG_20220511_160446-01.jpeg\",\"datePublished\":\"2023-08-18T19:43:36+00:00\",\"dateModified\":\"2023-11-30T11:35:18+00:00\",\"description\":\"A skorpi\u00f3k azon k\u00fcl\u00f6nleges \u00e1llatok k\u00f6z\u00e9 tartoznak, amelyek k\u00e9pesek fluoreszk\u00e1lni UV-f\u00e9ny hat\u00e1s\u00e1ra. Ennek oka, hogy a skorpi\u00f3k kitinje olyan fluoreszcens tulajdons\u00e1gokkal van felruh\u00e1zva, hogy az reakci\u00f3ba l\u00e9p az UV f\u00e9nnyel.\",\"breadcrumb\":{\"@id\":\"https:\/\/terraplaza.com\/magazin\/hu\/izeltlabuak-hu\/pokszabasuak-hu\/skorpiok\/skorpiok-uv-fenyben\/4064\/#breadcrumb\"},\"inLanguage\":\"hu\",\"potentialAction\":[{\"@type\":\"ReadAction\",\"target\":[\"https:\/\/terraplaza.com\/magazin\/hu\/izeltlabuak-hu\/pokszabasuak-hu\/skorpiok\/skorpiok-uv-fenyben\/4064\/\"]}]},{\"@type\":\"ImageObject\",\"inLanguage\":\"hu\",\"@id\":\"https:\/\/terraplaza.com\/magazin\/hu\/izeltlabuak-hu\/pokszabasuak-hu\/skorpiok\/skorpiok-uv-fenyben\/4064\/#primaryimage\",\"url\":\"https:\/\/terraplaza.com\/magazin\/wp-content\/uploads\/2023\/08\/IMG_20220511_160446-01.jpeg\",\"contentUrl\":\"https:\/\/terraplaza.com\/magazin\/wp-content\/uploads\/2023\/08\/IMG_20220511_160446-01.jpeg\",\"width\":1944,\"height\":1944,\"caption\":\"A S\u00f6t\u00e9tben rejlik a titok: hogyan \u00e9s mi\u00e9rt vil\u00e1g\u00edtanak a skorpi\u00f3k UV f\u00e9nyben?\"},{\"@type\":\"BreadcrumbList\",\"@id\":\"https:\/\/terraplaza.com\/magazin\/hu\/izeltlabuak-hu\/pokszabasuak-hu\/skorpiok\/skorpiok-uv-fenyben\/4064\/#breadcrumb\",\"itemListElement\":[{\"@type\":\"ListItem\",\"position\":1,\"name\":\"Kezd\u0151lap\",\"item\":\"https:\/\/terraplaza.com\/magazin\/hu\/\"},{\"@type\":\"ListItem\",\"position\":2,\"name\":\"A S\u00f6t\u00e9tben rejlik a titok: hogyan \u00e9s mi\u00e9rt vil\u00e1g\u00edtanak a skorpi\u00f3k UV-f\u00e9nyben?\"}]},{\"@type\":\"WebSite\",\"@id\":\"https:\/\/terraplaza.com\/magazin\/#website\",\"url\":\"https:\/\/terraplaza.com\/magazin\/\",\"name\":\"TerraPlaza magazin\",\"description\":\"Term\u00e9szet szeretet \u00e9s felel\u0151s \u00e1llattart\u00e1s naprak\u00e9sz inform\u00e1ci\u00f3kkal \u2013 terrarisztika \u00e9s akvarisztika szakport\u00e1l. Hogy kedvenceidnek min\u00e9l boldogabb \u00e9lete legyen.\",\"publisher\":{\"@id\":\"https:\/\/terraplaza.com\/magazin\/#organization\"},\"alternateName\":\"terrarisztikai szakport\u00e1l\",\"potentialAction\":[{\"@type\":\"SearchAction\",\"target\":{\"@type\":\"EntryPoint\",\"urlTemplate\":\"https:\/\/terraplaza.com\/magazin\/?s={search_term_string}\"},\"query-input\":{\"@type\":\"PropertyValueSpecification\",\"valueRequired\":true,\"valueName\":\"search_term_string\"}}],\"inLanguage\":\"hu\"},{\"@type\":\"Organization\",\"@id\":\"https:\/\/terraplaza.com\/magazin\/#organization\",\"name\":\"TerraPlaza\",\"url\":\"https:\/\/terraplaza.com\/magazin\/\",\"logo\":{\"@type\":\"ImageObject\",\"inLanguage\":\"hu\",\"@id\":\"https:\/\/terraplaza.com\/magazin\/#\/schema\/logo\/image\/\",\"url\":\"https:\/\/terraplaza.com\/magazin\/wp-content\/uploads\/2023\/07\/Kepernyofoto-2023-07-24-18.20.04.png\",\"contentUrl\":\"https:\/\/terraplaza.com\/magazin\/wp-content\/uploads\/2023\/07\/Kepernyofoto-2023-07-24-18.20.04.png\",\"width\":1502,\"height\":382,\"caption\":\"TerraPlaza\"},\"image\":{\"@id\":\"https:\/\/terraplaza.com\/magazin\/#\/schema\/logo\/image\/\"},\"sameAs\":[\"https:\/\/www.facebook.com\/terraplaza\"]},{\"@type\":\"Person\",\"@id\":\"https:\/\/terraplaza.com\/magazin\/#\/schema\/person\/5285c1baeff38887a832e75786e8f8c5\",\"name\":\"Hegyi Fl\u00f3ra\",\"image\":{\"@type\":\"ImageObject\",\"inLanguage\":\"hu\",\"@id\":\"https:\/\/terraplaza.com\/magazin\/wp-content\/uploads\/2023\/08\/363462021_274066498714188_4910988042055021383_n-150x150.jpg\",\"url\":\"https:\/\/terraplaza.com\/magazin\/wp-content\/uploads\/2023\/08\/363462021_274066498714188_4910988042055021383_n-150x150.jpg\",\"contentUrl\":\"https:\/\/terraplaza.com\/magazin\/wp-content\/uploads\/2023\/08\/363462021_274066498714188_4910988042055021383_n-150x150.jpg\",\"caption\":\"Hegyi Fl\u00f3ra\"},\"description\":\"https:\/\/www.tiktok.com\/@the_buglady\",\"sameAs\":[\"https:\/\/www.facebook.com\/profile.php?id=100085996470437\",\"https:\/\/www.instagram.com\/the_buglady\"],\"url\":\"https:\/\/terraplaza.com\/magazin\/author\/hflora\/\"}]}<\/script>\n<!-- \/ Yoast SEO plugin. -->","yoast_head_json":{"title":"A S\u00f6t\u00e9tben rejlik a titok: hogyan \u00e9s mi\u00e9rt vil\u00e1g\u00edtanak a skorpi\u00f3k UV-f\u00e9nyben? &#8211; TerraPlaza magazin","description":"A skorpi\u00f3k azon k\u00fcl\u00f6nleges \u00e1llatok k\u00f6z\u00e9 tartoznak, amelyek k\u00e9pesek fluoreszk\u00e1lni UV-f\u00e9ny hat\u00e1s\u00e1ra. Ennek oka, hogy a skorpi\u00f3k kitinje olyan fluoreszcens tulajdons\u00e1gokkal van felruh\u00e1zva, hogy az reakci\u00f3ba l\u00e9p az UV f\u00e9nnyel.","robots":{"index":"index","follow":"follow","max-snippet":"max-snippet:-1","max-image-preview":"max-image-preview:large","max-video-preview":"max-video-preview:-1"},"canonical":"https:\/\/terraplaza.com\/magazin\/hu\/izeltlabuak-hu\/pokszabasuak-hu\/skorpiok\/skorpiok-uv-fenyben\/4064\/","og_locale":"hu_HU","og_type":"article","og_title":"A S\u00f6t\u00e9tben rejlik a titok: hogyan \u00e9s mi\u00e9rt vil\u00e1g\u00edtanak a skorpi\u00f3k UV-f\u00e9nyben? &#8211; TerraPlaza magazin","og_description":"A skorpi\u00f3k azon k\u00fcl\u00f6nleges \u00e1llatok k\u00f6z\u00e9 tartoznak, amelyek k\u00e9pesek fluoreszk\u00e1lni UV-f\u00e9ny hat\u00e1s\u00e1ra. Ennek oka, hogy a skorpi\u00f3k kitinje olyan fluoreszcens tulajdons\u00e1gokkal van felruh\u00e1zva, hogy az reakci\u00f3ba l\u00e9p az UV f\u00e9nnyel.","og_url":"https:\/\/terraplaza.com\/magazin\/hu\/izeltlabuak-hu\/pokszabasuak-hu\/skorpiok\/skorpiok-uv-fenyben\/4064\/","og_site_name":"TerraPlaza magazin","article_publisher":"https:\/\/www.facebook.com\/terraplaza","article_author":"https:\/\/www.facebook.com\/profile.php?id=100085996470437","article_published_time":"2023-08-18T19:43:36+00:00","article_modified_time":"2023-11-30T11:35:18+00:00","og_image":[{"width":1944,"height":1944,"url":"https:\/\/terraplaza.com\/magazin\/wp-content\/uploads\/2023\/08\/IMG_20220511_160446-01.jpeg","type":"image\/jpeg"}],"author":"Hegyi Fl\u00f3ra","twitter_card":"summary_large_image","twitter_misc":{"Szerz\u0151:":"Hegyi Fl\u00f3ra","Becs\u00fclt olvas\u00e1si id\u0151":"6 perc"},"schema":{"@context":"https:\/\/schema.org","@graph":[{"@type":"Article","@id":"https:\/\/terraplaza.com\/magazin\/hu\/izeltlabuak-hu\/pokszabasuak-hu\/skorpiok\/skorpiok-uv-fenyben\/4064\/#article","isPartOf":{"@id":"https:\/\/terraplaza.com\/magazin\/hu\/izeltlabuak-hu\/pokszabasuak-hu\/skorpiok\/skorpiok-uv-fenyben\/4064\/"},"author":{"name":"Hegyi Fl\u00f3ra","@id":"https:\/\/terraplaza.com\/magazin\/#\/schema\/person\/5285c1baeff38887a832e75786e8f8c5"},"headline":"A S\u00f6t\u00e9tben rejlik a titok: hogyan \u00e9s mi\u00e9rt vil\u00e1g\u00edtanak a skorpi\u00f3k UV-f\u00e9nyben?","datePublished":"2023-08-18T19:43:36+00:00","dateModified":"2023-11-30T11:35:18+00:00","mainEntityOfPage":{"@id":"https:\/\/terraplaza.com\/magazin\/hu\/izeltlabuak-hu\/pokszabasuak-hu\/skorpiok\/skorpiok-uv-fenyben\/4064\/"},"wordCount":1232,"publisher":{"@id":"https:\/\/terraplaza.com\/magazin\/#organization"},"image":{"@id":"https:\/\/terraplaza.com\/magazin\/hu\/izeltlabuak-hu\/pokszabasuak-hu\/skorpiok\/skorpiok-uv-fenyben\/4064\/#primaryimage"},"thumbnailUrl":"https:\/\/terraplaza.com\/magazin\/wp-content\/uploads\/2023\/08\/IMG_20220511_160446-01.jpeg","keywords":["\u00cdzeltl\u00e1b\u00faak","M\u00e9lyv\u00edz","P\u00f3kszab\u00e1s\u00faak","Skorpi\u00f3k","UV"],"articleSection":["\u00cdzeltl\u00e1b\u00faak","M\u00e9lyv\u00edz","P\u00f3kszab\u00e1s\u00faak","Skorpi\u00f3k"],"inLanguage":"hu"},{"@type":"WebPage","@id":"https:\/\/terraplaza.com\/magazin\/hu\/izeltlabuak-hu\/pokszabasuak-hu\/skorpiok\/skorpiok-uv-fenyben\/4064\/","url":"https:\/\/terraplaza.com\/magazin\/hu\/izeltlabuak-hu\/pokszabasuak-hu\/skorpiok\/skorpiok-uv-fenyben\/4064\/","name":"A S\u00f6t\u00e9tben rejlik a titok: hogyan \u00e9s mi\u00e9rt vil\u00e1g\u00edtanak a skorpi\u00f3k UV-f\u00e9nyben? &#8211; TerraPlaza magazin","isPartOf":{"@id":"https:\/\/terraplaza.com\/magazin\/#website"},"primaryImageOfPage":{"@id":"https:\/\/terraplaza.com\/magazin\/hu\/izeltlabuak-hu\/pokszabasuak-hu\/skorpiok\/skorpiok-uv-fenyben\/4064\/#primaryimage"},"image":{"@id":"https:\/\/terraplaza.com\/magazin\/hu\/izeltlabuak-hu\/pokszabasuak-hu\/skorpiok\/skorpiok-uv-fenyben\/4064\/#primaryimage"},"thumbnailUrl":"https:\/\/terraplaza.com\/magazin\/wp-content\/uploads\/2023\/08\/IMG_20220511_160446-01.jpeg","datePublished":"2023-08-18T19:43:36+00:00","dateModified":"2023-11-30T11:35:18+00:00","description":"A skorpi\u00f3k azon k\u00fcl\u00f6nleges \u00e1llatok k\u00f6z\u00e9 tartoznak, amelyek k\u00e9pesek fluoreszk\u00e1lni UV-f\u00e9ny hat\u00e1s\u00e1ra. Ennek oka, hogy a skorpi\u00f3k kitinje olyan fluoreszcens tulajdons\u00e1gokkal van felruh\u00e1zva, hogy az reakci\u00f3ba l\u00e9p az UV f\u00e9nnyel.","breadcrumb":{"@id":"https:\/\/terraplaza.com\/magazin\/hu\/izeltlabuak-hu\/pokszabasuak-hu\/skorpiok\/skorpiok-uv-fenyben\/4064\/#breadcrumb"},"inLanguage":"hu","potentialAction":[{"@type":"ReadAction","target":["https:\/\/terraplaza.com\/magazin\/hu\/izeltlabuak-hu\/pokszabasuak-hu\/skorpiok\/skorpiok-uv-fenyben\/4064\/"]}]},{"@type":"ImageObject","inLanguage":"hu","@id":"https:\/\/terraplaza.com\/magazin\/hu\/izeltlabuak-hu\/pokszabasuak-hu\/skorpiok\/skorpiok-uv-fenyben\/4064\/#primaryimage","url":"https:\/\/terraplaza.com\/magazin\/wp-content\/uploads\/2023\/08\/IMG_20220511_160446-01.jpeg","contentUrl":"https:\/\/terraplaza.com\/magazin\/wp-content\/uploads\/2023\/08\/IMG_20220511_160446-01.jpeg","width":1944,"height":1944,"caption":"A S\u00f6t\u00e9tben rejlik a titok: hogyan \u00e9s mi\u00e9rt vil\u00e1g\u00edtanak a skorpi\u00f3k UV f\u00e9nyben?"},{"@type":"BreadcrumbList","@id":"https:\/\/terraplaza.com\/magazin\/hu\/izeltlabuak-hu\/pokszabasuak-hu\/skorpiok\/skorpiok-uv-fenyben\/4064\/#breadcrumb","itemListElement":[{"@type":"ListItem","position":1,"name":"Kezd\u0151lap","item":"https:\/\/terraplaza.com\/magazin\/hu\/"},{"@type":"ListItem","position":2,"name":"A S\u00f6t\u00e9tben rejlik a titok: hogyan \u00e9s mi\u00e9rt vil\u00e1g\u00edtanak a skorpi\u00f3k UV-f\u00e9nyben?"}]},{"@type":"WebSite","@id":"https:\/\/terraplaza.com\/magazin\/#website","url":"https:\/\/terraplaza.com\/magazin\/","name":"TerraPlaza magazin","description":"Term\u00e9szet szeretet \u00e9s felel\u0151s \u00e1llattart\u00e1s naprak\u00e9sz inform\u00e1ci\u00f3kkal \u2013 terrarisztika \u00e9s akvarisztika szakport\u00e1l. Hogy kedvenceidnek min\u00e9l boldogabb \u00e9lete legyen.","publisher":{"@id":"https:\/\/terraplaza.com\/magazin\/#organization"},"alternateName":"terrarisztikai szakport\u00e1l","potentialAction":[{"@type":"SearchAction","target":{"@type":"EntryPoint","urlTemplate":"https:\/\/terraplaza.com\/magazin\/?s={search_term_string}"},"query-input":{"@type":"PropertyValueSpecification","valueRequired":true,"valueName":"search_term_string"}}],"inLanguage":"hu"},{"@type":"Organization","@id":"https:\/\/terraplaza.com\/magazin\/#organization","name":"TerraPlaza","url":"https:\/\/terraplaza.com\/magazin\/","logo":{"@type":"ImageObject","inLanguage":"hu","@id":"https:\/\/terraplaza.com\/magazin\/#\/schema\/logo\/image\/","url":"https:\/\/terraplaza.com\/magazin\/wp-content\/uploads\/2023\/07\/Kepernyofoto-2023-07-24-18.20.04.png","contentUrl":"https:\/\/terraplaza.com\/magazin\/wp-content\/uploads\/2023\/07\/Kepernyofoto-2023-07-24-18.20.04.png","width":1502,"height":382,"caption":"TerraPlaza"},"image":{"@id":"https:\/\/terraplaza.com\/magazin\/#\/schema\/logo\/image\/"},"sameAs":["https:\/\/www.facebook.com\/terraplaza"]},{"@type":"Person","@id":"https:\/\/terraplaza.com\/magazin\/#\/schema\/person\/5285c1baeff38887a832e75786e8f8c5","name":"Hegyi Fl\u00f3ra","image":{"@type":"ImageObject","inLanguage":"hu","@id":"https:\/\/terraplaza.com\/magazin\/wp-content\/uploads\/2023\/08\/363462021_274066498714188_4910988042055021383_n-150x150.jpg","url":"https:\/\/terraplaza.com\/magazin\/wp-content\/uploads\/2023\/08\/363462021_274066498714188_4910988042055021383_n-150x150.jpg","contentUrl":"https:\/\/terraplaza.com\/magazin\/wp-content\/uploads\/2023\/08\/363462021_274066498714188_4910988042055021383_n-150x150.jpg","caption":"Hegyi Fl\u00f3ra"},"description":"https:\/\/www.tiktok.com\/@the_buglady","sameAs":["https:\/\/www.facebook.com\/profile.php?id=100085996470437","https:\/\/www.instagram.com\/the_buglady"],"url":"https:\/\/terraplaza.com\/magazin\/author\/hflora\/"}]}},"views":3775,"_links":{"self":[{"href":"https:\/\/terraplaza.com\/magazin\/wp-json\/wp\/v2\/posts\/4064","targetHints":{"allow":["GET"]}}],"collection":[{"href":"https:\/\/terraplaza.com\/magazin\/wp-json\/wp\/v2\/posts"}],"about":[{"href":"https:\/\/terraplaza.com\/magazin\/wp-json\/wp\/v2\/types\/post"}],"author":[{"embeddable":true,"href":"https:\/\/terraplaza.com\/magazin\/wp-json\/wp\/v2\/users\/4"}],"replies":[{"embeddable":true,"href":"https:\/\/terraplaza.com\/magazin\/wp-json\/wp\/v2\/comments?post=4064"}],"version-history":[{"count":12,"href":"https:\/\/terraplaza.com\/magazin\/wp-json\/wp\/v2\/posts\/4064\/revisions"}],"predecessor-version":[{"id":5225,"href":"https:\/\/terraplaza.com\/magazin\/wp-json\/wp\/v2\/posts\/4064\/revisions\/5225"}],"wp:featuredmedia":[{"embeddable":true,"href":"https:\/\/terraplaza.com\/magazin\/wp-json\/wp\/v2\/media\/4071"}],"wp:attachment":[{"href":"https:\/\/terraplaza.com\/magazin\/wp-json\/wp\/v2\/media?parent=4064"}],"wp:term":[{"taxonomy":"category","embeddable":true,"href":"https:\/\/terraplaza.com\/magazin\/wp-json\/wp\/v2\/categories?post=4064"},{"taxonomy":"post_tag","embeddable":true,"href":"https:\/\/terraplaza.com\/magazin\/wp-json\/wp\/v2\/tags?post=4064"}],"curies":[{"name":"wp","href":"https:\/\/api.w.org\/{rel}","templated":true}]}}