{"id":4944,"date":"2023-10-28T11:22:07","date_gmt":"2023-10-28T09:22:07","guid":{"rendered":"https:\/\/terraplaza.com\/magazin\/?p=4944"},"modified":"2024-01-29T20:40:20","modified_gmt":"2024-01-29T19:40:20","slug":"az-elet-konyvenek-lapjai-fajok-kihalasa-a-modern-korban","status":"publish","type":"post","link":"https:\/\/terraplaza.com\/magazin\/hu\/melyviz-hu\/az-elet-konyvenek-lapjai-fajok-kihalasa-a-modern-korban\/4944\/","title":{"rendered":"Az \u00e9let k\u00f6nyv\u00e9nek lapjai: fajok kihal\u00e1sa a modern korban"},"content":{"rendered":"\n<p><strong>A F\u00f6ld egy hatalmas, \u00f6sszef\u00fcgg\u0151 rendszer, amelyben minden \u00e9l\u0151l\u00e9nynek \u00e9s fajnak megvan a szerepe. Sajnos azonban \u00e9vr\u0151l \u00e9vre tal\u00e1lkozhatunk kihal\u00f3 fajokkal, vagy a kihal\u00e1s sz\u00e9l\u00e9re sodr\u00f3dott \u00e1llatokkal. Ez valamilyen szinten a term\u00e9szetes rendszer r\u00e9sze, azonban az ut\u00f3bbi \u00e9vsz\u00e1zadokban-\u00e9vtizedekben jelent\u0151sen megn\u00f6vekedett az emberi tev\u00e9kenys\u00e9g \u00e1ltal, vagy hozz\u00e1j\u00e1rul\u00e1s\u00e1val bek\u00f6vetkezett kihal\u00e1sok sz\u00e1ma. Sokszor el sem jut hozz\u00e1nk egy-egy faj seg\u00e9lyki\u00e1lt\u00e1sa, miel\u0151tt m\u00e9g id\u0151ben cselekedni lehetne. \u00c9s ha nem is olyan szembet\u0171n\u0151 a v\u00e1ltoz\u00e1s, minden \u00f6kosziszt\u00e9m\u00e1ra hat\u00e1ssal van egy-egy faj elt\u0171n\u00e9se. Sokszor tal\u00e1n nem is foglalkozunk a messzi f\u00f6ld\u00f6n elpusztult fajokkal, hiszen ez minket k\u00f6zvetlen\u00fcl nem \u00e9rint, azonban nem \u00e9rdemes elbagatelliz\u00e1lni a t\u00e9m\u00e1t, mert a kicsik is biztosan hat\u00e1ssal lesznek a nagy eg\u00e9szre.<\/strong><\/p>\n\n\n\n<h2 class=\"wp-block-heading\">Mi az a term\u00e9szetes szelekci\u00f3?<\/h2>\n\n\n\n<p>Az emberis\u00e9g fant\u00e1zi\u00e1j\u00e1t m\u00e1r a 16. sz\u00e1zad \u00f3ta izgatt\u00e1k a k\u00fcl\u00f6nb\u00f6z\u0151 k\u00f6v\u00fcletek, azok m\u00faltja \u00e9s mibenl\u00e9te. Ezeket a maradv\u00e1nyokat eleinte hatalmas \u00e1rvizek nyomaik\u00e9nt tudt\u00e1k elk\u00e9pzelni, amely hozz\u00e1j\u00e1rult a teremt\u00e9s szakaszos elm\u00e9let\u00e9nek kialakul\u00e1s\u00e1hoz. Az elm\u00e9let azt \u00e1ll\u00edtotta, hogy Isten t\u00f6bb alkalommal is \u00f6z\u00f6nv\u00edzzel s\u00fajtotta a F\u00f6ldet \u00e9s minden alkalommal \u00faj \u00e9l\u0151l\u00e9nyeket teremtett. A fajok \u00e9s a fajgazdags\u00e1g \u00e1talakul\u00e1s\u00e1nak elm\u00e9let\u00e9t el\u0151sz\u00f6r Jean-Baptiste Lamarck fogalmazta meg a 19. sz\u00e1zadban, majd az \u0151t k\u00f6vet\u0151 darwini evol\u00faci\u00f3s elm\u00e9let t\u00e9rh\u00f3d\u00edt\u00e1s\u00e1val megfeledkeztek az \u00f6z\u00f6nvizek t\u00f6rt\u00e9net\u00e9r\u0151l. A term\u00e9szetes szelekci\u00f3 egy olyan folyamat, amely a popul\u00e1ci\u00f3k szerves r\u00e9sz\u00e9t k\u00e9pezi, \u00e9s hozz\u00e1j\u00e1rul vil\u00e1gunk folytonos v\u00e1ltoz\u00e1saihoz. A folyamat sor\u00e1n az az organizmus marad \u00e9letben, amely el\u0151ny\u00f6sebb tulajdons\u00e1gokkal rendelkezik a t\u00fal\u00e9l\u00e9s szempontj\u00e1b\u00f3l. Vagyis nagyobb es\u00e9llyel marad \u00e9letben \u00e9s szaporodik, mint azok az egyedek, amelyek kev\u00e9sb\u00e9 el\u0151ny\u00f6s tulajdons\u00e1gokkal rendelkeznek. A szelekci\u00f3s folyamatot adapt\u00e1ci\u00f3nak, a szelekci\u00f3s folyamat sor\u00e1n keletkezett tulajdons\u00e1gokat adapt\u00edv tulajdons\u00e1gnak nevezz\u00fck.<\/p>\n\n\n\n<figure class=\"wp-block-image size-full\"><img fetchpriority=\"high\" decoding=\"async\" width=\"610\" height=\"343\" src=\"https:\/\/terraplaza.com\/magazin\/wp-content\/uploads\/2023\/10\/MK1.png\" alt=\"\" class=\"wp-image-4952\" srcset=\"https:\/\/terraplaza.com\/magazin\/wp-content\/uploads\/2023\/10\/MK1.png 610w, https:\/\/terraplaza.com\/magazin\/wp-content\/uploads\/2023\/10\/MK1-300x169.png 300w, https:\/\/terraplaza.com\/magazin\/wp-content\/uploads\/2023\/10\/MK1-150x84.png 150w, https:\/\/terraplaza.com\/magazin\/wp-content\/uploads\/2023\/10\/MK1-450x253.png 450w\" sizes=\"(max-width: 610px) 100vw, 610px\" \/><figcaption class=\"wp-element-caption\">Charles Darwin, az Evol\u00faci\u00f3 elm\u00e9let\u00e9nek megalkot\u00f3ja [1]<\/figcaption><\/figure>\n\n\n\n<h2 class=\"wp-block-heading\">Milyen m\u00f3don j\u00e1rulunk hozz\u00e1 a fajok elt\u0171n\u00e9s\u00e9hez?<\/h2>\n\n\n\n<p>Az ipari forradalom volt annak a gazdas\u00e1gi \u00e9s technol\u00f3giai v\u00e1ltoz\u00e1snak a kezdete, amely 1769 \u00e9s 1850 k\u00f6z\u00f6tt el\u0151sz\u00f6r Nagy-Britanni\u00e1ban, majd Eur\u00f3pa \u00e9s \u00c9szak-Amerika egyes ter\u00fcletein ment v\u00e9gbe. Ekkoriban tal\u00e1lt\u00e1k fel a g\u0151zhajt\u00e1s\u00fa haj\u00f3kat \u00e9s a g\u0151zvasutat, amelyek bevezet\u00e9se \u00fajabb lend\u00fcletet adott a rohamos fejl\u0151d\u00e9shez. A 19. sz\u00e1zadban \u00fajabb v\u00e1ltoz\u00e1sok indultak el, amelyek m\u00e1r glob\u00e1lis szinten hatottak az emberis\u00e9g fejl\u0151d\u00e9s\u00e9re. A popul\u00e1ci\u00f3 n\u00f6veked\u00e9s\u00e9vel p\u00e1rhuzamosan egyre nagyobb ter\u00fcleteket voltunk k\u00e9nytelenek elszak\u00edtani a term\u00e9szett\u0151l, vagy a nyersanyag kitermel\u00e9s miatt, vagy ak\u00e1r \u00e9p\u00edtkez\u00e9s, terjeszked\u00e9s c\u00e9lj\u00e1b\u00f3l. Teh\u00e1t az emberi tev\u00e9kenys\u00e9g \u00e1ltal folyamatosan cs\u00f6kken bizonyos fajoknak az \u00e9l\u0151helye, amely nagyban hozz\u00e1j\u00e1rulhat kihal\u00e1sukhoz. Ez jelenleg is egy akt\u00edv probl\u00e9ma. Ezen fel\u00fcl sz\u00e1mos olyan faj van, amelyek egyedeit korl\u00e1tok n\u00e9lk\u00fcl t\u00falhal\u00e1ssz\u00e1k, vagy t\u00falvad\u00e1ssz\u00e1k. Sok olyan tr\u00f3pusi ter\u00fclet van, ahol napjainkban is \u00e9get\u0151 probl\u00e9m\u00e1t jelent az orvvad\u00e1szat, amivel nagyon neh\u00e9z felvenni a harcot. Mindezek mellett a k\u00f6rnyezetszennyez\u00e9sr\u0151l se feledkezz\u00fcnk meg. Hab\u00e1r rengeteg faj van, ami k\u00e9pes volt alkalmazkodni jelenleg v\u00e1ltoz\u00f3 vil\u00e1gunkhoz, sajnos nem mindegyik\u00fck mondhatja mag\u00e1t ilyen szerencs\u00e9snek.&nbsp;<\/p>\n\n\n\n<figure class=\"wp-block-image size-full\"><img decoding=\"async\" width=\"605\" height=\"348\" src=\"https:\/\/terraplaza.com\/magazin\/wp-content\/uploads\/2023\/10\/MK2.png\" alt=\"\" class=\"wp-image-4951\" srcset=\"https:\/\/terraplaza.com\/magazin\/wp-content\/uploads\/2023\/10\/MK2.png 605w, https:\/\/terraplaza.com\/magazin\/wp-content\/uploads\/2023\/10\/MK2-300x173.png 300w, https:\/\/terraplaza.com\/magazin\/wp-content\/uploads\/2023\/10\/MK2-150x86.png 150w, https:\/\/terraplaza.com\/magazin\/wp-content\/uploads\/2023\/10\/MK2-450x259.png 450w\" sizes=\"(max-width: 605px) 100vw, 605px\" \/><figcaption class=\"wp-element-caption\">Az orrvvad\u00e1szat a mai napig s\u00falyos probl\u00e9ma [2]<\/figcaption><\/figure>\n\n\n\n<p>A legf\u0151bb k\u00f6rnyezetv\u00e9delmi probl\u00e9m\u00e1k k\u00f6z\u00e9 tartozik a m\u0171anyagszennyez\u00e9s, amely \u00f6kol\u00f3giailag hatalmas fenyeget\u00e9st jelent a bolyg\u00f3 sz\u00e1m\u00e1ra \u00e9s nagyban hozz\u00e1j\u00e1rul a glob\u00e1lis felmeleged\u00e9s gyorsul\u00e1s\u00e1hoz. A m\u0171anyag gyakorlatilag m\u00e1r mindenhol jelen van a F\u00f6ld\u00f6n. Sz\u00e1mszer\u0171s\u00edtve a probl\u00e9m\u00e1t m\u00e1r 1978-ra t\u00f6bb m\u0171anyagot gy\u00e1rtottunk, mint ac\u00e9lt, amihez nagyban hozz\u00e1j\u00e1rultak a vil\u00e1gh\u00e1bor\u00fak, amikor elkezdtek m\u0171anyag boxokban sz\u00e1ll\u00edtani k\u00fcl\u00f6nb\u00f6z\u0151 eszk\u00f6z\u00f6ket, p\u00e9ld\u00e1ul t\u00f6lt\u00e9nyeket. A h\u00e1bor\u00fak v\u00e9gezt\u00e9vel \u00faj szerepet kaptak a csomagol\u00e1sok, \u00e9lelmiszer-sz\u00e1ll\u00edt\u00e1s \u00e9s t\u00e1rol\u00e1s form\u00e1j\u00e1ban [3]. Napjainkban kb. 400.000.000 tonna m\u0171anyagot termel\u00fcnk \u00e9ves szinten, \u00e9s t\u00f6bb mint 8 milli\u00f3 tonna m\u0171anyag ker\u00fcl ebb\u0151l az \u00f3ce\u00e1nokba [4]. Ezek a m\u0171anyagok, amelyeknek felez\u00e9si ideje kb. 400-500 \u00e9v, id\u0151vel \u00e1talakulnak: apr\u00f3z\u00f3dnak, \u00fagynevezett \u201emikrom\u0171anyagok\u201d keletkeznek bel\u0151l\u00fck, \u00edgy beker\u00fclnek a t\u00e1pl\u00e1l\u00e9kl\u00e1ncba [5]. A m\u0171anyag jelenleg t\u00f6bb mint 1200 tengeri fajt fenyeget \u00e9s sodor a kihal\u00e1s sz\u00e9l\u00e9re. Azonban mi is k\u00f6zvetett vesz\u00e9lynek vagyunk kit\u00e9ve, ugyanis ezek a mikrom\u0171anyagok m\u00e1r az \u00e9telekben \u00e9s az iv\u00f3v\u00edzben is jelen vannak. De amellett a t\u00e9ny mellett sem szabad elmenni, hogy ezek sejtszinten k\u00e9pesek be\u00e9p\u00fclni, \u00e9s nagyj\u00e1b\u00f3l heti 5 gramm m\u0171anyag jut a szervezet\u00fcnkbe [6] [7].&nbsp;<\/p>\n\n\n\n<figure class=\"wp-block-image size-full\"><img decoding=\"async\" width=\"942\" height=\"538\" src=\"https:\/\/terraplaza.com\/magazin\/wp-content\/uploads\/2023\/10\/MK3.png\" alt=\"\" class=\"wp-image-4950\" srcset=\"https:\/\/terraplaza.com\/magazin\/wp-content\/uploads\/2023\/10\/MK3.png 942w, https:\/\/terraplaza.com\/magazin\/wp-content\/uploads\/2023\/10\/MK3-300x171.png 300w, https:\/\/terraplaza.com\/magazin\/wp-content\/uploads\/2023\/10\/MK3-768x439.png 768w, https:\/\/terraplaza.com\/magazin\/wp-content\/uploads\/2023\/10\/MK3-150x86.png 150w, https:\/\/terraplaza.com\/magazin\/wp-content\/uploads\/2023\/10\/MK3-450x257.png 450w\" sizes=\"(max-width: 942px) 100vw, 942px\" \/><figcaption class=\"wp-element-caption\"> glob\u00e1lis m\u0171anyagtermel\u00e9s 1950-t\u0151l napjainkig [8]<\/figcaption><\/figure>\n\n\n\n<h2 class=\"wp-block-heading\">N\u00e9zz\u00fcnk meg n\u00e9h\u00e1ny olyan fajt, amely az elm\u00falt n\u00e9h\u00e1ny \u00e9vben t\u0171nt el:<\/h2>\n\n\n\n<hr class=\"wp-block-separator has-alpha-channel-opacity is-style-wide\"\/>\n\n\n\n<h3 class=\"wp-block-heading\"><em>Oophaga speciosa (Kihaltnak nyilv\u00e1n\u00edtva: 2020)&nbsp;<\/em><\/h3>\n\n\n\n<figure class=\"wp-block-image size-large\"><img loading=\"lazy\" decoding=\"async\" width=\"1024\" height=\"685\" src=\"https:\/\/terraplaza.com\/magazin\/wp-content\/uploads\/2023\/10\/MK4-1024x685.png\" alt=\"\" class=\"wp-image-4949\" srcset=\"https:\/\/terraplaza.com\/magazin\/wp-content\/uploads\/2023\/10\/MK4-1024x685.png 1024w, https:\/\/terraplaza.com\/magazin\/wp-content\/uploads\/2023\/10\/MK4-300x201.png 300w, https:\/\/terraplaza.com\/magazin\/wp-content\/uploads\/2023\/10\/MK4-768x514.png 768w, https:\/\/terraplaza.com\/magazin\/wp-content\/uploads\/2023\/10\/MK4-150x100.png 150w, https:\/\/terraplaza.com\/magazin\/wp-content\/uploads\/2023\/10\/MK4-450x301.png 450w, https:\/\/terraplaza.com\/magazin\/wp-content\/uploads\/2023\/10\/MK4-1200x803.png 1200w, https:\/\/terraplaza.com\/magazin\/wp-content\/uploads\/2023\/10\/MK4.png 1406w\" sizes=\"(max-width: 1024px) 100vw, 1024px\" \/><figcaption class=\"wp-element-caption\">Oophaga speciosa [10]<\/figcaption><\/figure>\n\n\n\n<p>Ez a pomp\u00e1s kin\u00e9zet\u0171 ny\u00edlm\u00e9regb\u00e9ka Nyugat-Panama nedves alf\u00f6ldjein \u00e9s hegyvid\u00e9ki erd\u0151iben \u00e9lt valaha. 2020-ban d\u0151lt el a faj sorsa, amikor a Term\u00e9szetv\u00e9delmi Vil\u00e1gsz\u00f6vets\u00e9g a kihalt \u00e1llatfajok k\u00f6z\u00e9 sorolta a b\u00e9k\u00e1t.&nbsp; Ellent\u00e9tben n\u00e9h\u00e1ny fajjal, amelyek kiz\u00e1r\u00f3lag term\u00e9szethez k\u00f6thet\u0151 okok miatt haltak ki, ennek az \u00e1llatnak a kihal\u00e1sa nagyr\u00e9szt az emberi tev\u00e9kenys\u00e9geknek k\u00f6sz\u00f6nhet\u0151.<\/p>\n\n\n\n<p>\u00c9l\u0151hely\u00e9nek degrad\u00e1ci\u00f3ja \u00e9s az erd\u0151irt\u00e1s nagyban vesz\u00e9lyeztette a faj fennmarad\u00e1s\u00e1t, \u00e9s v\u00e9g\u00fcl elt\u0171n\u00e9s\u00fckh\u00f6z vezetett. Ezen k\u00edv\u00fcl a kutat\u00f3k \u00fagy v\u00e9lik, hogy egy 1996-ban felbukkan\u00f3 gombaj\u00e1rv\u00e1ny &#8211; a citridgomba &#8211; is hozz\u00e1j\u00e1rult az \u00e1llatok sors\u00e1nak megpecs\u00e9tel\u00e9s\u00e9hez [10].<\/p>\n\n\n\n<hr class=\"wp-block-separator has-alpha-channel-opacity is-style-wide\"\/>\n\n\n\n<h3 class=\"wp-block-heading\"><em>Chelonoidis nigra abingdonii (Kihaltnak nyilv\u00e1n\u00edtva: 2017)<\/em><\/h3>\n\n\n\n<figure class=\"wp-block-image size-full is-resized\"><img loading=\"lazy\" decoding=\"async\" width=\"610\" height=\"320\" src=\"https:\/\/terraplaza.com\/magazin\/wp-content\/uploads\/2023\/10\/MK5.png\" alt=\"\" class=\"wp-image-4948\" style=\"aspect-ratio:1.90625;width:780px;height:auto\" srcset=\"https:\/\/terraplaza.com\/magazin\/wp-content\/uploads\/2023\/10\/MK5.png 610w, https:\/\/terraplaza.com\/magazin\/wp-content\/uploads\/2023\/10\/MK5-300x157.png 300w, https:\/\/terraplaza.com\/magazin\/wp-content\/uploads\/2023\/10\/MK5-150x79.png 150w, https:\/\/terraplaza.com\/magazin\/wp-content\/uploads\/2023\/10\/MK5-450x236.png 450w\" sizes=\"(max-width: 610px) 100vw, 610px\" \/><figcaption class=\"wp-element-caption\">\u201eLonesome George\u201d, az utols\u00f3 tekn\u0151s [11]<\/figcaption><\/figure>\n\n\n\n<p>A Pinta-szigeti tekn\u0151s a gal\u00e1pagosi tekn\u0151s\u00f6k egyik alfaja, amely az ecuadori Pinta-szigeten volt \u0151shonos. A szel\u00edd \u00f3ri\u00e1s el\u0151szeretettel fogyasztott kaktuszp\u00e1rn\u00e1kat, \u00e9s naponta ak\u00e1r 16 \u00f3r\u00e1t is tudott aludni. Ak\u00e1r 6 h\u00f3napig is k\u00e9pes volt v\u00edz \u00e9s \u00e9lelem n\u00e9lk\u00fcl t\u00fal\u00e9lni, azonban \u00fagy n\u00e9z ki, ez is kev\u00e9s volt a faj fennmarad\u00e1s\u00e1hoz. Ennek oka, hogy az \u00e1llat kedvelt \u00e9lelemforr\u00e1s\u00e1v\u00e1 v\u00e1lt a szigeten \u00e9l\u0151 hal\u00e1szoknak, ami a 19. sz\u00e1zad v\u00e9g\u00e9re elk\u00e9peszt\u0151 m\u00e9rt\u00e9kben lecs\u00f6kkentette popul\u00e1ci\u00f3jukat. Tulajdonk\u00e9ppen m\u00e1r akkor a kihal\u00e1s sz\u00e9l\u00e9re sodr\u00f3dtak. Az utols\u00f3 h\u00edm p\u00e9ld\u00e1nyt 1971-ben fedezt\u00e9k fel, amit a kutat\u00f3k megpr\u00f3b\u00e1ltak bep\u00e1roztatni m\u00e1s alfajok n\u0151st\u00e9nyeivel, viszont a k\u00eds\u00e9rlet kudarcba fulladt. 2012-ben, t\u00f6bb mint 100 \u00e9vesen v\u00e9g\u00fcl az utols\u00f3 p\u00e9ld\u00e1ny is elpusztult. Hal\u00e1l\u00e1val a fajt hivatalosan is a kihalt fajok list\u00e1j\u00e1hoz sorolt\u00e1k.<\/p>\n\n\n\n<p>2020-ban a kutat\u00f3k a Gal\u00e1pagos-szigetl\u00e1nc r\u00e9sz\u00e9t k\u00e9pez\u0151 Isabella-szigeten olyan tekn\u0151s\u00f6ket fedeztek fel, amelyek g\u00e9njei k\u00f6z\u00f6sek a Pinta-szigeti tekn\u0151s\u00e9vel. Ez a felfedez\u00e9s utat nyitott annak, hogy l\u00e9trehozzanak egy teny\u00e9szt\u00e9si programot, amely keretein bel\u00fcl, hab\u00e1r nem t\u00f6k\u00e9letes form\u00e1ban, de k\u00e9pesek visszatelep\u00edteni a szigetre a tekn\u0151s\u00f6ket [11].<\/p>\n\n\n\n<hr class=\"wp-block-separator has-alpha-channel-opacity is-style-wide\"\/>\n\n\n\n<h3 class=\"wp-block-heading\"><em>Achatinella apexfulva (Kihaltnak nyilv\u00e1n\u00edtva: 2019)<\/em><\/h3>\n\n\n\n<figure class=\"wp-block-image size-large\"><img loading=\"lazy\" decoding=\"async\" width=\"1024\" height=\"769\" src=\"https:\/\/terraplaza.com\/magazin\/wp-content\/uploads\/2023\/10\/MK6-1024x769.jpg\" alt=\"\" class=\"wp-image-4947\" srcset=\"https:\/\/terraplaza.com\/magazin\/wp-content\/uploads\/2023\/10\/MK6-1024x769.jpg 1024w, https:\/\/terraplaza.com\/magazin\/wp-content\/uploads\/2023\/10\/MK6-300x225.jpg 300w, https:\/\/terraplaza.com\/magazin\/wp-content\/uploads\/2023\/10\/MK6-768x576.jpg 768w, https:\/\/terraplaza.com\/magazin\/wp-content\/uploads\/2023\/10\/MK6-150x113.jpg 150w, https:\/\/terraplaza.com\/magazin\/wp-content\/uploads\/2023\/10\/MK6-450x338.jpg 450w, https:\/\/terraplaza.com\/magazin\/wp-content\/uploads\/2023\/10\/MK6-1200x901.jpg 1200w, https:\/\/terraplaza.com\/magazin\/wp-content\/uploads\/2023\/10\/MK6.jpg 1391w\" sizes=\"(max-width: 1024px) 100vw, 1024px\" \/><figcaption class=\"wp-element-caption\">\u201eLonely George\u201d, a mag\u00e1nyos facsiga [12]<\/figcaption><\/figure>\n\n\n\n<p>Az <em>Achatinella apexfulva<\/em> utols\u00f3 \u00e9l\u0151 p\u00e9ld\u00e1nya George, a mag\u00e1nyos csiga n\u00e9ven v\u00e1lt ismertt\u00e9. \u00d6sszesen 14 \u00e9vig \u00e9lt, ami a faj eset\u00e9ben meglep\u0151en magas \u00e9letkornak sz\u00e1m\u00edt. George a 2000-es \u00e9vek elej\u00e9n sz\u00fcletett a M\u0101noai Egyetem fogs\u00e1gban tartott teny\u00e9szet\u00e9ben, amely Hawaiin tal\u00e1lhat\u00f3. Nem sokkal k\u00e9s\u0151bb az \u00f6sszes fogs\u00e1gban tartott t\u00e1rsa elpusztult, egyed\u00fcl \u0151 maradt \u00e9letben. A kutat\u00f3k t\u00f6bb mint egy \u00e9vtizeden kereszt\u00fcl pr\u00f3b\u00e1ltak neki p\u00e1rt keresni, azonban nem j\u00e1rtak sikerrel. A csig\u00e1k valaha elk\u00e9peszt\u0151en nagy sz\u00e1mban \u00e9ltek Hawaiin, \u00e9s egy faj kipusztul\u00e1sa csap\u00e1sk\u00e9nt \u00e9rte az \u00f6kosziszt\u00e9m\u00e1t. A 19. sz\u00e1zadb\u00f3l sz\u00e1rmaz\u00f3 feljegyz\u00e9sek alapj\u00e1n olyan sokan voltak, hogy egyetlen nap alatt 10.000 vagy ann\u00e1l is t\u00f6bb csigah\u00e1zat lehetett \u00f6sszegy\u0171jteni. Egykor t\u00f6bb mint 750 sz\u00e1razf\u00f6ldi csigafaj n\u00e9pes\u00edtette be Hawaiit, k\u00f6z\u00fcl\u00fck kicsit t\u00f6bb mint 200 faj a facsig\u00e1k k\u00f6z\u00e9 tartozott. Napjainkban is \u00e9rezhet\u0151 a hi\u00e1nyuk a szigeten, ugyanis \u0151k tartott\u00e1k kontroll alatt a n\u00f6v\u00e9nyek \u00e9l\u0151sk\u00f6d\u0151 gomb\u00e1it. Egy p\u00e1r \u00e9ve megjelent, de a mai napig is akt\u00edvan terjed\u0151 k\u00f3rokoz\u00f3 gomba a ROD, azaz Rapid \u02bb\u014chi\u02bba Death (gyors \u02bb\u014chi\u02bba hal\u00e1l) az \u0151shonos f\u00e1kat t\u00e1madja. Ha a csig\u00e1k tov\u00e1bbra is jelen lenn\u00e9nek a szigeten, val\u00f3sz\u00edn\u0171leg megel\u0151zhet\u0151 lett volna ez a j\u00e1rv\u00e1ny [12].<\/p>\n\n\n\n<hr class=\"wp-block-separator has-alpha-channel-opacity is-style-wide\"\/>\n\n\n\n<h3 class=\"wp-block-heading\"><em>Chioninia coctei (Kihaltnak nyilv\u00e1n\u00edtva: 2013)<\/em><\/h3>\n\n\n\n<figure class=\"wp-block-image size-full\"><img loading=\"lazy\" decoding=\"async\" width=\"886\" height=\"558\" src=\"https:\/\/terraplaza.com\/magazin\/wp-content\/uploads\/2023\/10\/MK7.jpg\" alt=\"\" class=\"wp-image-4946\" srcset=\"https:\/\/terraplaza.com\/magazin\/wp-content\/uploads\/2023\/10\/MK7.jpg 886w, https:\/\/terraplaza.com\/magazin\/wp-content\/uploads\/2023\/10\/MK7-300x189.jpg 300w, https:\/\/terraplaza.com\/magazin\/wp-content\/uploads\/2023\/10\/MK7-768x484.jpg 768w, https:\/\/terraplaza.com\/magazin\/wp-content\/uploads\/2023\/10\/MK7-150x94.jpg 150w, https:\/\/terraplaza.com\/magazin\/wp-content\/uploads\/2023\/10\/MK7-450x283.jpg 450w\" sizes=\"(max-width: 886px) 100vw, 886px\" \/><figcaption class=\"wp-element-caption\">\u00c1br\u00e1zol\u00e1s a fajr\u00f3l 1885-b\u0151l<\/figcaption><\/figure>\n\n\n\n<p>Az \u00f3ri\u00e1s szkinkek a Z\u00f6ld-foki szigetvil\u00e1g endemikus fajai k\u00f6z\u00e9 tartoztak. \u00c9let\u00fck azonban sosem volt egyszer\u0171. A portug\u00e1l h\u00f3d\u00edt\u00f3k 1461-es \u00e9rkez\u00e9s\u00e9t k\u00f6vet\u0151en \u00faj, invaz\u00edv fajok telepedtek meg a ter\u00fcleten, p\u00e9ld\u00e1ul egerek \u00e9s kuty\u00e1k, amelyek nagyban hozz\u00e1j\u00e1rultak a popul\u00e1ci\u00f3 cs\u00f6kken\u00e9s\u00e9hez. A t\u00f6rt\u00e9nelmi feljegyz\u00e9sek alapj\u00e1n a telepesek id\u0151nk\u00e9nt fogyasztottak a szkinkekb\u0151l, azonban nem olyan gyakran, mint a partmenti madarakb\u00f3l [13]. Az 1780-as feljegyz\u00e9sek szerint akkoriban a sziget lak\u00f3i a gy\u00edkok b\u0151r\u00e9t cip\u0151k k\u00e9sz\u00edt\u00e9s\u00e9hez haszn\u00e1lt\u00e1k, de zs\u00edrjukat gy\u00f3gyszerk\u00e9nt is forgalmazt\u00e1k [14]. 1833 ut\u00e1n m\u00e1r nem nagyon tal\u00e1lkoztak a fajjal eg\u00e9szen 1874-es \u201e\u00fajrafelfedez\u00e9s\u00fckig\u201d. Az \u00e1llat ritkas\u00e1ga, nagy m\u00e9rete \u00e9s bar\u00e1ts\u00e1gos viselked\u00e9se miatt k\u00f6zkedveltt\u00e9 v\u00e1lt a gy\u0171jt\u0151k, \u00e1llatkertek \u00e9s m\u00fazeumok k\u00f6reiben, \u00edgy 1896-ra ism\u00e9t att\u00f3l tartottak, hogy a faj a kihal\u00e1s sz\u00e9l\u00e9re sodr\u00f3dik. <\/p>\n\n\n\n<p>Fogs\u00e1gban nem siker\u00fclt szapor\u00edtani a szkinkeket, \u00e9s a 20. sz\u00e1zad elej\u00e9re \u00e1ltal\u00e1nosan elfogadott felt\u00e9telez\u00e9s volt az, hogy az \u00f3ri\u00e1s szkink a kihal\u00e1s k\u00fcsz\u00f6b\u00e9n \u00e1ll. 1915-ben a Z\u00f6ld-foki szigetek kol\u00f3ni\u00e1j\u00e1nak egyik tisztvisel\u0151je lev\u00e9lben t\u00e1j\u00e9koztatta a Lisszaboni M\u00fazeumot, hogy Santo Ant\u00e3o hal\u00e1szai szabadon engedtek n\u00e9h\u00e1ny kuty\u00e1t, amelyek kiv\u00e9gezt\u00e9k az utols\u00f3 \u00e1llatokat. N\u00e9h\u00e1ny p\u00e9ld\u00e1ny az els\u0151 vil\u00e1gh\u00e1bor\u00fa \u00e9s a k\u00e9t vil\u00e1gh\u00e1bor\u00fa k\u00f6z\u00f6tti id\u0151szak okozta tov\u00e1bbi neh\u00e9zs\u00e9gek ellen\u00e9re is \u00e9letben maradt a n\u00e9met \u00e9s osztr\u00e1k-magyar \u00e1llatkertek, illetve gy\u0171jt\u0151k birtok\u00e1ban, am\u00edg a fajt 1940-ben kihaltnak nyilv\u00e1n\u00edtott\u00e1k [13]. 1985-ben \u00e1ll\u00edt\u00f3lag l\u00e1ttak egy p\u00e9ld\u00e1nyt Branc\u00f3ban, de az 1990-es \u00e9vekben t\u00f6bb exped\u00edci\u00f3 alatt egyet sem tal\u00e1ltak [14]. 1996-ban az IUCN v\u00f6r\u00f6s list\u00e1ja kihaltnak min\u0151s\u00edtette. 2005-ben azt \u00e1ll\u00edtott\u00e1k, hogy egy fiatal \u00e1llat \u00e1llkapcs\u00e1t v\u00e9lt\u00e9k felfedezni egy Santa Luzia-i vadmacska\u00fcr\u00fcl\u00e9kben, azonban a sziget 2006-os felm\u00e9r\u00e9se sor\u00e1n sem tal\u00e1ltak megmaradt szkinkeket. V\u00e9g\u00fcl 2013-ban v\u00e9gleg kihaltnak nyilv\u00e1n\u00edtott\u00e1k a fajt [15].&nbsp;<\/p>\n\n\n\n<hr class=\"wp-block-separator has-alpha-channel-opacity is-style-wide\"\/>\n\n\n\n<h3 class=\"wp-block-heading\">A Lanao t\u00f3 halai (Kihaltnak nyilv\u00e1n\u00edtva: 2020)<\/h3>\n\n\n\n<figure class=\"wp-block-image size-full\"><img loading=\"lazy\" decoding=\"async\" width=\"470\" height=\"420\" src=\"https:\/\/terraplaza.com\/magazin\/wp-content\/uploads\/2023\/10\/MK8.png\" alt=\"\" class=\"wp-image-4945\" srcset=\"https:\/\/terraplaza.com\/magazin\/wp-content\/uploads\/2023\/10\/MK8.png 470w, https:\/\/terraplaza.com\/magazin\/wp-content\/uploads\/2023\/10\/MK8-300x268.png 300w, https:\/\/terraplaza.com\/magazin\/wp-content\/uploads\/2023\/10\/MK8-150x134.png 150w, https:\/\/terraplaza.com\/magazin\/wp-content\/uploads\/2023\/10\/MK8-450x402.png 450w\" sizes=\"(max-width: 470px) 100vw, 470px\" \/><\/figure>\n\n\n\n<p>A Lanao-t\u00f3 a F\u00fcl\u00f6p-szigetek egyik legnagyobb tava, amely sz\u00e1mos endemikus fajnak adott valaha otthont. Az itt \u0151shonos 17 pontyf\u00e9le k\u00f6z\u00fcl m\u00e1ra m\u00e1r 15-\u00f6t kihaltnak nyilv\u00e1n\u00edtottak, de a fennmarad\u00f3 k\u00e9t faj is val\u00f3sz\u00edn\u0171leg m\u00e1r kihalt. Ennek legf\u0151bb oka, hogy a tavat a betelep\u00edtett, invaz\u00edv fajok uralj\u00e1k, amelyekkel az \u0151shonos fajok k\u00e9ptelenek voltak felvenni a versenyt.<\/p>\n\n\n\n<p>A 15 kihalt faj list\u00e1ja: <em>Barbodes amarus, Barbodes baoulan, Barbodes clemensi, Barbodes disa, Barbodes flavifuscus, Barbodes herrei, Barbodes katolo, Barbodes lanaoensis, Barbodes manalak, Barbodes pachycheilus, Barbodes palaemophagus, Barbodes palata, Barbodes resimus, Barbodes tras \u00e9s Barbodes truncatalus.<\/em><\/p>\n\n\n\n<p>A F\u00fcl\u00f6p-szigeteki foly\u00f3kban \u00e9s tavakban teny\u00e9sz\u0151 egyik legpuszt\u00edt\u00f3bb invaz\u00edv genusz a <em>Pangasius<\/em>, amely az \u0151shonos halakat fogyasztja el t\u00e1pl\u00e1l\u00e9kk\u00e9nt. Ek\u00f6zben a til\u00e1pia (<em>Oreochromis niloticus<\/em>), amely szint\u00e9n invaz\u00edv fajnak sz\u00e1m\u00edt, az \u0151shonos fajokkal veszi fel a versenyt a t\u00e1pl\u00e1l\u00e9k\u00e9rt [9].<\/p>\n\n\n\n<p><\/p>\n\n\n\n<figure class=\"wp-block-pullquote\"><blockquote><p>A felsorol\u00e1s a teljess\u00e9g ig\u00e9nye n\u00e9lk\u00fcl k\u00e9sz\u00fclt, olyan \u00e1llatokkal, amelyek valamelyest k\u00f6t\u0151dnek a terrarisztik\u00e1hoz. Rajtuk k\u00edv\u00fcl is sz\u00e1mos olyan faj van, amik az elm\u00falt \u00e9vekben, \u00e9vtizedekben haltak ki. <br>Biztosan rengeteg olyan faj is elt\u0171nt m\u00e1r, amelyek m\u00e9g a tudom\u00e1ny sz\u00e1m\u00e1ra ismeretlenek voltak. Pr\u00f3b\u00e1ljunk vigy\u00e1zni k\u00f6rnyezet\u00fcnkre, \u00e9s azokat a m\u00e9g \u00e9l\u0151 \u00e1llatokat meg\u00f3vni, amelyeknek kihal\u00e1sa az emberi tev\u00e9kenys\u00e9gek miatt k\u00f6vetkezhet be.<\/p><\/blockquote><\/figure>\n","protected":false},"excerpt":{"rendered":"<p>A F\u00f6ld egy hatalmas, \u00f6sszef\u00fcgg\u0151 rendszer, amelyben minden \u00e9l\u0151l\u00e9nynek \u00e9s fajnak megvan a szerepe. Sajnos azonban \u00e9vr\u0151l \u00e9vre tal\u00e1lkozhatunk kihal\u00f3 fajokkal, vagy a kihal\u00e1s sz\u00e9l\u00e9re sodr\u00f3dott \u00e1llatokkal. Ez valamilyen szinten a term\u00e9szetes rendszer r\u00e9sze, azonban az ut\u00f3bbi \u00e9vsz\u00e1zadokban-\u00e9vtizedekben jelent\u0151sen megn\u00f6vekedett az emberi tev\u00e9kenys\u00e9g \u00e1ltal, vagy hozz\u00e1j\u00e1rul\u00e1s\u00e1val bek\u00f6vetkezett kihal\u00e1sok sz\u00e1ma. Sokszor el sem jut hozz\u00e1nk egy-egy<\/p>\n","protected":false},"author":4,"featured_media":4953,"comment_status":"closed","ping_status":"open","sticky":false,"template":"","format":"standard","meta":{"footnotes":""},"categories":[144],"tags":[936,153,820],"class_list":{"0":"post-4944","1":"post","2":"type-post","3":"status-publish","4":"format-standard","5":"has-post-thumbnail","7":"category-melyviz-hu","8":"tag-kihalasok","9":"tag-melyviz-hu","10":"tag-termeszetvedelem"},"yoast_head":"<!-- This site is optimized with the Yoast SEO plugin v27.2 - https:\/\/yoast.com\/product\/yoast-seo-wordpress\/ -->\n<title>Az \u00e9let k\u00f6nyv\u00e9nek lapjai: fajok kihal\u00e1sa a modern korban &#8211; TerraPlaza magazin<\/title>\n<meta name=\"description\" content=\"A F\u00f6ld egy hatalmas, \u00f6sszef\u00fcgg\u0151 rendszer, amelyben minden \u00e9l\u0151l\u00e9nynek \u00e9s fajnak megvan a szerepe. Sajnos azonban \u00e9vr\u0151l \u00e9vre tal\u00e1lkozhatunk kihal\u00f3 fajokkal, vagy a kihal\u00e1s sz\u00e9l\u00e9re sodr\u00f3dott \u00e1llatokkal.\" \/>\n<meta name=\"robots\" content=\"index, follow, max-snippet:-1, max-image-preview:large, max-video-preview:-1\" \/>\n<link rel=\"canonical\" href=\"https:\/\/terraplaza.com\/magazin\/hu\/melyviz-hu\/az-elet-konyvenek-lapjai-fajok-kihalasa-a-modern-korban\/4944\/\" \/>\n<meta property=\"og:locale\" content=\"hu_HU\" \/>\n<meta property=\"og:type\" content=\"article\" \/>\n<meta property=\"og:title\" content=\"Az \u00e9let k\u00f6nyv\u00e9nek lapjai: fajok kihal\u00e1sa a modern korban &#8211; TerraPlaza magazin\" \/>\n<meta property=\"og:description\" content=\"A F\u00f6ld egy hatalmas, \u00f6sszef\u00fcgg\u0151 rendszer, amelyben minden \u00e9l\u0151l\u00e9nynek \u00e9s fajnak megvan a szerepe. Sajnos azonban \u00e9vr\u0151l \u00e9vre tal\u00e1lkozhatunk kihal\u00f3 fajokkal, vagy a kihal\u00e1s sz\u00e9l\u00e9re sodr\u00f3dott \u00e1llatokkal.\" \/>\n<meta property=\"og:url\" content=\"https:\/\/terraplaza.com\/magazin\/hu\/melyviz-hu\/az-elet-konyvenek-lapjai-fajok-kihalasa-a-modern-korban\/4944\/\" \/>\n<meta property=\"og:site_name\" content=\"TerraPlaza magazin\" \/>\n<meta property=\"article:publisher\" content=\"https:\/\/www.facebook.com\/terraplaza\" \/>\n<meta property=\"article:author\" content=\"https:\/\/www.facebook.com\/profile.php?id=100085996470437\" \/>\n<meta property=\"article:published_time\" content=\"2023-10-28T09:22:07+00:00\" \/>\n<meta property=\"article:modified_time\" content=\"2024-01-29T19:40:20+00:00\" \/>\n<meta property=\"og:image\" content=\"https:\/\/terraplaza.com\/magazin\/wp-content\/uploads\/2023\/10\/AdobeStock_575429866-scaled.jpeg\" \/>\n\t<meta property=\"og:image:width\" content=\"2560\" \/>\n\t<meta property=\"og:image:height\" content=\"1706\" \/>\n\t<meta property=\"og:image:type\" content=\"image\/jpeg\" \/>\n<meta name=\"author\" content=\"Hegyi Fl\u00f3ra\" \/>\n<meta name=\"twitter:card\" content=\"summary_large_image\" \/>\n<meta name=\"twitter:label1\" content=\"Szerz\u0151:\" \/>\n\t<meta name=\"twitter:data1\" content=\"Hegyi Fl\u00f3ra\" \/>\n\t<meta name=\"twitter:label2\" content=\"Becs\u00fclt olvas\u00e1si id\u0151\" \/>\n\t<meta name=\"twitter:data2\" content=\"10 perc\" \/>\n<script type=\"application\/ld+json\" class=\"yoast-schema-graph\">{\"@context\":\"https:\/\/schema.org\",\"@graph\":[{\"@type\":\"Article\",\"@id\":\"https:\/\/terraplaza.com\/magazin\/hu\/melyviz-hu\/az-elet-konyvenek-lapjai-fajok-kihalasa-a-modern-korban\/4944\/#article\",\"isPartOf\":{\"@id\":\"https:\/\/terraplaza.com\/magazin\/hu\/melyviz-hu\/az-elet-konyvenek-lapjai-fajok-kihalasa-a-modern-korban\/4944\/\"},\"author\":{\"name\":\"Hegyi Fl\u00f3ra\",\"@id\":\"https:\/\/terraplaza.com\/magazin\/#\/schema\/person\/5285c1baeff38887a832e75786e8f8c5\"},\"headline\":\"Az \u00e9let k\u00f6nyv\u00e9nek lapjai: fajok kihal\u00e1sa a modern korban\",\"datePublished\":\"2023-10-28T09:22:07+00:00\",\"dateModified\":\"2024-01-29T19:40:20+00:00\",\"mainEntityOfPage\":{\"@id\":\"https:\/\/terraplaza.com\/magazin\/hu\/melyviz-hu\/az-elet-konyvenek-lapjai-fajok-kihalasa-a-modern-korban\/4944\/\"},\"wordCount\":2342,\"publisher\":{\"@id\":\"https:\/\/terraplaza.com\/magazin\/#organization\"},\"image\":{\"@id\":\"https:\/\/terraplaza.com\/magazin\/hu\/melyviz-hu\/az-elet-konyvenek-lapjai-fajok-kihalasa-a-modern-korban\/4944\/#primaryimage\"},\"thumbnailUrl\":\"https:\/\/terraplaza.com\/magazin\/wp-content\/uploads\/2023\/10\/AdobeStock_575429866-scaled.jpeg\",\"keywords\":[\"Kihal\u00e1sok\",\"M\u00e9lyv\u00edz\",\"term\u00e9szetv\u00e9delem\"],\"articleSection\":[\"M\u00e9lyv\u00edz\"],\"inLanguage\":\"hu\"},{\"@type\":\"WebPage\",\"@id\":\"https:\/\/terraplaza.com\/magazin\/hu\/melyviz-hu\/az-elet-konyvenek-lapjai-fajok-kihalasa-a-modern-korban\/4944\/\",\"url\":\"https:\/\/terraplaza.com\/magazin\/hu\/melyviz-hu\/az-elet-konyvenek-lapjai-fajok-kihalasa-a-modern-korban\/4944\/\",\"name\":\"Az \u00e9let k\u00f6nyv\u00e9nek lapjai: fajok kihal\u00e1sa a modern korban &#8211; TerraPlaza magazin\",\"isPartOf\":{\"@id\":\"https:\/\/terraplaza.com\/magazin\/#website\"},\"primaryImageOfPage\":{\"@id\":\"https:\/\/terraplaza.com\/magazin\/hu\/melyviz-hu\/az-elet-konyvenek-lapjai-fajok-kihalasa-a-modern-korban\/4944\/#primaryimage\"},\"image\":{\"@id\":\"https:\/\/terraplaza.com\/magazin\/hu\/melyviz-hu\/az-elet-konyvenek-lapjai-fajok-kihalasa-a-modern-korban\/4944\/#primaryimage\"},\"thumbnailUrl\":\"https:\/\/terraplaza.com\/magazin\/wp-content\/uploads\/2023\/10\/AdobeStock_575429866-scaled.jpeg\",\"datePublished\":\"2023-10-28T09:22:07+00:00\",\"dateModified\":\"2024-01-29T19:40:20+00:00\",\"description\":\"A F\u00f6ld egy hatalmas, \u00f6sszef\u00fcgg\u0151 rendszer, amelyben minden \u00e9l\u0151l\u00e9nynek \u00e9s fajnak megvan a szerepe. Sajnos azonban \u00e9vr\u0151l \u00e9vre tal\u00e1lkozhatunk kihal\u00f3 fajokkal, vagy a kihal\u00e1s sz\u00e9l\u00e9re sodr\u00f3dott \u00e1llatokkal.\",\"breadcrumb\":{\"@id\":\"https:\/\/terraplaza.com\/magazin\/hu\/melyviz-hu\/az-elet-konyvenek-lapjai-fajok-kihalasa-a-modern-korban\/4944\/#breadcrumb\"},\"inLanguage\":\"hu\",\"potentialAction\":[{\"@type\":\"ReadAction\",\"target\":[\"https:\/\/terraplaza.com\/magazin\/hu\/melyviz-hu\/az-elet-konyvenek-lapjai-fajok-kihalasa-a-modern-korban\/4944\/\"]}]},{\"@type\":\"ImageObject\",\"inLanguage\":\"hu\",\"@id\":\"https:\/\/terraplaza.com\/magazin\/hu\/melyviz-hu\/az-elet-konyvenek-lapjai-fajok-kihalasa-a-modern-korban\/4944\/#primaryimage\",\"url\":\"https:\/\/terraplaza.com\/magazin\/wp-content\/uploads\/2023\/10\/AdobeStock_575429866-scaled.jpeg\",\"contentUrl\":\"https:\/\/terraplaza.com\/magazin\/wp-content\/uploads\/2023\/10\/AdobeStock_575429866-scaled.jpeg\",\"width\":2560,\"height\":1706,\"caption\":\"Peter - stock.adobe.com\"},{\"@type\":\"BreadcrumbList\",\"@id\":\"https:\/\/terraplaza.com\/magazin\/hu\/melyviz-hu\/az-elet-konyvenek-lapjai-fajok-kihalasa-a-modern-korban\/4944\/#breadcrumb\",\"itemListElement\":[{\"@type\":\"ListItem\",\"position\":1,\"name\":\"Kezd\u0151lap\",\"item\":\"https:\/\/terraplaza.com\/magazin\/hu\/\"},{\"@type\":\"ListItem\",\"position\":2,\"name\":\"Az \u00e9let k\u00f6nyv\u00e9nek lapjai: fajok kihal\u00e1sa a modern korban\"}]},{\"@type\":\"WebSite\",\"@id\":\"https:\/\/terraplaza.com\/magazin\/#website\",\"url\":\"https:\/\/terraplaza.com\/magazin\/\",\"name\":\"TerraPlaza magazin\",\"description\":\"Term\u00e9szet szeretet \u00e9s felel\u0151s \u00e1llattart\u00e1s naprak\u00e9sz inform\u00e1ci\u00f3kkal \u2013 terrarisztika \u00e9s akvarisztika szakport\u00e1l. Hogy kedvenceidnek min\u00e9l boldogabb \u00e9lete legyen.\",\"publisher\":{\"@id\":\"https:\/\/terraplaza.com\/magazin\/#organization\"},\"alternateName\":\"terrarisztikai szakport\u00e1l\",\"potentialAction\":[{\"@type\":\"SearchAction\",\"target\":{\"@type\":\"EntryPoint\",\"urlTemplate\":\"https:\/\/terraplaza.com\/magazin\/?s={search_term_string}\"},\"query-input\":{\"@type\":\"PropertyValueSpecification\",\"valueRequired\":true,\"valueName\":\"search_term_string\"}}],\"inLanguage\":\"hu\"},{\"@type\":\"Organization\",\"@id\":\"https:\/\/terraplaza.com\/magazin\/#organization\",\"name\":\"TerraPlaza\",\"url\":\"https:\/\/terraplaza.com\/magazin\/\",\"logo\":{\"@type\":\"ImageObject\",\"inLanguage\":\"hu\",\"@id\":\"https:\/\/terraplaza.com\/magazin\/#\/schema\/logo\/image\/\",\"url\":\"https:\/\/terraplaza.com\/magazin\/wp-content\/uploads\/2023\/07\/Kepernyofoto-2023-07-24-18.20.04.png\",\"contentUrl\":\"https:\/\/terraplaza.com\/magazin\/wp-content\/uploads\/2023\/07\/Kepernyofoto-2023-07-24-18.20.04.png\",\"width\":1502,\"height\":382,\"caption\":\"TerraPlaza\"},\"image\":{\"@id\":\"https:\/\/terraplaza.com\/magazin\/#\/schema\/logo\/image\/\"},\"sameAs\":[\"https:\/\/www.facebook.com\/terraplaza\"]},{\"@type\":\"Person\",\"@id\":\"https:\/\/terraplaza.com\/magazin\/#\/schema\/person\/5285c1baeff38887a832e75786e8f8c5\",\"name\":\"Hegyi Fl\u00f3ra\",\"image\":{\"@type\":\"ImageObject\",\"inLanguage\":\"hu\",\"@id\":\"https:\/\/terraplaza.com\/magazin\/wp-content\/uploads\/2023\/08\/363462021_274066498714188_4910988042055021383_n-150x150.jpg\",\"url\":\"https:\/\/terraplaza.com\/magazin\/wp-content\/uploads\/2023\/08\/363462021_274066498714188_4910988042055021383_n-150x150.jpg\",\"contentUrl\":\"https:\/\/terraplaza.com\/magazin\/wp-content\/uploads\/2023\/08\/363462021_274066498714188_4910988042055021383_n-150x150.jpg\",\"caption\":\"Hegyi Fl\u00f3ra\"},\"description\":\"https:\/\/www.tiktok.com\/@the_buglady\",\"sameAs\":[\"https:\/\/www.facebook.com\/profile.php?id=100085996470437\",\"https:\/\/www.instagram.com\/the_buglady\"],\"url\":\"https:\/\/terraplaza.com\/magazin\/author\/hflora\/\"}]}<\/script>\n<!-- \/ Yoast SEO plugin. -->","yoast_head_json":{"title":"Az \u00e9let k\u00f6nyv\u00e9nek lapjai: fajok kihal\u00e1sa a modern korban &#8211; TerraPlaza magazin","description":"A F\u00f6ld egy hatalmas, \u00f6sszef\u00fcgg\u0151 rendszer, amelyben minden \u00e9l\u0151l\u00e9nynek \u00e9s fajnak megvan a szerepe. Sajnos azonban \u00e9vr\u0151l \u00e9vre tal\u00e1lkozhatunk kihal\u00f3 fajokkal, vagy a kihal\u00e1s sz\u00e9l\u00e9re sodr\u00f3dott \u00e1llatokkal.","robots":{"index":"index","follow":"follow","max-snippet":"max-snippet:-1","max-image-preview":"max-image-preview:large","max-video-preview":"max-video-preview:-1"},"canonical":"https:\/\/terraplaza.com\/magazin\/hu\/melyviz-hu\/az-elet-konyvenek-lapjai-fajok-kihalasa-a-modern-korban\/4944\/","og_locale":"hu_HU","og_type":"article","og_title":"Az \u00e9let k\u00f6nyv\u00e9nek lapjai: fajok kihal\u00e1sa a modern korban &#8211; TerraPlaza magazin","og_description":"A F\u00f6ld egy hatalmas, \u00f6sszef\u00fcgg\u0151 rendszer, amelyben minden \u00e9l\u0151l\u00e9nynek \u00e9s fajnak megvan a szerepe. Sajnos azonban \u00e9vr\u0151l \u00e9vre tal\u00e1lkozhatunk kihal\u00f3 fajokkal, vagy a kihal\u00e1s sz\u00e9l\u00e9re sodr\u00f3dott \u00e1llatokkal.","og_url":"https:\/\/terraplaza.com\/magazin\/hu\/melyviz-hu\/az-elet-konyvenek-lapjai-fajok-kihalasa-a-modern-korban\/4944\/","og_site_name":"TerraPlaza magazin","article_publisher":"https:\/\/www.facebook.com\/terraplaza","article_author":"https:\/\/www.facebook.com\/profile.php?id=100085996470437","article_published_time":"2023-10-28T09:22:07+00:00","article_modified_time":"2024-01-29T19:40:20+00:00","og_image":[{"width":2560,"height":1706,"url":"https:\/\/terraplaza.com\/magazin\/wp-content\/uploads\/2023\/10\/AdobeStock_575429866-scaled.jpeg","type":"image\/jpeg"}],"author":"Hegyi Fl\u00f3ra","twitter_card":"summary_large_image","twitter_misc":{"Szerz\u0151:":"Hegyi Fl\u00f3ra","Becs\u00fclt olvas\u00e1si id\u0151":"10 perc"},"schema":{"@context":"https:\/\/schema.org","@graph":[{"@type":"Article","@id":"https:\/\/terraplaza.com\/magazin\/hu\/melyviz-hu\/az-elet-konyvenek-lapjai-fajok-kihalasa-a-modern-korban\/4944\/#article","isPartOf":{"@id":"https:\/\/terraplaza.com\/magazin\/hu\/melyviz-hu\/az-elet-konyvenek-lapjai-fajok-kihalasa-a-modern-korban\/4944\/"},"author":{"name":"Hegyi Fl\u00f3ra","@id":"https:\/\/terraplaza.com\/magazin\/#\/schema\/person\/5285c1baeff38887a832e75786e8f8c5"},"headline":"Az \u00e9let k\u00f6nyv\u00e9nek lapjai: fajok kihal\u00e1sa a modern korban","datePublished":"2023-10-28T09:22:07+00:00","dateModified":"2024-01-29T19:40:20+00:00","mainEntityOfPage":{"@id":"https:\/\/terraplaza.com\/magazin\/hu\/melyviz-hu\/az-elet-konyvenek-lapjai-fajok-kihalasa-a-modern-korban\/4944\/"},"wordCount":2342,"publisher":{"@id":"https:\/\/terraplaza.com\/magazin\/#organization"},"image":{"@id":"https:\/\/terraplaza.com\/magazin\/hu\/melyviz-hu\/az-elet-konyvenek-lapjai-fajok-kihalasa-a-modern-korban\/4944\/#primaryimage"},"thumbnailUrl":"https:\/\/terraplaza.com\/magazin\/wp-content\/uploads\/2023\/10\/AdobeStock_575429866-scaled.jpeg","keywords":["Kihal\u00e1sok","M\u00e9lyv\u00edz","term\u00e9szetv\u00e9delem"],"articleSection":["M\u00e9lyv\u00edz"],"inLanguage":"hu"},{"@type":"WebPage","@id":"https:\/\/terraplaza.com\/magazin\/hu\/melyviz-hu\/az-elet-konyvenek-lapjai-fajok-kihalasa-a-modern-korban\/4944\/","url":"https:\/\/terraplaza.com\/magazin\/hu\/melyviz-hu\/az-elet-konyvenek-lapjai-fajok-kihalasa-a-modern-korban\/4944\/","name":"Az \u00e9let k\u00f6nyv\u00e9nek lapjai: fajok kihal\u00e1sa a modern korban &#8211; TerraPlaza magazin","isPartOf":{"@id":"https:\/\/terraplaza.com\/magazin\/#website"},"primaryImageOfPage":{"@id":"https:\/\/terraplaza.com\/magazin\/hu\/melyviz-hu\/az-elet-konyvenek-lapjai-fajok-kihalasa-a-modern-korban\/4944\/#primaryimage"},"image":{"@id":"https:\/\/terraplaza.com\/magazin\/hu\/melyviz-hu\/az-elet-konyvenek-lapjai-fajok-kihalasa-a-modern-korban\/4944\/#primaryimage"},"thumbnailUrl":"https:\/\/terraplaza.com\/magazin\/wp-content\/uploads\/2023\/10\/AdobeStock_575429866-scaled.jpeg","datePublished":"2023-10-28T09:22:07+00:00","dateModified":"2024-01-29T19:40:20+00:00","description":"A F\u00f6ld egy hatalmas, \u00f6sszef\u00fcgg\u0151 rendszer, amelyben minden \u00e9l\u0151l\u00e9nynek \u00e9s fajnak megvan a szerepe. Sajnos azonban \u00e9vr\u0151l \u00e9vre tal\u00e1lkozhatunk kihal\u00f3 fajokkal, vagy a kihal\u00e1s sz\u00e9l\u00e9re sodr\u00f3dott \u00e1llatokkal.","breadcrumb":{"@id":"https:\/\/terraplaza.com\/magazin\/hu\/melyviz-hu\/az-elet-konyvenek-lapjai-fajok-kihalasa-a-modern-korban\/4944\/#breadcrumb"},"inLanguage":"hu","potentialAction":[{"@type":"ReadAction","target":["https:\/\/terraplaza.com\/magazin\/hu\/melyviz-hu\/az-elet-konyvenek-lapjai-fajok-kihalasa-a-modern-korban\/4944\/"]}]},{"@type":"ImageObject","inLanguage":"hu","@id":"https:\/\/terraplaza.com\/magazin\/hu\/melyviz-hu\/az-elet-konyvenek-lapjai-fajok-kihalasa-a-modern-korban\/4944\/#primaryimage","url":"https:\/\/terraplaza.com\/magazin\/wp-content\/uploads\/2023\/10\/AdobeStock_575429866-scaled.jpeg","contentUrl":"https:\/\/terraplaza.com\/magazin\/wp-content\/uploads\/2023\/10\/AdobeStock_575429866-scaled.jpeg","width":2560,"height":1706,"caption":"Peter - stock.adobe.com"},{"@type":"BreadcrumbList","@id":"https:\/\/terraplaza.com\/magazin\/hu\/melyviz-hu\/az-elet-konyvenek-lapjai-fajok-kihalasa-a-modern-korban\/4944\/#breadcrumb","itemListElement":[{"@type":"ListItem","position":1,"name":"Kezd\u0151lap","item":"https:\/\/terraplaza.com\/magazin\/hu\/"},{"@type":"ListItem","position":2,"name":"Az \u00e9let k\u00f6nyv\u00e9nek lapjai: fajok kihal\u00e1sa a modern korban"}]},{"@type":"WebSite","@id":"https:\/\/terraplaza.com\/magazin\/#website","url":"https:\/\/terraplaza.com\/magazin\/","name":"TerraPlaza magazin","description":"Term\u00e9szet szeretet \u00e9s felel\u0151s \u00e1llattart\u00e1s naprak\u00e9sz inform\u00e1ci\u00f3kkal \u2013 terrarisztika \u00e9s akvarisztika szakport\u00e1l. Hogy kedvenceidnek min\u00e9l boldogabb \u00e9lete legyen.","publisher":{"@id":"https:\/\/terraplaza.com\/magazin\/#organization"},"alternateName":"terrarisztikai szakport\u00e1l","potentialAction":[{"@type":"SearchAction","target":{"@type":"EntryPoint","urlTemplate":"https:\/\/terraplaza.com\/magazin\/?s={search_term_string}"},"query-input":{"@type":"PropertyValueSpecification","valueRequired":true,"valueName":"search_term_string"}}],"inLanguage":"hu"},{"@type":"Organization","@id":"https:\/\/terraplaza.com\/magazin\/#organization","name":"TerraPlaza","url":"https:\/\/terraplaza.com\/magazin\/","logo":{"@type":"ImageObject","inLanguage":"hu","@id":"https:\/\/terraplaza.com\/magazin\/#\/schema\/logo\/image\/","url":"https:\/\/terraplaza.com\/magazin\/wp-content\/uploads\/2023\/07\/Kepernyofoto-2023-07-24-18.20.04.png","contentUrl":"https:\/\/terraplaza.com\/magazin\/wp-content\/uploads\/2023\/07\/Kepernyofoto-2023-07-24-18.20.04.png","width":1502,"height":382,"caption":"TerraPlaza"},"image":{"@id":"https:\/\/terraplaza.com\/magazin\/#\/schema\/logo\/image\/"},"sameAs":["https:\/\/www.facebook.com\/terraplaza"]},{"@type":"Person","@id":"https:\/\/terraplaza.com\/magazin\/#\/schema\/person\/5285c1baeff38887a832e75786e8f8c5","name":"Hegyi Fl\u00f3ra","image":{"@type":"ImageObject","inLanguage":"hu","@id":"https:\/\/terraplaza.com\/magazin\/wp-content\/uploads\/2023\/08\/363462021_274066498714188_4910988042055021383_n-150x150.jpg","url":"https:\/\/terraplaza.com\/magazin\/wp-content\/uploads\/2023\/08\/363462021_274066498714188_4910988042055021383_n-150x150.jpg","contentUrl":"https:\/\/terraplaza.com\/magazin\/wp-content\/uploads\/2023\/08\/363462021_274066498714188_4910988042055021383_n-150x150.jpg","caption":"Hegyi Fl\u00f3ra"},"description":"https:\/\/www.tiktok.com\/@the_buglady","sameAs":["https:\/\/www.facebook.com\/profile.php?id=100085996470437","https:\/\/www.instagram.com\/the_buglady"],"url":"https:\/\/terraplaza.com\/magazin\/author\/hflora\/"}]}},"views":2988,"_links":{"self":[{"href":"https:\/\/terraplaza.com\/magazin\/wp-json\/wp\/v2\/posts\/4944","targetHints":{"allow":["GET"]}}],"collection":[{"href":"https:\/\/terraplaza.com\/magazin\/wp-json\/wp\/v2\/posts"}],"about":[{"href":"https:\/\/terraplaza.com\/magazin\/wp-json\/wp\/v2\/types\/post"}],"author":[{"embeddable":true,"href":"https:\/\/terraplaza.com\/magazin\/wp-json\/wp\/v2\/users\/4"}],"replies":[{"embeddable":true,"href":"https:\/\/terraplaza.com\/magazin\/wp-json\/wp\/v2\/comments?post=4944"}],"version-history":[{"count":10,"href":"https:\/\/terraplaza.com\/magazin\/wp-json\/wp\/v2\/posts\/4944\/revisions"}],"predecessor-version":[{"id":5294,"href":"https:\/\/terraplaza.com\/magazin\/wp-json\/wp\/v2\/posts\/4944\/revisions\/5294"}],"wp:featuredmedia":[{"embeddable":true,"href":"https:\/\/terraplaza.com\/magazin\/wp-json\/wp\/v2\/media\/4953"}],"wp:attachment":[{"href":"https:\/\/terraplaza.com\/magazin\/wp-json\/wp\/v2\/media?parent=4944"}],"wp:term":[{"taxonomy":"category","embeddable":true,"href":"https:\/\/terraplaza.com\/magazin\/wp-json\/wp\/v2\/categories?post=4944"},{"taxonomy":"post_tag","embeddable":true,"href":"https:\/\/terraplaza.com\/magazin\/wp-json\/wp\/v2\/tags?post=4944"}],"curies":[{"name":"wp","href":"https:\/\/api.w.org\/{rel}","templated":true}]}}