{"id":5356,"date":"2024-06-04T15:09:44","date_gmt":"2024-06-04T13:09:44","guid":{"rendered":"https:\/\/terraplaza.com\/magazin\/?p=5356"},"modified":"2024-08-16T18:56:10","modified_gmt":"2024-08-16T16:56:10","slug":"miert-pont-a-pokok-mert-arachnofobias-voltam","status":"publish","type":"post","link":"https:\/\/terraplaza.com\/magazin\/hu\/interju\/miert-pont-a-pokok-mert-arachnofobias-voltam\/5356\/","title":{"rendered":"\u201eMi\u00e9rt pont a p\u00f3kok? Mert arachnof\u00f3bi\u00e1s voltam!\u201d"},"content":{"rendered":"\n<p><em>Havas M\u00e1t\u00e9 fiatal kora ellen\u00e9re m\u00e1r most kipip\u00e1lt olyan munkahelyeket, amelyekr\u0151l sokan \u00e1lmodoznak, a Debreceni \u00c1llatkertt\u0151l a Leg\u00f3ig. Rengeteg fajt teny\u00e9sztett a terrarisztik\u00e1ban \u00e9s az akvarisztik\u00e1ban \u2013 olyat is, amit Magyarorsz\u00e1gon addig senki nem tudott szapor\u00edtani \u2013, az akvakert\u00e9szetben pedig d\u00edjakat nyert.<\/em><\/p>\n\n\n\n<p><strong>Sokan ismernek a szakm\u00e1ban, hiszen az \u00f6sszes TerraPlaz\u00e1n r\u00e9szt vett\u00e9l, \u00e9s m\u00e1r a rendezv\u00e9nyek el\u0151tti id\u0151kb\u0151l &#8211; az Arachnida online p\u00f3kszab\u00e1s\u00fa magazin \u00f3ta &#8211; bar\u00e1tok vagytok a f\u0151szervez\u0151vel. Sz\u00e1modra hogyan indult a \u201eszerelem\u201d a terrarisztik\u00e1val?<\/strong><\/p>\n\n\n\n<p>Ami\u00f3ta az eszemet tudom, mindig is az \u00e1llatvil\u00e1g foglalkoztatott. Gyerekk\u00e9nt, nagysz\u00fcleim h\u00e1z\u00e1n\u00e1l minden ny\u00e1ron a telken tal\u00e1lhat\u00f3 \u00e9l\u0151l\u00e9nyeket kerestem, \u00e9s azok \u00e9let\u00e9t figyeltem. Eml\u00e9kszem, volt egy sziklakertj\u00fck, amit f\u00fcrge gy\u00edkok laktak. Igyekeztem nekik a ter\u00fcletet \u2013 a magam 6 \u00e9ves gyermeki tud\u00e1s\u00e1val \u2013 plusz k\u00f6vekkel, n\u00f6v\u00e9nyekkel rendezni, rovarokat fogni az etet\u00e9s\u00fckh\u00f6z, valamint a toj\u00e1srak\u00e1si \u00e9s kel\u00e9si id\u0151szakukn\u00e1l k\u00f6vetni a toj\u00e1sok fejl\u0151d\u00e9s\u00e9t, majd a kicsik kikel\u00e9s\u00e9t. L\u00e9nyeg\u00e9ben m\u00e1r ennyi id\u0151sen megvolt az els\u0151 sikeres szaporulatom, amelyn\u00e9l egy toj\u00e1sh\u00e9jba szorult egyedet is siker\u00fclt kiszabad\u00edtanom \u00e9s megmentenem. Term\u00e9szetesen ez a nagy lelkesed\u00e9s hozta mag\u00e1val az \u00e9venk\u00e9nti k\u00f6telez\u0151 \u00e1llatkerti l\u00e1togat\u00e1sokat is, ahol elk\u00e9pedve n\u00e9ztem a tr\u00f3pusi h\u00e1zat \u00e9s a benne tal\u00e1lhat\u00f3 \u00e9l\u0151l\u00e9nyeket. Akkoriban m\u00e9g nem tudtam, hogy egy\u00e1ltal\u00e1n lehets\u00e9ges \u00f3ri\u00e1sk\u00edgy\u00f3kat, legu\u00e1nokat vagy \u00e9pp mad\u00e1rp\u00f3kokat otthon is tartani. Egy dologban voltam biztos: hogy \u00e1llatkertben gondoz\u00f3 szeretn\u00e9k lenni.<\/p>\n\n\n\n<figure class=\"wp-block-image size-large\"><img fetchpriority=\"high\" decoding=\"async\" width=\"1024\" height=\"1024\" src=\"https:\/\/terraplaza.com\/magazin\/wp-content\/uploads\/2024\/06\/image5-1024x1024.jpeg\" alt=\"\" class=\"wp-image-5363\" srcset=\"https:\/\/terraplaza.com\/magazin\/wp-content\/uploads\/2024\/06\/image5-1024x1024.jpeg 1024w, https:\/\/terraplaza.com\/magazin\/wp-content\/uploads\/2024\/06\/image5-300x300.jpeg 300w, https:\/\/terraplaza.com\/magazin\/wp-content\/uploads\/2024\/06\/image5-150x150.jpeg 150w, https:\/\/terraplaza.com\/magazin\/wp-content\/uploads\/2024\/06\/image5-768x768.jpeg 768w, https:\/\/terraplaza.com\/magazin\/wp-content\/uploads\/2024\/06\/image5-1536x1536.jpeg 1536w, https:\/\/terraplaza.com\/magazin\/wp-content\/uploads\/2024\/06\/image5-450x450.jpeg 450w, https:\/\/terraplaza.com\/magazin\/wp-content\/uploads\/2024\/06\/image5-1200x1200.jpeg 1200w, https:\/\/terraplaza.com\/magazin\/wp-content\/uploads\/2024\/06\/image5.jpeg 1773w\" sizes=\"(max-width: 1024px) 100vw, 1024px\" \/><figcaption class=\"wp-element-caption\">\u201cAz \u00e9let az \u00e1lmok val\u00f3ra v\u00e1lt\u00e1s\u00e1r\u00f3l sz\u00f3l.\u201d<\/figcaption><\/figure>\n\n\n\n<h3 class=\"wp-block-heading\"><strong>\u00c9s mi\u00e9rt pont a p\u00f3kok keltett\u00e9k fel f\u0151k\u00e9nt az \u00e9rdekl\u0151d\u00e9sedet?<\/strong><\/h3>\n\n\n\n<p>Mert arachnof\u00f3bi\u00e1s voltam. Minden \u00e1llatot k\u00e9zbe vettem azonnal, de valahogy t\u0151l\u00fck mindig tartottam a tisztes t\u00e1vols\u00e1got. Innen sz\u00fcletett a gondolat, hogy \u2013 sz\u00fcleimet meggy\u0151zve \u2013 mad\u00e1rp\u00f3kot fogok tartani. Egy 1 vedl\u00e9ses mexik\u00f3i v\u00f6r\u00f6st\u00e9rd\u0171 tarantulav\u00e1s\u00e1rl\u00e1s\u00e1ra esett a v\u00e1laszt\u00e1som, majd \u0151t gondozva egyhamar r\u00e1j\u00f6ttem, mennyire \u00e9rdekes \u00e9l\u0151l\u00e9nyek a p\u00f3kok, valamint arra, hogy mennyire sok faj l\u00e9tezik bel\u0151l\u00fck, \u00e9s a java elf\u00e9rne a szekr\u00e9nyem polcain is. Sz\u00f3val f\u00e9lelmeimt\u0151l megszabadulva bele is v\u00e1gtam a gy\u0171jt\u00f6get\u00e9sbe.<\/p>\n\n\n\n<h3 class=\"wp-block-heading\"><strong>\u00dagy tudom, rengeteg fajt sikeresen teny\u00e9sztett\u00e9l m\u00e1r, \u00e9s a terrarisztik\u00e1n t\u00fal az akvarisztik\u00e1ban is j\u00e1rtas vagy. Autodidakta m\u00f3don tett\u00e9l szert az \u00e1llattart\u00e1ssal kapcsolatos tud\u00e1sra, vagy volt mentorod?&nbsp;<\/strong><\/h3>\n\n\n\n<p>Az akvarisztik\u00e1t el\u0151sz\u00f6r \u00e1ltal\u00e1nos iskol\u00e1s \u00e9veimben m\u0171veltem, de akkor csak Malawi-tavi s\u00fcg\u00e9rekkel foglalkoztam. Ezt az id\u0151szakot a terrarisztikai p\u00e1lyafut\u00e1som kezdete z\u00e1rta \u2013 b\u00e1r mindig tudtam, hogy lesz m\u00e9g egy visszat\u00e9r\u00e9sem a v\u00edzi \u00e9l\u0151vil\u00e1ghoz. K\u00f6r\u00fclbel\u00fcl 17 lehettem, amikor a mad\u00e1rp\u00f3kok ut\u00e1n elkezdtem skorpi\u00f3kat, bots\u00e1skaf\u00e9l\u00e9ket \u2013 majd itt j\u00f6tt a m\u00e9lyv\u00edz \u2013, k\u00fcl\u00f6nf\u00e9le h\u00fcll\u0151ket is tartani. Az elej\u00e9n igyekeztem egyszer\u0171bb le\u00edr\u00e1sokat olvasni az \u00e1ltalam tartott fajokr\u00f3l, de k\u00e9s\u0151bb m\u00e1r csak a tapasztal\u00e1s, k\u00eds\u00e9rletez\u00e9s maradt, \u00e9s ez is v\u00e1lt be a legjobban. Mivel igyekeztem p\u00e1rban tartani a fajokat, \u00edgy amit tudtam, leszapor\u00edtottam.<br><br>Az akvakert\u00e9szettel, mint kifejez\u00e9ssel 2013-ban tal\u00e1lkoztam el\u0151sz\u00f6r, \u00e9s k\u00f6zel egy \u00e9v felk\u00e9sz\u00fcl\u00e9s ut\u00e1n vissza is t\u00e9rtem az akvarisztik\u00e1hoz, de itt m\u00e1r c\u00e9lir\u00e1nyosan a n\u00f6v\u00e9nyes-garn\u00e9l\u00e1s vonal volt priorit\u00e1s. Itt m\u00e1r volt mentorom, Ver\u00e9b G\u00e1bor vil\u00e1gbajnok akvakert\u00e9sz, aki mindig seg\u00edtett tan\u00e1csaival, ha \u00e9ppen elakadtam. Versenyeken is megm\u00e9rettettem magam hazai illetve nemzetk\u00f6zi szinten is. Dobog\u00f3t hazai szinten siker\u00fclt el\u00e9rnem k\u00e9t kateg\u00f3ri\u00e1ban: egy k\u00f6zel 200 literes akv\u00e1riummal, valamint egy Wabi kusa t\u00e1llal (azaz jap\u00e1n mikrokerttel).<\/p>\n\n\n\n<figure class=\"wp-block-image size-large\"><img decoding=\"async\" width=\"1024\" height=\"327\" src=\"https:\/\/terraplaza.com\/magazin\/wp-content\/uploads\/2024\/06\/image2-1024x327.jpeg\" alt=\"\" class=\"wp-image-5360\" srcset=\"https:\/\/terraplaza.com\/magazin\/wp-content\/uploads\/2024\/06\/image2-1024x327.jpeg 1024w, https:\/\/terraplaza.com\/magazin\/wp-content\/uploads\/2024\/06\/image2-300x96.jpeg 300w, https:\/\/terraplaza.com\/magazin\/wp-content\/uploads\/2024\/06\/image2-768x245.jpeg 768w, https:\/\/terraplaza.com\/magazin\/wp-content\/uploads\/2024\/06\/image2-1536x491.jpeg 1536w, https:\/\/terraplaza.com\/magazin\/wp-content\/uploads\/2024\/06\/image2-150x48.jpeg 150w, https:\/\/terraplaza.com\/magazin\/wp-content\/uploads\/2024\/06\/image2-450x144.jpeg 450w, https:\/\/terraplaza.com\/magazin\/wp-content\/uploads\/2024\/06\/image2-1200x383.jpeg 1200w, https:\/\/terraplaza.com\/magazin\/wp-content\/uploads\/2024\/06\/image2.jpeg 2004w\" sizes=\"(max-width: 1024px) 100vw, 1024px\" \/><figcaption class=\"wp-element-caption\">2016.os \u00e9vi versenyfot\u00f3 21 k\u00fcl\u00f6nb\u00f6z\u0151 n\u00f6v\u00e9nyfajjal<\/figcaption><\/figure>\n\n\n\n<h3 class=\"wp-block-heading\"><strong>Mit javasolsz azoknak, akik elvesznek sokszor az egym\u00e1snak ellentmond\u00f3 inform\u00e1ci\u00f3k rengeteg\u00e9ben, vagy nem nagyon tal\u00e1lnak hiteles tart\u00e1si \u00fatmutat\u00f3t egy-egy fajr\u00f3l?<\/strong><\/h3>\n\n\n\n<p>Az interneten sok elavult, m\u00e1r nem relev\u00e1ns \u00edr\u00e1s tal\u00e1lhat\u00f3. Ha m\u00e9gis itt pr\u00f3b\u00e1lkozunk, tal\u00e1n az egyik legjobb kiindul\u00f3pont, ha az \u00e1llat tudom\u00e1nyos nev\u00e9re keresve, angol nyelv\u0171 oldalakon n\u00e9z\u00fcnk le\u00edr\u00e1sok ut\u00e1n. Magyar oldalakon a TerraPlaza magazin az egyetlen olyan akt\u00edv oldal, amely naprak\u00e9szen k\u00f6z\u00f6l le\u00edr\u00e1sokat szakemberekt\u0151l. Manaps\u00e1g a Facebook-csoportok nagy n\u00e9pszer\u0171s\u00e9gnek \u00f6rvendenek, de a kommentekn\u00e9l val\u00f3ban gyakoriak az egym\u00e1snak ellentmond\u00f3 inform\u00e1ci\u00f3k. Ennek oka sajnos az \u00f6njel\u00f6lt szak\u00e9rt\u0151k miatt van. Nincs azzal baj, ha valaki kezd\u0151k\u00e9nt nagyon lelkes, de sokszor csak p\u00e1r online vide\u00f3b\u00f3l szerzett r\u00e9szinform\u00e1ci\u00f3kat osztanak meg \u00fagy, mintha azt \u0151k maguk tapasztalt\u00e1k volna t\u00f6bb\u00e9ves megfigyel\u00e9seik alapj\u00e1n. Emiatt az adott faj szak\u00e9rt\u0151i \u2013 r\u00e1unva a felesleges vit\u00e1kra \u2013 inakt\u00edvak lettek. Aki \u0151ket szeretn\u00e9 el\u00e9rni, arra a legjobb alkalmak a TerraPlaza rendezv\u00e9nyei. Sok\u00e9ves tapasztalattal rendelkez\u0151 teny\u00e9szt\u0151k vannak kint, akik minden k\u00e9rd\u00e9sre tudnak v\u00e1laszolni, vagy oda tudnak ir\u00e1ny\u00edtani a megfelel\u0151 szem\u00e9lyhez. \u00c9n is itt szoktam a legt\u00f6bb k\u00e9rd\u00e9st kapni, vagy \u00e9pp megvitatni egy-egy t\u00e9m\u00e1t a tapasztaltabbakkal egy\u00fctt.<\/p>\n\n\n\n<figure class=\"wp-block-image size-large\"><img decoding=\"async\" width=\"1024\" height=\"675\" src=\"https:\/\/terraplaza.com\/magazin\/wp-content\/uploads\/2024\/06\/image1-1024x675.jpeg\" alt=\"\" class=\"wp-image-5359\" srcset=\"https:\/\/terraplaza.com\/magazin\/wp-content\/uploads\/2024\/06\/image1-1024x675.jpeg 1024w, https:\/\/terraplaza.com\/magazin\/wp-content\/uploads\/2024\/06\/image1-300x198.jpeg 300w, https:\/\/terraplaza.com\/magazin\/wp-content\/uploads\/2024\/06\/image1-768x506.jpeg 768w, https:\/\/terraplaza.com\/magazin\/wp-content\/uploads\/2024\/06\/image1-1536x1012.jpeg 1536w, https:\/\/terraplaza.com\/magazin\/wp-content\/uploads\/2024\/06\/image1-2048x1349.jpeg 2048w, https:\/\/terraplaza.com\/magazin\/wp-content\/uploads\/2024\/06\/image1-150x99.jpeg 150w, https:\/\/terraplaza.com\/magazin\/wp-content\/uploads\/2024\/06\/image1-450x296.jpeg 450w, https:\/\/terraplaza.com\/magazin\/wp-content\/uploads\/2024\/06\/image1-1200x791.jpeg 1200w\" sizes=\"(max-width: 1024px) 100vw, 1024px\" \/><figcaption class=\"wp-element-caption\">2017-es Wabi-kusa t\u00e1l versenyfot\u00f3<\/figcaption><\/figure>\n\n\n\n<h3 class=\"wp-block-heading\"><strong>Milyen eml\u00edt\u00e9sre m\u00e9lt\u00f3 siker\u00e9lm\u00e9nyeid, misszi\u00f3id voltak eddig az \u00e1llataid kapcs\u00e1n?<\/strong><\/h3>\n\n\n\n<p>Igaz\u00e1b\u00f3l minden pr\u00f3b\u00e1lkoz\u00e1sn\u00e1l volt valami kih\u00edv\u00e1s, de kett\u0151 olyan dolgot eml\u00edten\u00e9k, amelyekn\u00e9l sokat kellett gondolkodjak. Az els\u0151 a vietn\u00e1mi mohab\u00e9ka szapor\u00edt\u00e1sa volt. Ekkor m\u00e9g a Debreceni \u00c1llatkertben dolgoztam, ahova N\u00e9metorsz\u00e1gb\u00f3l 3 fiatal egyedet hoztam egy ottani rendezv\u00e9nyr\u0151l. Szerencs\u00e9s v\u00e1laszt\u00e1s volt, ugyanis 2 n\u0151st\u00e9nyt \u00e9s 1 h\u00edmet siker\u00fclt hazahozni. A teny\u00e9szt\u00e9s\u00fckn\u00e9l l\u00e9nyeg\u00e9ben minden egy hatalmas k\u00e9rd\u0151jel volt, ugyanis az interneten nem volt haszn\u00e1lhat\u00f3 inform\u00e1ci\u00f3 err\u0151l. Volt koll\u00e9g\u00e1mmal, Ludman Gergellyel, hosszas vit\u00e1kat folytattunk az adott t\u00e9m\u00e1ban. Ki kellett k\u00eds\u00e9rletezni a pet\u00e9k inkub\u00e1l\u00e1si h\u0151m\u00e9rs\u00e9klet\u00e9t, az ebihalak nevel\u00e9s\u00e9hez sz\u00fcks\u00e9ges v\u00edzparam\u00e9tereket, majd a partra m\u00e1sz\u00f3 kisb\u00e9k\u00e1k sikeres \u00fatnak ind\u00edt\u00e1s\u00e1nak technik\u00e1j\u00e1t is. Tudom\u00e1som szerint Magyarorsz\u00e1gon m\u00e1s nem tudta m\u00e9g a fajt szapor\u00edtani, eur\u00f3pai \u00e1llatkertek k\u00f6zt is egyed\u00fcl\u00e1ll\u00f3 teljes\u00edtm\u00e9nynek sz\u00e1m\u00edt.<br><br>A m\u00e1sodik a g\u00f3li\u00e1t mad\u00e1rp\u00f3k szapor\u00edt\u00e1sa volt. A mad\u00e1rp\u00f3k rajong\u00f3kn\u00e1l ez a faj kuri\u00f3zumnak sz\u00e1m\u00edt, amit hatalmas m\u00e9ret\u00e9vel siker\u00fclt ki\u00e9rdemelnie. Itt teljes m\u00e9rt\u00e9kben magamra hagyatkoztam a p\u00e1rz\u00e1s id\u0151z\u00edt\u00e9se, a kokon (petezs\u00e1k), majd a l\u00e1rv\u00e1k inkub\u00e1l\u00e1s\u00e1n\u00e1l. Egy \u00e9ven bel\u00fcl 3 sikeres szaporulatot is produk\u00e1ltam, \u00e9s jelenleg is k\u00e9t petezs\u00e1kot fog\u00f3 n\u0151st\u00e9nyt \u0151rizgetek.<\/p>\n\n\n\n<figure class=\"wp-block-image size-large\"><img loading=\"lazy\" decoding=\"async\" width=\"1024\" height=\"1024\" src=\"https:\/\/terraplaza.com\/magazin\/wp-content\/uploads\/2024\/06\/image4-1024x1024.jpeg\" alt=\"\" class=\"wp-image-5362\" srcset=\"https:\/\/terraplaza.com\/magazin\/wp-content\/uploads\/2024\/06\/image4-1024x1024.jpeg 1024w, https:\/\/terraplaza.com\/magazin\/wp-content\/uploads\/2024\/06\/image4-300x300.jpeg 300w, https:\/\/terraplaza.com\/magazin\/wp-content\/uploads\/2024\/06\/image4-150x150.jpeg 150w, https:\/\/terraplaza.com\/magazin\/wp-content\/uploads\/2024\/06\/image4-768x768.jpeg 768w, https:\/\/terraplaza.com\/magazin\/wp-content\/uploads\/2024\/06\/image4-1536x1536.jpeg 1536w, https:\/\/terraplaza.com\/magazin\/wp-content\/uploads\/2024\/06\/image4-2048x2048.jpeg 2048w, https:\/\/terraplaza.com\/magazin\/wp-content\/uploads\/2024\/06\/image4-450x450.jpeg 450w, https:\/\/terraplaza.com\/magazin\/wp-content\/uploads\/2024\/06\/image4-1200x1200.jpeg 1200w\" sizes=\"(max-width: 1024px) 100vw, 1024px\" \/><figcaption class=\"wp-element-caption\">Theloderma corticale &#8211; vietn\u00e1mi mohab\u00e9ka<\/figcaption><\/figure>\n\n\n\n<h3 class=\"wp-block-heading\"><strong>A Debreceni \u00c1llatkertben melyek voltak a sz\u00e1modra legkedvesebb \u00e1llatok, amelyekkel foglalkozhatt\u00e1l?&nbsp;<\/strong><\/h3>\n\n\n\n<p>Eredetileg \u201eh\u00fcll\u0151s\u201d ter\u00fcleten kezdtem, de id\u0151vel v\u00e9gigpr\u00f3b\u00e1ltam a t\u00f6bbi oszt\u00e1lyt is. K\u00e9t faj ker\u00fclt nagyon k\u00f6zel hozz\u00e1m a gondoz\u00e1suk sor\u00e1n: a szib\u00e9riai tigrisek \u00e9s a rec\u00e9s zsir\u00e1fok. Ut\u00f3bbin\u00e1l szerencs\u00e9m volt, hiszen egy akkor sz\u00fcletett borj\u00fa, Zahara n\u00f6veked\u00e9s\u00e9t is figyelemmel k\u00f6vethettem.&nbsp;<\/p>\n\n\n\n<h3 class=\"wp-block-heading\"><strong>Szerinted mi a legnagyobb neh\u00e9zs\u00e9g, amivel egy \u00e1llatkertnek szembe kell n\u00e9znie?<\/strong><\/h3>\n\n\n\n<p>Az anyagi korl\u00e1tok. K\u00fcls\u0151s szemmel sejtelme sincs az embernek, mekkora \u00f6sszeget k\u00e9pes fel\u00f6lelni \u00e9ves szinten egy-egy \u00e1llat takarm\u00e1nyoz\u00e1sa, vagy \u00e9pp orvosi kezel\u00e9se. A Covid okozta lez\u00e1r\u00e1s miatti bev\u00e9telkies\u00e9s mutatta meg igaz\u00e1n, hogy mennyire penge\u00e9len t\u00e1ncol minden \u00e1llatkert.<\/p>\n\n\n\n<h3 class=\"wp-block-heading\"><strong>K\u00e9s\u0151bb a Leg\u00f3n\u00e1l is dolgozt\u00e1l, ami szint\u00e9n rendk\u00edv\u00fcl izgalmasan hangzik. Mi volt a szereped a c\u00e9gn\u00e9l, \u00e9s hogyan siker\u00fclt bejutnod egy ilyen \u201e\u00e1lom-munkahelyre\u201d?&nbsp;<\/strong><\/h3>\n\n\n\n<p>Az \u00e9let az \u00e1lmok val\u00f3ra v\u00e1lt\u00e1s\u00e1r\u00f3l sz\u00f3l. Miut\u00e1n siker\u00fclt a gondoz\u00f3i gyerekkori \u00e1lmomat megval\u00f3s\u00edtani, j\u00f6hetett a k\u00f6vetkez\u0151. Mindig szerettem \u2013 \u00e9s a mai napig szeretek \u2013 leg\u00f3zni, \u00fagyhogy egyik alkalommal elj\u00e1tszottam a gondolattal, hogy milyen lenne, ha \u00e9n magam gy\u00e1rtan\u00e1m sok milli\u00f3 rajong\u00f3 sz\u00e1m\u00e1ra ezeket az \u00e9p\u00edt\u0151kock\u00e1kat. M\u00e9lyebben nem mes\u00e9lhetek a munk\u00e1r\u00f3l, amelyet nemr\u00e9g fejeztem be \u2013 k\u00f6t a fr\u00e1nya titoktart\u00e1si k\u00f6telezetts\u00e9g \u2013, de abba a csapatba tartoztam, amelyt\u0151l l\u00e9nyeg\u00e9ben az eg\u00e9sz gy\u00e1rt\u00e1si folyamat indult. A mi feladatunk volt biztos\u00edtani a rendszer folyamatos ell\u00e1t\u00e1s\u00e1t a k\u00fcl\u00f6nb\u00f6z\u0151 alapanyagokkal \u00e9s mesterkever\u00e9kekkel. Nem t\u00falzok, ha egy boltban j\u00e1rsz \u00e9s ak\u00e1rmelyik szettet a kezedbe veszed, akkor legal\u00e1bb egy elem legy\u00e1rt\u00e1s\u00e1hoz k\u00f6z\u00f6m volt. Szint\u00e9n \u00f6r\u00f6k \u00e9lm\u00e9ny marad sz\u00e1momra l\u00e1tni \u00e9s meg\u00e9lni az eg\u00e9sz folyamatot, de mostanra m\u00e1r teljesen \u00faj ir\u00e1nyban foglalatoskodom. Jelenleg egy borb\u00e9lyk\u00e9pz\u00e9st v\u00e9gzek, \u00e9s mellette tervezem a hazai \u00e9s nemzetk\u00f6zi terrarisztika \u00faj szintj\u00e9t el\u00e9rni. Az ut\u00f3bbir\u00f3l biztosan sokat fogtok m\u00e9g hallani\u2026<\/p>\n\n\n\n<figure class=\"wp-block-image size-large\"><img loading=\"lazy\" decoding=\"async\" width=\"1024\" height=\"731\" src=\"https:\/\/terraplaza.com\/magazin\/wp-content\/uploads\/2024\/06\/image3-1024x731.jpeg\" alt=\"\" class=\"wp-image-5361\" srcset=\"https:\/\/terraplaza.com\/magazin\/wp-content\/uploads\/2024\/06\/image3-1024x731.jpeg 1024w, https:\/\/terraplaza.com\/magazin\/wp-content\/uploads\/2024\/06\/image3-300x214.jpeg 300w, https:\/\/terraplaza.com\/magazin\/wp-content\/uploads\/2024\/06\/image3-768x548.jpeg 768w, https:\/\/terraplaza.com\/magazin\/wp-content\/uploads\/2024\/06\/image3-1536x1097.jpeg 1536w, https:\/\/terraplaza.com\/magazin\/wp-content\/uploads\/2024\/06\/image3-2048x1462.jpeg 2048w, https:\/\/terraplaza.com\/magazin\/wp-content\/uploads\/2024\/06\/image3-150x107.jpeg 150w, https:\/\/terraplaza.com\/magazin\/wp-content\/uploads\/2024\/06\/image3-450x321.jpeg 450w, https:\/\/terraplaza.com\/magazin\/wp-content\/uploads\/2024\/06\/image3-1200x857.jpeg 1200w\" sizes=\"(max-width: 1024px) 100vw, 1024px\" \/><\/figure>\n","protected":false},"excerpt":{"rendered":"<p>Havas M\u00e1t\u00e9 fiatal kora ellen\u00e9re m\u00e1r most kipip\u00e1lt olyan munkahelyeket, amelyekr\u0151l sokan \u00e1lmodoznak, a Debreceni \u00c1llatkertt\u0151l a Leg\u00f3ig. Rengeteg fajt teny\u00e9sztett a terrarisztik\u00e1ban \u00e9s az akvarisztik\u00e1ban \u2013 olyat is, amit Magyarorsz\u00e1gon addig senki nem tudott szapor\u00edtani \u2013, az akvakert\u00e9szetben pedig d\u00edjakat nyert. Sokan ismernek a szakm\u00e1ban, hiszen az \u00f6sszes TerraPlaz\u00e1n r\u00e9szt vett\u00e9l, \u00e9s m\u00e1r a<\/p>\n","protected":false},"author":14,"featured_media":5358,"comment_status":"closed","ping_status":"open","sticky":false,"template":"","format":"standard","meta":{"footnotes":""},"categories":[985],"tags":[997,95,999,993,995,989,782,1001],"class_list":{"0":"post-5356","1":"post","2":"type-post","3":"status-publish","4":"format-standard","5":"has-post-thumbnail","7":"category-interju","8":"tag-akvakerteszet","9":"tag-akvarisztika-hu","10":"tag-debreceni-allatkert","11":"tag-interju","12":"tag-pupu","13":"tag-szerzo","14":"tag-terrarisztika","15":"tag-wabi-kusa"},"yoast_head":"<!-- This site is optimized with the Yoast SEO plugin v27.2 - https:\/\/yoast.com\/product\/yoast-seo-wordpress\/ -->\n<title>\u201eMi\u00e9rt pont a p\u00f3kok? Mert arachnof\u00f3bi\u00e1s voltam!\u201d &#8211; TerraPlaza magazin<\/title>\n<meta name=\"description\" content=\"Havas M\u00e1t\u00e9 fiatal kora ellen\u00e9re m\u00e1r most kipip\u00e1lt olyan munkahelyeket, amelyekr\u0151l sokan \u00e1lmodoznak, a Debreceni \u00c1llatkertt\u0151l a Leg\u00f3ig.\" \/>\n<meta name=\"robots\" content=\"index, follow, max-snippet:-1, max-image-preview:large, max-video-preview:-1\" \/>\n<link rel=\"canonical\" href=\"https:\/\/terraplaza.com\/magazin\/hu\/interju\/miert-pont-a-pokok-mert-arachnofobias-voltam\/5356\/\" \/>\n<meta property=\"og:locale\" content=\"hu_HU\" \/>\n<meta property=\"og:type\" content=\"article\" \/>\n<meta property=\"og:title\" content=\"\u201eMi\u00e9rt pont a p\u00f3kok? Mert arachnof\u00f3bi\u00e1s voltam!\u201d &#8211; TerraPlaza magazin\" \/>\n<meta property=\"og:description\" content=\"Havas M\u00e1t\u00e9 fiatal kora ellen\u00e9re m\u00e1r most kipip\u00e1lt olyan munkahelyeket, amelyekr\u0151l sokan \u00e1lmodoznak, a Debreceni \u00c1llatkertt\u0151l a Leg\u00f3ig.\" \/>\n<meta property=\"og:url\" content=\"https:\/\/terraplaza.com\/magazin\/hu\/interju\/miert-pont-a-pokok-mert-arachnofobias-voltam\/5356\/\" \/>\n<meta property=\"og:site_name\" content=\"TerraPlaza magazin\" \/>\n<meta property=\"article:publisher\" content=\"https:\/\/www.facebook.com\/terraplaza\" \/>\n<meta property=\"article:published_time\" content=\"2024-06-04T13:09:44+00:00\" \/>\n<meta property=\"article:modified_time\" content=\"2024-08-16T16:56:10+00:00\" \/>\n<meta property=\"og:image\" content=\"https:\/\/terraplaza.com\/magazin\/wp-content\/uploads\/2024\/06\/image0.jpeg\" \/>\n\t<meta property=\"og:image:width\" content=\"2048\" \/>\n\t<meta property=\"og:image:height\" content=\"1671\" \/>\n\t<meta property=\"og:image:type\" content=\"image\/jpeg\" \/>\n<meta name=\"author\" content=\"T\u00f3th No\u00e9mi\" \/>\n<meta name=\"twitter:card\" content=\"summary_large_image\" \/>\n<meta name=\"twitter:label1\" content=\"Szerz\u0151:\" \/>\n\t<meta name=\"twitter:data1\" content=\"T\u00f3th No\u00e9mi\" \/>\n\t<meta name=\"twitter:label2\" content=\"Becs\u00fclt olvas\u00e1si id\u0151\" \/>\n\t<meta name=\"twitter:data2\" content=\"8 perc\" \/>\n<script type=\"application\/ld+json\" class=\"yoast-schema-graph\">{\"@context\":\"https:\/\/schema.org\",\"@graph\":[{\"@type\":\"Article\",\"@id\":\"https:\/\/terraplaza.com\/magazin\/hu\/interju\/miert-pont-a-pokok-mert-arachnofobias-voltam\/5356\/#article\",\"isPartOf\":{\"@id\":\"https:\/\/terraplaza.com\/magazin\/hu\/interju\/miert-pont-a-pokok-mert-arachnofobias-voltam\/5356\/\"},\"author\":{\"name\":\"T\u00f3th No\u00e9mi\",\"@id\":\"https:\/\/terraplaza.com\/magazin\/#\/schema\/person\/6ad9db1e818664bf7cf5d2773e6242d2\"},\"headline\":\"\u201eMi\u00e9rt pont a p\u00f3kok? Mert arachnof\u00f3bi\u00e1s voltam!\u201d\",\"datePublished\":\"2024-06-04T13:09:44+00:00\",\"dateModified\":\"2024-08-16T16:56:10+00:00\",\"mainEntityOfPage\":{\"@id\":\"https:\/\/terraplaza.com\/magazin\/hu\/interju\/miert-pont-a-pokok-mert-arachnofobias-voltam\/5356\/\"},\"wordCount\":1706,\"publisher\":{\"@id\":\"https:\/\/terraplaza.com\/magazin\/#organization\"},\"image\":{\"@id\":\"https:\/\/terraplaza.com\/magazin\/hu\/interju\/miert-pont-a-pokok-mert-arachnofobias-voltam\/5356\/#primaryimage\"},\"thumbnailUrl\":\"https:\/\/terraplaza.com\/magazin\/wp-content\/uploads\/2024\/06\/image0.jpeg\",\"keywords\":[\"Akvakert\u00e9szet\",\"Akvarisztika\",\"Debreceni \u00e1llatkert\",\"Interj\u00fa\",\"PuPu\",\"Szerz\u0151\",\"Terrarisztika\",\"Wabi kusa\"],\"articleSection\":[\"Interj\u00fa\"],\"inLanguage\":\"hu\"},{\"@type\":\"WebPage\",\"@id\":\"https:\/\/terraplaza.com\/magazin\/hu\/interju\/miert-pont-a-pokok-mert-arachnofobias-voltam\/5356\/\",\"url\":\"https:\/\/terraplaza.com\/magazin\/hu\/interju\/miert-pont-a-pokok-mert-arachnofobias-voltam\/5356\/\",\"name\":\"\u201eMi\u00e9rt pont a p\u00f3kok? Mert arachnof\u00f3bi\u00e1s voltam!\u201d &#8211; TerraPlaza magazin\",\"isPartOf\":{\"@id\":\"https:\/\/terraplaza.com\/magazin\/#website\"},\"primaryImageOfPage\":{\"@id\":\"https:\/\/terraplaza.com\/magazin\/hu\/interju\/miert-pont-a-pokok-mert-arachnofobias-voltam\/5356\/#primaryimage\"},\"image\":{\"@id\":\"https:\/\/terraplaza.com\/magazin\/hu\/interju\/miert-pont-a-pokok-mert-arachnofobias-voltam\/5356\/#primaryimage\"},\"thumbnailUrl\":\"https:\/\/terraplaza.com\/magazin\/wp-content\/uploads\/2024\/06\/image0.jpeg\",\"datePublished\":\"2024-06-04T13:09:44+00:00\",\"dateModified\":\"2024-08-16T16:56:10+00:00\",\"description\":\"Havas M\u00e1t\u00e9 fiatal kora ellen\u00e9re m\u00e1r most kipip\u00e1lt olyan munkahelyeket, amelyekr\u0151l sokan \u00e1lmodoznak, a Debreceni \u00c1llatkertt\u0151l a Leg\u00f3ig.\",\"breadcrumb\":{\"@id\":\"https:\/\/terraplaza.com\/magazin\/hu\/interju\/miert-pont-a-pokok-mert-arachnofobias-voltam\/5356\/#breadcrumb\"},\"inLanguage\":\"hu\",\"potentialAction\":[{\"@type\":\"ReadAction\",\"target\":[\"https:\/\/terraplaza.com\/magazin\/hu\/interju\/miert-pont-a-pokok-mert-arachnofobias-voltam\/5356\/\"]}]},{\"@type\":\"ImageObject\",\"inLanguage\":\"hu\",\"@id\":\"https:\/\/terraplaza.com\/magazin\/hu\/interju\/miert-pont-a-pokok-mert-arachnofobias-voltam\/5356\/#primaryimage\",\"url\":\"https:\/\/terraplaza.com\/magazin\/wp-content\/uploads\/2024\/06\/image0.jpeg\",\"contentUrl\":\"https:\/\/terraplaza.com\/magazin\/wp-content\/uploads\/2024\/06\/image0.jpeg\",\"width\":2048,\"height\":1671},{\"@type\":\"BreadcrumbList\",\"@id\":\"https:\/\/terraplaza.com\/magazin\/hu\/interju\/miert-pont-a-pokok-mert-arachnofobias-voltam\/5356\/#breadcrumb\",\"itemListElement\":[{\"@type\":\"ListItem\",\"position\":1,\"name\":\"Kezd\u0151lap\",\"item\":\"https:\/\/terraplaza.com\/magazin\/hu\/\"},{\"@type\":\"ListItem\",\"position\":2,\"name\":\"\u201eMi\u00e9rt pont a p\u00f3kok? Mert arachnof\u00f3bi\u00e1s voltam!\u201d\"}]},{\"@type\":\"WebSite\",\"@id\":\"https:\/\/terraplaza.com\/magazin\/#website\",\"url\":\"https:\/\/terraplaza.com\/magazin\/\",\"name\":\"TerraPlaza magazin\",\"description\":\"Term\u00e9szet szeretet \u00e9s felel\u0151s \u00e1llattart\u00e1s naprak\u00e9sz inform\u00e1ci\u00f3kkal \u2013 terrarisztika \u00e9s akvarisztika szakport\u00e1l. Hogy kedvenceidnek min\u00e9l boldogabb \u00e9lete legyen.\",\"publisher\":{\"@id\":\"https:\/\/terraplaza.com\/magazin\/#organization\"},\"alternateName\":\"terrarisztikai szakport\u00e1l\",\"potentialAction\":[{\"@type\":\"SearchAction\",\"target\":{\"@type\":\"EntryPoint\",\"urlTemplate\":\"https:\/\/terraplaza.com\/magazin\/?s={search_term_string}\"},\"query-input\":{\"@type\":\"PropertyValueSpecification\",\"valueRequired\":true,\"valueName\":\"search_term_string\"}}],\"inLanguage\":\"hu\"},{\"@type\":\"Organization\",\"@id\":\"https:\/\/terraplaza.com\/magazin\/#organization\",\"name\":\"TerraPlaza\",\"url\":\"https:\/\/terraplaza.com\/magazin\/\",\"logo\":{\"@type\":\"ImageObject\",\"inLanguage\":\"hu\",\"@id\":\"https:\/\/terraplaza.com\/magazin\/#\/schema\/logo\/image\/\",\"url\":\"https:\/\/terraplaza.com\/magazin\/wp-content\/uploads\/2023\/07\/Kepernyofoto-2023-07-24-18.20.04.png\",\"contentUrl\":\"https:\/\/terraplaza.com\/magazin\/wp-content\/uploads\/2023\/07\/Kepernyofoto-2023-07-24-18.20.04.png\",\"width\":1502,\"height\":382,\"caption\":\"TerraPlaza\"},\"image\":{\"@id\":\"https:\/\/terraplaza.com\/magazin\/#\/schema\/logo\/image\/\"},\"sameAs\":[\"https:\/\/www.facebook.com\/terraplaza\"]},{\"@type\":\"Person\",\"@id\":\"https:\/\/terraplaza.com\/magazin\/#\/schema\/person\/6ad9db1e818664bf7cf5d2773e6242d2\",\"name\":\"T\u00f3th No\u00e9mi\",\"image\":{\"@type\":\"ImageObject\",\"inLanguage\":\"hu\",\"@id\":\"https:\/\/terraplaza.com\/magazin\/wp-content\/uploads\/2024\/05\/384788093_10212242853061750_1634389912752719707_n-2-150x150.jpg\",\"url\":\"https:\/\/terraplaza.com\/magazin\/wp-content\/uploads\/2024\/05\/384788093_10212242853061750_1634389912752719707_n-2-150x150.jpg\",\"contentUrl\":\"https:\/\/terraplaza.com\/magazin\/wp-content\/uploads\/2024\/05\/384788093_10212242853061750_1634389912752719707_n-2-150x150.jpg\",\"caption\":\"T\u00f3th No\u00e9mi\"},\"description\":\"\u00dajs\u00e1g\u00edr\u00f3, kreat\u00edv sz\u00f6veg\u00edr\u00f3\",\"url\":\"https:\/\/terraplaza.com\/magazin\/author\/noemi\/\"}]}<\/script>\n<!-- \/ Yoast SEO plugin. -->","yoast_head_json":{"title":"\u201eMi\u00e9rt pont a p\u00f3kok? Mert arachnof\u00f3bi\u00e1s voltam!\u201d &#8211; TerraPlaza magazin","description":"Havas M\u00e1t\u00e9 fiatal kora ellen\u00e9re m\u00e1r most kipip\u00e1lt olyan munkahelyeket, amelyekr\u0151l sokan \u00e1lmodoznak, a Debreceni \u00c1llatkertt\u0151l a Leg\u00f3ig.","robots":{"index":"index","follow":"follow","max-snippet":"max-snippet:-1","max-image-preview":"max-image-preview:large","max-video-preview":"max-video-preview:-1"},"canonical":"https:\/\/terraplaza.com\/magazin\/hu\/interju\/miert-pont-a-pokok-mert-arachnofobias-voltam\/5356\/","og_locale":"hu_HU","og_type":"article","og_title":"\u201eMi\u00e9rt pont a p\u00f3kok? Mert arachnof\u00f3bi\u00e1s voltam!\u201d &#8211; TerraPlaza magazin","og_description":"Havas M\u00e1t\u00e9 fiatal kora ellen\u00e9re m\u00e1r most kipip\u00e1lt olyan munkahelyeket, amelyekr\u0151l sokan \u00e1lmodoznak, a Debreceni \u00c1llatkertt\u0151l a Leg\u00f3ig.","og_url":"https:\/\/terraplaza.com\/magazin\/hu\/interju\/miert-pont-a-pokok-mert-arachnofobias-voltam\/5356\/","og_site_name":"TerraPlaza magazin","article_publisher":"https:\/\/www.facebook.com\/terraplaza","article_published_time":"2024-06-04T13:09:44+00:00","article_modified_time":"2024-08-16T16:56:10+00:00","og_image":[{"width":2048,"height":1671,"url":"https:\/\/terraplaza.com\/magazin\/wp-content\/uploads\/2024\/06\/image0.jpeg","type":"image\/jpeg"}],"author":"T\u00f3th No\u00e9mi","twitter_card":"summary_large_image","twitter_misc":{"Szerz\u0151:":"T\u00f3th No\u00e9mi","Becs\u00fclt olvas\u00e1si id\u0151":"8 perc"},"schema":{"@context":"https:\/\/schema.org","@graph":[{"@type":"Article","@id":"https:\/\/terraplaza.com\/magazin\/hu\/interju\/miert-pont-a-pokok-mert-arachnofobias-voltam\/5356\/#article","isPartOf":{"@id":"https:\/\/terraplaza.com\/magazin\/hu\/interju\/miert-pont-a-pokok-mert-arachnofobias-voltam\/5356\/"},"author":{"name":"T\u00f3th No\u00e9mi","@id":"https:\/\/terraplaza.com\/magazin\/#\/schema\/person\/6ad9db1e818664bf7cf5d2773e6242d2"},"headline":"\u201eMi\u00e9rt pont a p\u00f3kok? Mert arachnof\u00f3bi\u00e1s voltam!\u201d","datePublished":"2024-06-04T13:09:44+00:00","dateModified":"2024-08-16T16:56:10+00:00","mainEntityOfPage":{"@id":"https:\/\/terraplaza.com\/magazin\/hu\/interju\/miert-pont-a-pokok-mert-arachnofobias-voltam\/5356\/"},"wordCount":1706,"publisher":{"@id":"https:\/\/terraplaza.com\/magazin\/#organization"},"image":{"@id":"https:\/\/terraplaza.com\/magazin\/hu\/interju\/miert-pont-a-pokok-mert-arachnofobias-voltam\/5356\/#primaryimage"},"thumbnailUrl":"https:\/\/terraplaza.com\/magazin\/wp-content\/uploads\/2024\/06\/image0.jpeg","keywords":["Akvakert\u00e9szet","Akvarisztika","Debreceni \u00e1llatkert","Interj\u00fa","PuPu","Szerz\u0151","Terrarisztika","Wabi kusa"],"articleSection":["Interj\u00fa"],"inLanguage":"hu"},{"@type":"WebPage","@id":"https:\/\/terraplaza.com\/magazin\/hu\/interju\/miert-pont-a-pokok-mert-arachnofobias-voltam\/5356\/","url":"https:\/\/terraplaza.com\/magazin\/hu\/interju\/miert-pont-a-pokok-mert-arachnofobias-voltam\/5356\/","name":"\u201eMi\u00e9rt pont a p\u00f3kok? Mert arachnof\u00f3bi\u00e1s voltam!\u201d &#8211; TerraPlaza magazin","isPartOf":{"@id":"https:\/\/terraplaza.com\/magazin\/#website"},"primaryImageOfPage":{"@id":"https:\/\/terraplaza.com\/magazin\/hu\/interju\/miert-pont-a-pokok-mert-arachnofobias-voltam\/5356\/#primaryimage"},"image":{"@id":"https:\/\/terraplaza.com\/magazin\/hu\/interju\/miert-pont-a-pokok-mert-arachnofobias-voltam\/5356\/#primaryimage"},"thumbnailUrl":"https:\/\/terraplaza.com\/magazin\/wp-content\/uploads\/2024\/06\/image0.jpeg","datePublished":"2024-06-04T13:09:44+00:00","dateModified":"2024-08-16T16:56:10+00:00","description":"Havas M\u00e1t\u00e9 fiatal kora ellen\u00e9re m\u00e1r most kipip\u00e1lt olyan munkahelyeket, amelyekr\u0151l sokan \u00e1lmodoznak, a Debreceni \u00c1llatkertt\u0151l a Leg\u00f3ig.","breadcrumb":{"@id":"https:\/\/terraplaza.com\/magazin\/hu\/interju\/miert-pont-a-pokok-mert-arachnofobias-voltam\/5356\/#breadcrumb"},"inLanguage":"hu","potentialAction":[{"@type":"ReadAction","target":["https:\/\/terraplaza.com\/magazin\/hu\/interju\/miert-pont-a-pokok-mert-arachnofobias-voltam\/5356\/"]}]},{"@type":"ImageObject","inLanguage":"hu","@id":"https:\/\/terraplaza.com\/magazin\/hu\/interju\/miert-pont-a-pokok-mert-arachnofobias-voltam\/5356\/#primaryimage","url":"https:\/\/terraplaza.com\/magazin\/wp-content\/uploads\/2024\/06\/image0.jpeg","contentUrl":"https:\/\/terraplaza.com\/magazin\/wp-content\/uploads\/2024\/06\/image0.jpeg","width":2048,"height":1671},{"@type":"BreadcrumbList","@id":"https:\/\/terraplaza.com\/magazin\/hu\/interju\/miert-pont-a-pokok-mert-arachnofobias-voltam\/5356\/#breadcrumb","itemListElement":[{"@type":"ListItem","position":1,"name":"Kezd\u0151lap","item":"https:\/\/terraplaza.com\/magazin\/hu\/"},{"@type":"ListItem","position":2,"name":"\u201eMi\u00e9rt pont a p\u00f3kok? Mert arachnof\u00f3bi\u00e1s voltam!\u201d"}]},{"@type":"WebSite","@id":"https:\/\/terraplaza.com\/magazin\/#website","url":"https:\/\/terraplaza.com\/magazin\/","name":"TerraPlaza magazin","description":"Term\u00e9szet szeretet \u00e9s felel\u0151s \u00e1llattart\u00e1s naprak\u00e9sz inform\u00e1ci\u00f3kkal \u2013 terrarisztika \u00e9s akvarisztika szakport\u00e1l. Hogy kedvenceidnek min\u00e9l boldogabb \u00e9lete legyen.","publisher":{"@id":"https:\/\/terraplaza.com\/magazin\/#organization"},"alternateName":"terrarisztikai szakport\u00e1l","potentialAction":[{"@type":"SearchAction","target":{"@type":"EntryPoint","urlTemplate":"https:\/\/terraplaza.com\/magazin\/?s={search_term_string}"},"query-input":{"@type":"PropertyValueSpecification","valueRequired":true,"valueName":"search_term_string"}}],"inLanguage":"hu"},{"@type":"Organization","@id":"https:\/\/terraplaza.com\/magazin\/#organization","name":"TerraPlaza","url":"https:\/\/terraplaza.com\/magazin\/","logo":{"@type":"ImageObject","inLanguage":"hu","@id":"https:\/\/terraplaza.com\/magazin\/#\/schema\/logo\/image\/","url":"https:\/\/terraplaza.com\/magazin\/wp-content\/uploads\/2023\/07\/Kepernyofoto-2023-07-24-18.20.04.png","contentUrl":"https:\/\/terraplaza.com\/magazin\/wp-content\/uploads\/2023\/07\/Kepernyofoto-2023-07-24-18.20.04.png","width":1502,"height":382,"caption":"TerraPlaza"},"image":{"@id":"https:\/\/terraplaza.com\/magazin\/#\/schema\/logo\/image\/"},"sameAs":["https:\/\/www.facebook.com\/terraplaza"]},{"@type":"Person","@id":"https:\/\/terraplaza.com\/magazin\/#\/schema\/person\/6ad9db1e818664bf7cf5d2773e6242d2","name":"T\u00f3th No\u00e9mi","image":{"@type":"ImageObject","inLanguage":"hu","@id":"https:\/\/terraplaza.com\/magazin\/wp-content\/uploads\/2024\/05\/384788093_10212242853061750_1634389912752719707_n-2-150x150.jpg","url":"https:\/\/terraplaza.com\/magazin\/wp-content\/uploads\/2024\/05\/384788093_10212242853061750_1634389912752719707_n-2-150x150.jpg","contentUrl":"https:\/\/terraplaza.com\/magazin\/wp-content\/uploads\/2024\/05\/384788093_10212242853061750_1634389912752719707_n-2-150x150.jpg","caption":"T\u00f3th No\u00e9mi"},"description":"\u00dajs\u00e1g\u00edr\u00f3, kreat\u00edv sz\u00f6veg\u00edr\u00f3","url":"https:\/\/terraplaza.com\/magazin\/author\/noemi\/"}]}},"views":2538,"_links":{"self":[{"href":"https:\/\/terraplaza.com\/magazin\/wp-json\/wp\/v2\/posts\/5356","targetHints":{"allow":["GET"]}}],"collection":[{"href":"https:\/\/terraplaza.com\/magazin\/wp-json\/wp\/v2\/posts"}],"about":[{"href":"https:\/\/terraplaza.com\/magazin\/wp-json\/wp\/v2\/types\/post"}],"author":[{"embeddable":true,"href":"https:\/\/terraplaza.com\/magazin\/wp-json\/wp\/v2\/users\/14"}],"replies":[{"embeddable":true,"href":"https:\/\/terraplaza.com\/magazin\/wp-json\/wp\/v2\/comments?post=5356"}],"version-history":[{"count":7,"href":"https:\/\/terraplaza.com\/magazin\/wp-json\/wp\/v2\/posts\/5356\/revisions"}],"predecessor-version":[{"id":6241,"href":"https:\/\/terraplaza.com\/magazin\/wp-json\/wp\/v2\/posts\/5356\/revisions\/6241"}],"wp:featuredmedia":[{"embeddable":true,"href":"https:\/\/terraplaza.com\/magazin\/wp-json\/wp\/v2\/media\/5358"}],"wp:attachment":[{"href":"https:\/\/terraplaza.com\/magazin\/wp-json\/wp\/v2\/media?parent=5356"}],"wp:term":[{"taxonomy":"category","embeddable":true,"href":"https:\/\/terraplaza.com\/magazin\/wp-json\/wp\/v2\/categories?post=5356"},{"taxonomy":"post_tag","embeddable":true,"href":"https:\/\/terraplaza.com\/magazin\/wp-json\/wp\/v2\/tags?post=5356"}],"curies":[{"name":"wp","href":"https:\/\/api.w.org\/{rel}","templated":true}]}}