{"id":5955,"date":"2024-11-14T12:00:34","date_gmt":"2024-11-14T11:00:34","guid":{"rendered":"https:\/\/terraplaza.com\/magazin\/?p=5955"},"modified":"2024-07-25T12:02:22","modified_gmt":"2024-07-25T10:02:22","slug":"vizkopo-gekko","status":"publish","type":"post","link":"https:\/\/terraplaza.com\/magazin\/hu\/erdekessegek-hu\/vizkopo-gekko\/5955\/","title":{"rendered":"V\u00edzk\u00f6p\u0151 gekk\u00f3"},"content":{"rendered":"\n<p>A v\u00edzk\u00f6p\u0151 gekk\u00f3 (Rhacodactylus auriculatus) egy nyugodt term\u00e9szet\u0171 gekk\u00f3 faj, mely tart\u00e1sa k\u00f6zel azonos az \u00e9l\u0151hely\u00e9n vagyis \u00daj-Kaled\u00f3ni\u00e1ban megtal\u00e1lhat\u00f3 vitorl\u00e1s gekk\u00f3\u00e9val (Correlophus ciliatus). B\u00e1r nem egy stresszes faj, r\u00e1 is ugyan\u00fagy jellemz\u0151, hogy vesz\u00e9lyhelyzet eset\u00e9n a fark\u00e1t eldobja. Ugyan farka visszan\u0151, b\u00e1r nem t\u00f6k\u00e9letes form\u00e1j\u00e1ban. K\u00e9zbev\u00e9telkor \u00fcgyelj\u00fcnk arra, hogy ne teremts\u00fcnk stresszhelyzetet az \u00e1llat sz\u00e1m\u00e1ra, \u00edgy ezt k\u00f6nnyed\u00e9n elker\u00fclhetj\u00fck.<\/p>\n","protected":false},"excerpt":{"rendered":"<p>A v\u00edzk\u00f6p\u0151 gekk\u00f3 (Rhacodactylus auriculatus) egy nyugodt term\u00e9szet\u0171 gekk\u00f3 faj, mely tart\u00e1sa k\u00f6zel azonos az \u00e9l\u0151hely\u00e9n vagyis \u00daj-Kaled\u00f3ni\u00e1ban megtal\u00e1lhat\u00f3 vitorl\u00e1s gekk\u00f3\u00e9val (Correlophus ciliatus). B\u00e1r nem egy stresszes faj, r\u00e1 is ugyan\u00fagy jellemz\u0151, hogy vesz\u00e9lyhelyzet eset\u00e9n a fark\u00e1t eldobja. Ugyan farka visszan\u0151, b\u00e1r nem t\u00f6k\u00e9letes form\u00e1j\u00e1ban. K\u00e9zbev\u00e9telkor \u00fcgyelj\u00fcnk arra, hogy ne teremts\u00fcnk stresszhelyzetet az \u00e1llat sz\u00e1m\u00e1ra,<\/p>\n","protected":false},"author":3,"featured_media":5956,"comment_status":"closed","ping_status":"open","sticky":false,"template":"","format":"standard","meta":{"footnotes":""},"categories":[493],"tags":[495,944,1273],"class_list":{"0":"post-5955","1":"post","2":"type-post","3":"status-publish","4":"format-standard","5":"has-post-thumbnail","7":"category-erdekessegek-hu","8":"tag-erdekessegek-hu","9":"tag-gekkok","10":"tag-vizkopo-gekko"},"yoast_head":"<!-- This site is optimized with the Yoast SEO plugin v27.2 - https:\/\/yoast.com\/product\/yoast-seo-wordpress\/ -->\n<title>V\u00edzk\u00f6p\u0151 gekk\u00f3 &#8211; TerraPlaza magazin<\/title>\n<meta name=\"description\" content=\"A v\u00edzk\u00f6p\u0151 gekk\u00f3 (Rhacodactylus auriculatus) egy nyugodt term\u00e9szet\u0171 gekk\u00f3 faj, mely tart\u00e1sa k\u00f6zel azonos az \u00e9l\u0151hely\u00e9n vagyis \u00daj-Kaled\u00f3ni\u00e1ban megtal\u00e1lhat\u00f3 vitorl\u00e1s gekk\u00f3\u00e9val (Correlophus ciliatus). B\u00e1r nem egy stresszes faj, r\u00e1 is ugyan\u00fagy jellemz\u0151, hogy vesz\u00e9lyhelyzet eset\u00e9n a fark\u00e1t eldobja. Ugyan farka visszan\u0151, b\u00e1r nem t\u00f6k\u00e9letes form\u00e1j\u00e1ban. K\u00e9zbev\u00e9telkor \u00fcgyelj\u00fcnk arra, hogy ne teremts\u00fcnk stresszhelyzetet az \u00e1llat sz\u00e1m\u00e1ra, \u00edgy ezt k\u00f6nnyed\u00e9n elker\u00fclhetj\u00fck.\" \/>\n<meta name=\"robots\" content=\"index, follow, max-snippet:-1, max-image-preview:large, max-video-preview:-1\" \/>\n<link rel=\"canonical\" href=\"https:\/\/terraplaza.com\/magazin\/hu\/erdekessegek-hu\/vizkopo-gekko\/5955\/\" \/>\n<meta property=\"og:locale\" content=\"hu_HU\" \/>\n<meta property=\"og:type\" content=\"article\" \/>\n<meta property=\"og:title\" content=\"V\u00edzk\u00f6p\u0151 gekk\u00f3 &#8211; TerraPlaza magazin\" \/>\n<meta property=\"og:description\" content=\"A v\u00edzk\u00f6p\u0151 gekk\u00f3 (Rhacodactylus auriculatus) egy nyugodt term\u00e9szet\u0171 gekk\u00f3 faj, mely tart\u00e1sa k\u00f6zel azonos az \u00e9l\u0151hely\u00e9n vagyis \u00daj-Kaled\u00f3ni\u00e1ban megtal\u00e1lhat\u00f3 vitorl\u00e1s gekk\u00f3\u00e9val (Correlophus ciliatus). B\u00e1r nem egy stresszes faj, r\u00e1 is ugyan\u00fagy jellemz\u0151, hogy vesz\u00e9lyhelyzet eset\u00e9n a fark\u00e1t eldobja. Ugyan farka visszan\u0151, b\u00e1r nem t\u00f6k\u00e9letes form\u00e1j\u00e1ban. K\u00e9zbev\u00e9telkor \u00fcgyelj\u00fcnk arra, hogy ne teremts\u00fcnk stresszhelyzetet az \u00e1llat sz\u00e1m\u00e1ra, \u00edgy ezt k\u00f6nnyed\u00e9n elker\u00fclhetj\u00fck.\" \/>\n<meta property=\"og:url\" content=\"https:\/\/terraplaza.com\/magazin\/hu\/erdekessegek-hu\/vizkopo-gekko\/5955\/\" \/>\n<meta property=\"og:site_name\" content=\"TerraPlaza magazin\" \/>\n<meta property=\"article:publisher\" content=\"https:\/\/www.facebook.com\/terraplaza\" \/>\n<meta property=\"article:author\" content=\"https:\/\/www.facebook.com\/Kamekoo\" \/>\n<meta property=\"article:published_time\" content=\"2024-11-14T11:00:34+00:00\" \/>\n<meta property=\"og:image\" content=\"https:\/\/terraplaza.com\/magazin\/wp-content\/uploads\/2024\/07\/MG_6656-scaled.jpg\" \/>\n\t<meta property=\"og:image:width\" content=\"2560\" \/>\n\t<meta property=\"og:image:height\" content=\"1707\" \/>\n\t<meta property=\"og:image:type\" content=\"image\/jpeg\" \/>\n<meta name=\"author\" content=\"Asz\u00f3di Alexandra\" \/>\n<meta name=\"twitter:card\" content=\"summary_large_image\" \/>\n<meta name=\"twitter:label1\" content=\"Szerz\u0151:\" \/>\n\t<meta name=\"twitter:data1\" content=\"Asz\u00f3di Alexandra\" \/>\n\t<meta name=\"twitter:label2\" content=\"Becs\u00fclt olvas\u00e1si id\u0151\" \/>\n\t<meta name=\"twitter:data2\" content=\"1 perc\" \/>\n<script type=\"application\/ld+json\" class=\"yoast-schema-graph\">{\"@context\":\"https:\/\/schema.org\",\"@graph\":[{\"@type\":\"Article\",\"@id\":\"https:\/\/terraplaza.com\/magazin\/hu\/erdekessegek-hu\/vizkopo-gekko\/5955\/#article\",\"isPartOf\":{\"@id\":\"https:\/\/terraplaza.com\/magazin\/hu\/erdekessegek-hu\/vizkopo-gekko\/5955\/\"},\"author\":{\"name\":\"Asz\u00f3di Alexandra\",\"@id\":\"https:\/\/terraplaza.com\/magazin\/#\/schema\/person\/e66663430504e2992e83c4281b792916\"},\"headline\":\"V\u00edzk\u00f6p\u0151 gekk\u00f3\",\"datePublished\":\"2024-11-14T11:00:34+00:00\",\"mainEntityOfPage\":{\"@id\":\"https:\/\/terraplaza.com\/magazin\/hu\/erdekessegek-hu\/vizkopo-gekko\/5955\/\"},\"wordCount\":95,\"publisher\":{\"@id\":\"https:\/\/terraplaza.com\/magazin\/#organization\"},\"image\":{\"@id\":\"https:\/\/terraplaza.com\/magazin\/hu\/erdekessegek-hu\/vizkopo-gekko\/5955\/#primaryimage\"},\"thumbnailUrl\":\"https:\/\/terraplaza.com\/magazin\/wp-content\/uploads\/2024\/07\/MG_6656-scaled.jpg\",\"keywords\":[\"\u00c9rdekess\u00e9gek\",\"Gekk\u00f3k\",\"v\u00edzk\u00f6p\u0151 gekk\u00f3\"],\"articleSection\":[\"\u00c9rdekess\u00e9gek\"],\"inLanguage\":\"hu\"},{\"@type\":\"WebPage\",\"@id\":\"https:\/\/terraplaza.com\/magazin\/hu\/erdekessegek-hu\/vizkopo-gekko\/5955\/\",\"url\":\"https:\/\/terraplaza.com\/magazin\/hu\/erdekessegek-hu\/vizkopo-gekko\/5955\/\",\"name\":\"V\u00edzk\u00f6p\u0151 gekk\u00f3 &#8211; TerraPlaza magazin\",\"isPartOf\":{\"@id\":\"https:\/\/terraplaza.com\/magazin\/#website\"},\"primaryImageOfPage\":{\"@id\":\"https:\/\/terraplaza.com\/magazin\/hu\/erdekessegek-hu\/vizkopo-gekko\/5955\/#primaryimage\"},\"image\":{\"@id\":\"https:\/\/terraplaza.com\/magazin\/hu\/erdekessegek-hu\/vizkopo-gekko\/5955\/#primaryimage\"},\"thumbnailUrl\":\"https:\/\/terraplaza.com\/magazin\/wp-content\/uploads\/2024\/07\/MG_6656-scaled.jpg\",\"datePublished\":\"2024-11-14T11:00:34+00:00\",\"description\":\"A v\u00edzk\u00f6p\u0151 gekk\u00f3 (Rhacodactylus auriculatus) egy nyugodt term\u00e9szet\u0171 gekk\u00f3 faj, mely tart\u00e1sa k\u00f6zel azonos az \u00e9l\u0151hely\u00e9n vagyis \u00daj-Kaled\u00f3ni\u00e1ban megtal\u00e1lhat\u00f3 vitorl\u00e1s gekk\u00f3\u00e9val (Correlophus ciliatus). B\u00e1r nem egy stresszes faj, r\u00e1 is ugyan\u00fagy jellemz\u0151, hogy vesz\u00e9lyhelyzet eset\u00e9n a fark\u00e1t eldobja. Ugyan farka visszan\u0151, b\u00e1r nem t\u00f6k\u00e9letes form\u00e1j\u00e1ban. K\u00e9zbev\u00e9telkor \u00fcgyelj\u00fcnk arra, hogy ne teremts\u00fcnk stresszhelyzetet az \u00e1llat sz\u00e1m\u00e1ra, \u00edgy ezt k\u00f6nnyed\u00e9n elker\u00fclhetj\u00fck.\",\"breadcrumb\":{\"@id\":\"https:\/\/terraplaza.com\/magazin\/hu\/erdekessegek-hu\/vizkopo-gekko\/5955\/#breadcrumb\"},\"inLanguage\":\"hu\",\"potentialAction\":[{\"@type\":\"ReadAction\",\"target\":[\"https:\/\/terraplaza.com\/magazin\/hu\/erdekessegek-hu\/vizkopo-gekko\/5955\/\"]}]},{\"@type\":\"ImageObject\",\"inLanguage\":\"hu\",\"@id\":\"https:\/\/terraplaza.com\/magazin\/hu\/erdekessegek-hu\/vizkopo-gekko\/5955\/#primaryimage\",\"url\":\"https:\/\/terraplaza.com\/magazin\/wp-content\/uploads\/2024\/07\/MG_6656-scaled.jpg\",\"contentUrl\":\"https:\/\/terraplaza.com\/magazin\/wp-content\/uploads\/2024\/07\/MG_6656-scaled.jpg\",\"width\":2560,\"height\":1707},{\"@type\":\"BreadcrumbList\",\"@id\":\"https:\/\/terraplaza.com\/magazin\/hu\/erdekessegek-hu\/vizkopo-gekko\/5955\/#breadcrumb\",\"itemListElement\":[{\"@type\":\"ListItem\",\"position\":1,\"name\":\"Kezd\u0151lap\",\"item\":\"https:\/\/terraplaza.com\/magazin\/hu\/\"},{\"@type\":\"ListItem\",\"position\":2,\"name\":\"V\u00edzk\u00f6p\u0151 gekk\u00f3\"}]},{\"@type\":\"WebSite\",\"@id\":\"https:\/\/terraplaza.com\/magazin\/#website\",\"url\":\"https:\/\/terraplaza.com\/magazin\/\",\"name\":\"TerraPlaza magazin\",\"description\":\"Term\u00e9szet szeretet \u00e9s felel\u0151s \u00e1llattart\u00e1s naprak\u00e9sz inform\u00e1ci\u00f3kkal \u2013 terrarisztika \u00e9s akvarisztika szakport\u00e1l. Hogy kedvenceidnek min\u00e9l boldogabb \u00e9lete legyen.\",\"publisher\":{\"@id\":\"https:\/\/terraplaza.com\/magazin\/#organization\"},\"alternateName\":\"terrarisztikai szakport\u00e1l\",\"potentialAction\":[{\"@type\":\"SearchAction\",\"target\":{\"@type\":\"EntryPoint\",\"urlTemplate\":\"https:\/\/terraplaza.com\/magazin\/?s={search_term_string}\"},\"query-input\":{\"@type\":\"PropertyValueSpecification\",\"valueRequired\":true,\"valueName\":\"search_term_string\"}}],\"inLanguage\":\"hu\"},{\"@type\":\"Organization\",\"@id\":\"https:\/\/terraplaza.com\/magazin\/#organization\",\"name\":\"TerraPlaza\",\"url\":\"https:\/\/terraplaza.com\/magazin\/\",\"logo\":{\"@type\":\"ImageObject\",\"inLanguage\":\"hu\",\"@id\":\"https:\/\/terraplaza.com\/magazin\/#\/schema\/logo\/image\/\",\"url\":\"https:\/\/terraplaza.com\/magazin\/wp-content\/uploads\/2023\/07\/Kepernyofoto-2023-07-24-18.20.04.png\",\"contentUrl\":\"https:\/\/terraplaza.com\/magazin\/wp-content\/uploads\/2023\/07\/Kepernyofoto-2023-07-24-18.20.04.png\",\"width\":1502,\"height\":382,\"caption\":\"TerraPlaza\"},\"image\":{\"@id\":\"https:\/\/terraplaza.com\/magazin\/#\/schema\/logo\/image\/\"},\"sameAs\":[\"https:\/\/www.facebook.com\/terraplaza\"]},{\"@type\":\"Person\",\"@id\":\"https:\/\/terraplaza.com\/magazin\/#\/schema\/person\/e66663430504e2992e83c4281b792916\",\"name\":\"Asz\u00f3di Alexandra\",\"image\":{\"@type\":\"ImageObject\",\"inLanguage\":\"hu\",\"@id\":\"https:\/\/terraplaza.com\/magazin\/wp-content\/uploads\/2023\/08\/368727474_107768182422327_2489139009773479332_n-150x150.jpg\",\"url\":\"https:\/\/terraplaza.com\/magazin\/wp-content\/uploads\/2023\/08\/368727474_107768182422327_2489139009773479332_n-150x150.jpg\",\"contentUrl\":\"https:\/\/terraplaza.com\/magazin\/wp-content\/uploads\/2023\/08\/368727474_107768182422327_2489139009773479332_n-150x150.jpg\",\"caption\":\"Asz\u00f3di Alexandra\"},\"description\":\"https:\/\/www.tiktok.com\/@little_reptilegirl\",\"sameAs\":[\"https:\/\/www.facebook.com\/Dragonheartbreeders\",\"https:\/\/www.facebook.com\/Kamekoo\",\"https:\/\/www.instagram.com\/little_reptilegirl\/\",\"https:\/\/youtube.com\/@littlereptilegirl3661\"],\"url\":\"https:\/\/terraplaza.com\/magazin\/author\/szandi\/\"}]}<\/script>\n<!-- \/ Yoast SEO plugin. -->","yoast_head_json":{"title":"V\u00edzk\u00f6p\u0151 gekk\u00f3 &#8211; TerraPlaza magazin","description":"A v\u00edzk\u00f6p\u0151 gekk\u00f3 (Rhacodactylus auriculatus) egy nyugodt term\u00e9szet\u0171 gekk\u00f3 faj, mely tart\u00e1sa k\u00f6zel azonos az \u00e9l\u0151hely\u00e9n vagyis \u00daj-Kaled\u00f3ni\u00e1ban megtal\u00e1lhat\u00f3 vitorl\u00e1s gekk\u00f3\u00e9val (Correlophus ciliatus). B\u00e1r nem egy stresszes faj, r\u00e1 is ugyan\u00fagy jellemz\u0151, hogy vesz\u00e9lyhelyzet eset\u00e9n a fark\u00e1t eldobja. Ugyan farka visszan\u0151, b\u00e1r nem t\u00f6k\u00e9letes form\u00e1j\u00e1ban. K\u00e9zbev\u00e9telkor \u00fcgyelj\u00fcnk arra, hogy ne teremts\u00fcnk stresszhelyzetet az \u00e1llat sz\u00e1m\u00e1ra, \u00edgy ezt k\u00f6nnyed\u00e9n elker\u00fclhetj\u00fck.","robots":{"index":"index","follow":"follow","max-snippet":"max-snippet:-1","max-image-preview":"max-image-preview:large","max-video-preview":"max-video-preview:-1"},"canonical":"https:\/\/terraplaza.com\/magazin\/hu\/erdekessegek-hu\/vizkopo-gekko\/5955\/","og_locale":"hu_HU","og_type":"article","og_title":"V\u00edzk\u00f6p\u0151 gekk\u00f3 &#8211; TerraPlaza magazin","og_description":"A v\u00edzk\u00f6p\u0151 gekk\u00f3 (Rhacodactylus auriculatus) egy nyugodt term\u00e9szet\u0171 gekk\u00f3 faj, mely tart\u00e1sa k\u00f6zel azonos az \u00e9l\u0151hely\u00e9n vagyis \u00daj-Kaled\u00f3ni\u00e1ban megtal\u00e1lhat\u00f3 vitorl\u00e1s gekk\u00f3\u00e9val (Correlophus ciliatus). B\u00e1r nem egy stresszes faj, r\u00e1 is ugyan\u00fagy jellemz\u0151, hogy vesz\u00e9lyhelyzet eset\u00e9n a fark\u00e1t eldobja. Ugyan farka visszan\u0151, b\u00e1r nem t\u00f6k\u00e9letes form\u00e1j\u00e1ban. K\u00e9zbev\u00e9telkor \u00fcgyelj\u00fcnk arra, hogy ne teremts\u00fcnk stresszhelyzetet az \u00e1llat sz\u00e1m\u00e1ra, \u00edgy ezt k\u00f6nnyed\u00e9n elker\u00fclhetj\u00fck.","og_url":"https:\/\/terraplaza.com\/magazin\/hu\/erdekessegek-hu\/vizkopo-gekko\/5955\/","og_site_name":"TerraPlaza magazin","article_publisher":"https:\/\/www.facebook.com\/terraplaza","article_author":"https:\/\/www.facebook.com\/Kamekoo","article_published_time":"2024-11-14T11:00:34+00:00","og_image":[{"width":2560,"height":1707,"url":"https:\/\/terraplaza.com\/magazin\/wp-content\/uploads\/2024\/07\/MG_6656-scaled.jpg","type":"image\/jpeg"}],"author":"Asz\u00f3di Alexandra","twitter_card":"summary_large_image","twitter_misc":{"Szerz\u0151:":"Asz\u00f3di Alexandra","Becs\u00fclt olvas\u00e1si id\u0151":"1 perc"},"schema":{"@context":"https:\/\/schema.org","@graph":[{"@type":"Article","@id":"https:\/\/terraplaza.com\/magazin\/hu\/erdekessegek-hu\/vizkopo-gekko\/5955\/#article","isPartOf":{"@id":"https:\/\/terraplaza.com\/magazin\/hu\/erdekessegek-hu\/vizkopo-gekko\/5955\/"},"author":{"name":"Asz\u00f3di Alexandra","@id":"https:\/\/terraplaza.com\/magazin\/#\/schema\/person\/e66663430504e2992e83c4281b792916"},"headline":"V\u00edzk\u00f6p\u0151 gekk\u00f3","datePublished":"2024-11-14T11:00:34+00:00","mainEntityOfPage":{"@id":"https:\/\/terraplaza.com\/magazin\/hu\/erdekessegek-hu\/vizkopo-gekko\/5955\/"},"wordCount":95,"publisher":{"@id":"https:\/\/terraplaza.com\/magazin\/#organization"},"image":{"@id":"https:\/\/terraplaza.com\/magazin\/hu\/erdekessegek-hu\/vizkopo-gekko\/5955\/#primaryimage"},"thumbnailUrl":"https:\/\/terraplaza.com\/magazin\/wp-content\/uploads\/2024\/07\/MG_6656-scaled.jpg","keywords":["\u00c9rdekess\u00e9gek","Gekk\u00f3k","v\u00edzk\u00f6p\u0151 gekk\u00f3"],"articleSection":["\u00c9rdekess\u00e9gek"],"inLanguage":"hu"},{"@type":"WebPage","@id":"https:\/\/terraplaza.com\/magazin\/hu\/erdekessegek-hu\/vizkopo-gekko\/5955\/","url":"https:\/\/terraplaza.com\/magazin\/hu\/erdekessegek-hu\/vizkopo-gekko\/5955\/","name":"V\u00edzk\u00f6p\u0151 gekk\u00f3 &#8211; TerraPlaza magazin","isPartOf":{"@id":"https:\/\/terraplaza.com\/magazin\/#website"},"primaryImageOfPage":{"@id":"https:\/\/terraplaza.com\/magazin\/hu\/erdekessegek-hu\/vizkopo-gekko\/5955\/#primaryimage"},"image":{"@id":"https:\/\/terraplaza.com\/magazin\/hu\/erdekessegek-hu\/vizkopo-gekko\/5955\/#primaryimage"},"thumbnailUrl":"https:\/\/terraplaza.com\/magazin\/wp-content\/uploads\/2024\/07\/MG_6656-scaled.jpg","datePublished":"2024-11-14T11:00:34+00:00","description":"A v\u00edzk\u00f6p\u0151 gekk\u00f3 (Rhacodactylus auriculatus) egy nyugodt term\u00e9szet\u0171 gekk\u00f3 faj, mely tart\u00e1sa k\u00f6zel azonos az \u00e9l\u0151hely\u00e9n vagyis \u00daj-Kaled\u00f3ni\u00e1ban megtal\u00e1lhat\u00f3 vitorl\u00e1s gekk\u00f3\u00e9val (Correlophus ciliatus). B\u00e1r nem egy stresszes faj, r\u00e1 is ugyan\u00fagy jellemz\u0151, hogy vesz\u00e9lyhelyzet eset\u00e9n a fark\u00e1t eldobja. Ugyan farka visszan\u0151, b\u00e1r nem t\u00f6k\u00e9letes form\u00e1j\u00e1ban. K\u00e9zbev\u00e9telkor \u00fcgyelj\u00fcnk arra, hogy ne teremts\u00fcnk stresszhelyzetet az \u00e1llat sz\u00e1m\u00e1ra, \u00edgy ezt k\u00f6nnyed\u00e9n elker\u00fclhetj\u00fck.","breadcrumb":{"@id":"https:\/\/terraplaza.com\/magazin\/hu\/erdekessegek-hu\/vizkopo-gekko\/5955\/#breadcrumb"},"inLanguage":"hu","potentialAction":[{"@type":"ReadAction","target":["https:\/\/terraplaza.com\/magazin\/hu\/erdekessegek-hu\/vizkopo-gekko\/5955\/"]}]},{"@type":"ImageObject","inLanguage":"hu","@id":"https:\/\/terraplaza.com\/magazin\/hu\/erdekessegek-hu\/vizkopo-gekko\/5955\/#primaryimage","url":"https:\/\/terraplaza.com\/magazin\/wp-content\/uploads\/2024\/07\/MG_6656-scaled.jpg","contentUrl":"https:\/\/terraplaza.com\/magazin\/wp-content\/uploads\/2024\/07\/MG_6656-scaled.jpg","width":2560,"height":1707},{"@type":"BreadcrumbList","@id":"https:\/\/terraplaza.com\/magazin\/hu\/erdekessegek-hu\/vizkopo-gekko\/5955\/#breadcrumb","itemListElement":[{"@type":"ListItem","position":1,"name":"Kezd\u0151lap","item":"https:\/\/terraplaza.com\/magazin\/hu\/"},{"@type":"ListItem","position":2,"name":"V\u00edzk\u00f6p\u0151 gekk\u00f3"}]},{"@type":"WebSite","@id":"https:\/\/terraplaza.com\/magazin\/#website","url":"https:\/\/terraplaza.com\/magazin\/","name":"TerraPlaza magazin","description":"Term\u00e9szet szeretet \u00e9s felel\u0151s \u00e1llattart\u00e1s naprak\u00e9sz inform\u00e1ci\u00f3kkal \u2013 terrarisztika \u00e9s akvarisztika szakport\u00e1l. Hogy kedvenceidnek min\u00e9l boldogabb \u00e9lete legyen.","publisher":{"@id":"https:\/\/terraplaza.com\/magazin\/#organization"},"alternateName":"terrarisztikai szakport\u00e1l","potentialAction":[{"@type":"SearchAction","target":{"@type":"EntryPoint","urlTemplate":"https:\/\/terraplaza.com\/magazin\/?s={search_term_string}"},"query-input":{"@type":"PropertyValueSpecification","valueRequired":true,"valueName":"search_term_string"}}],"inLanguage":"hu"},{"@type":"Organization","@id":"https:\/\/terraplaza.com\/magazin\/#organization","name":"TerraPlaza","url":"https:\/\/terraplaza.com\/magazin\/","logo":{"@type":"ImageObject","inLanguage":"hu","@id":"https:\/\/terraplaza.com\/magazin\/#\/schema\/logo\/image\/","url":"https:\/\/terraplaza.com\/magazin\/wp-content\/uploads\/2023\/07\/Kepernyofoto-2023-07-24-18.20.04.png","contentUrl":"https:\/\/terraplaza.com\/magazin\/wp-content\/uploads\/2023\/07\/Kepernyofoto-2023-07-24-18.20.04.png","width":1502,"height":382,"caption":"TerraPlaza"},"image":{"@id":"https:\/\/terraplaza.com\/magazin\/#\/schema\/logo\/image\/"},"sameAs":["https:\/\/www.facebook.com\/terraplaza"]},{"@type":"Person","@id":"https:\/\/terraplaza.com\/magazin\/#\/schema\/person\/e66663430504e2992e83c4281b792916","name":"Asz\u00f3di Alexandra","image":{"@type":"ImageObject","inLanguage":"hu","@id":"https:\/\/terraplaza.com\/magazin\/wp-content\/uploads\/2023\/08\/368727474_107768182422327_2489139009773479332_n-150x150.jpg","url":"https:\/\/terraplaza.com\/magazin\/wp-content\/uploads\/2023\/08\/368727474_107768182422327_2489139009773479332_n-150x150.jpg","contentUrl":"https:\/\/terraplaza.com\/magazin\/wp-content\/uploads\/2023\/08\/368727474_107768182422327_2489139009773479332_n-150x150.jpg","caption":"Asz\u00f3di Alexandra"},"description":"https:\/\/www.tiktok.com\/@little_reptilegirl","sameAs":["https:\/\/www.facebook.com\/Dragonheartbreeders","https:\/\/www.facebook.com\/Kamekoo","https:\/\/www.instagram.com\/little_reptilegirl\/","https:\/\/youtube.com\/@littlereptilegirl3661"],"url":"https:\/\/terraplaza.com\/magazin\/author\/szandi\/"}]}},"views":758,"_links":{"self":[{"href":"https:\/\/terraplaza.com\/magazin\/wp-json\/wp\/v2\/posts\/5955","targetHints":{"allow":["GET"]}}],"collection":[{"href":"https:\/\/terraplaza.com\/magazin\/wp-json\/wp\/v2\/posts"}],"about":[{"href":"https:\/\/terraplaza.com\/magazin\/wp-json\/wp\/v2\/types\/post"}],"author":[{"embeddable":true,"href":"https:\/\/terraplaza.com\/magazin\/wp-json\/wp\/v2\/users\/3"}],"replies":[{"embeddable":true,"href":"https:\/\/terraplaza.com\/magazin\/wp-json\/wp\/v2\/comments?post=5955"}],"version-history":[{"count":1,"href":"https:\/\/terraplaza.com\/magazin\/wp-json\/wp\/v2\/posts\/5955\/revisions"}],"predecessor-version":[{"id":5957,"href":"https:\/\/terraplaza.com\/magazin\/wp-json\/wp\/v2\/posts\/5955\/revisions\/5957"}],"wp:featuredmedia":[{"embeddable":true,"href":"https:\/\/terraplaza.com\/magazin\/wp-json\/wp\/v2\/media\/5956"}],"wp:attachment":[{"href":"https:\/\/terraplaza.com\/magazin\/wp-json\/wp\/v2\/media?parent=5955"}],"wp:term":[{"taxonomy":"category","embeddable":true,"href":"https:\/\/terraplaza.com\/magazin\/wp-json\/wp\/v2\/categories?post=5955"},{"taxonomy":"post_tag","embeddable":true,"href":"https:\/\/terraplaza.com\/magazin\/wp-json\/wp\/v2\/tags?post=5955"}],"curies":[{"name":"wp","href":"https:\/\/api.w.org\/{rel}","templated":true}]}}