{"id":6050,"date":"2024-12-14T07:48:00","date_gmt":"2024-12-14T06:48:00","guid":{"rendered":"https:\/\/terraplaza.com\/magazin\/?p=6050"},"modified":"2024-07-26T07:52:08","modified_gmt":"2024-07-26T05:52:08","slug":"hogyan-latnak-a-kigyok","status":"publish","type":"post","link":"https:\/\/terraplaza.com\/magazin\/hu\/erdekessegek-hu\/hogyan-latnak-a-kigyok\/6050\/","title":{"rendered":"Hogyan l\u00e1tnak a k\u00edgy\u00f3k?"},"content":{"rendered":"\n<p>A k\u00edgy\u00f3k l\u00e1t\u00e1sa fajt\u00f3l f\u00fcgg\u0151en nagyon j\u00f3l alkalmazkodott mind a nappali, mind az \u00e9jszakai vad\u00e1szathoz. A nappal vad\u00e1sz\u00f3 k\u00edgy\u00f3k szemlencs\u00e9je p\u00e9ld\u00e1ul \u00fagy funkcion\u00e1l ak\u00e1r egy &#8222;napszem\u00fcveg&#8221;. Ennek seg\u00edts\u00e9g\u00e9vel az \u00e1llat k\u00e9pes kisz\u0171rni az ultraibolya f\u00e9nyt, l\u00e1t\u00e1sa pedig ki\u00e9lesedik. Ezzel szemben az \u00e9jjel vad\u00e1sz\u00f3 k\u00edgy\u00f3k szemlencs\u00e9je \u00fagy alakult ki, hogy az ultraibolya f\u00e9nyt \u00e1tengedje, ezzel is k\u00f6nnyebb\u00e9 t\u00e9ve az \u00e9jszakai l\u00e1t\u00e1st.<\/p>\n","protected":false},"excerpt":{"rendered":"<p>A k\u00edgy\u00f3k l\u00e1t\u00e1sa fajt\u00f3l f\u00fcgg\u0151en nagyon j\u00f3l alkalmazkodott mind a nappali, mind az \u00e9jszakai vad\u00e1szathoz. A nappal vad\u00e1sz\u00f3 k\u00edgy\u00f3k szemlencs\u00e9je p\u00e9ld\u00e1ul \u00fagy funkcion\u00e1l ak\u00e1r egy &#8222;napszem\u00fcveg&#8221;. Ennek seg\u00edts\u00e9g\u00e9vel az \u00e1llat k\u00e9pes kisz\u0171rni az ultraibolya f\u00e9nyt, l\u00e1t\u00e1sa pedig ki\u00e9lesedik. Ezzel szemben az \u00e9jjel vad\u00e1sz\u00f3 k\u00edgy\u00f3k szemlencs\u00e9je \u00fagy alakult ki, hogy az ultraibolya f\u00e9nyt \u00e1tengedje, ezzel is<\/p>\n","protected":false},"author":4,"featured_media":6051,"comment_status":"closed","ping_status":"open","sticky":false,"template":"","format":"standard","meta":{"footnotes":""},"categories":[493],"tags":[495,85],"class_list":{"0":"post-6050","1":"post","2":"type-post","3":"status-publish","4":"format-standard","5":"has-post-thumbnail","7":"category-erdekessegek-hu","8":"tag-erdekessegek-hu","9":"tag-kigyok-hu"},"yoast_head":"<!-- This site is optimized with the Yoast SEO plugin v27.2 - https:\/\/yoast.com\/product\/yoast-seo-wordpress\/ -->\n<title>Hogyan l\u00e1tnak a k\u00edgy\u00f3k? &#8211; TerraPlaza magazin<\/title>\n<meta name=\"description\" content=\"A k\u00edgy\u00f3k l\u00e1t\u00e1sa fajt\u00f3l f\u00fcgg\u0151en nagyon j\u00f3l alkalmazkodott mind a nappali, mind az \u00e9jszakai vad\u00e1szathoz. A nappal vad\u00e1sz\u00f3 k\u00edgy\u00f3k szemlencs\u00e9je p\u00e9ld\u00e1ul \u00fagy funkcion\u00e1l ak\u00e1r egy &quot;napszem\u00fcveg&quot;. Ennek seg\u00edts\u00e9g\u00e9vel az \u00e1llat k\u00e9pes kisz\u0171rni az ultraibolya f\u00e9nyt, l\u00e1t\u00e1sa pedig ki\u00e9lesedik. Ezzel szemben az \u00e9jjel vad\u00e1sz\u00f3 k\u00edgy\u00f3k szemlencs\u00e9je \u00fagy alakult ki, hogy az ultraibolya f\u00e9nyt \u00e1tengedje, ezzel is k\u00f6nnyebb\u00e9 t\u00e9ve az \u00e9jszakai l\u00e1t\u00e1st.\" \/>\n<meta name=\"robots\" content=\"index, follow, max-snippet:-1, max-image-preview:large, max-video-preview:-1\" \/>\n<link rel=\"canonical\" href=\"https:\/\/terraplaza.com\/magazin\/hu\/erdekessegek-hu\/hogyan-latnak-a-kigyok\/6050\/\" \/>\n<meta property=\"og:locale\" content=\"hu_HU\" \/>\n<meta property=\"og:type\" content=\"article\" \/>\n<meta property=\"og:title\" content=\"Hogyan l\u00e1tnak a k\u00edgy\u00f3k? &#8211; TerraPlaza magazin\" \/>\n<meta property=\"og:description\" content=\"A k\u00edgy\u00f3k l\u00e1t\u00e1sa fajt\u00f3l f\u00fcgg\u0151en nagyon j\u00f3l alkalmazkodott mind a nappali, mind az \u00e9jszakai vad\u00e1szathoz. A nappal vad\u00e1sz\u00f3 k\u00edgy\u00f3k szemlencs\u00e9je p\u00e9ld\u00e1ul \u00fagy funkcion\u00e1l ak\u00e1r egy &quot;napszem\u00fcveg&quot;. Ennek seg\u00edts\u00e9g\u00e9vel az \u00e1llat k\u00e9pes kisz\u0171rni az ultraibolya f\u00e9nyt, l\u00e1t\u00e1sa pedig ki\u00e9lesedik. Ezzel szemben az \u00e9jjel vad\u00e1sz\u00f3 k\u00edgy\u00f3k szemlencs\u00e9je \u00fagy alakult ki, hogy az ultraibolya f\u00e9nyt \u00e1tengedje, ezzel is k\u00f6nnyebb\u00e9 t\u00e9ve az \u00e9jszakai l\u00e1t\u00e1st.\" \/>\n<meta property=\"og:url\" content=\"https:\/\/terraplaza.com\/magazin\/hu\/erdekessegek-hu\/hogyan-latnak-a-kigyok\/6050\/\" \/>\n<meta property=\"og:site_name\" content=\"TerraPlaza magazin\" \/>\n<meta property=\"article:publisher\" content=\"https:\/\/www.facebook.com\/terraplaza\" \/>\n<meta property=\"article:author\" content=\"https:\/\/www.facebook.com\/profile.php?id=100085996470437\" \/>\n<meta property=\"article:published_time\" content=\"2024-12-14T06:48:00+00:00\" \/>\n<meta property=\"og:image\" content=\"https:\/\/terraplaza.com\/magazin\/wp-content\/uploads\/2024\/07\/MG_7059-scaled.jpg\" \/>\n\t<meta property=\"og:image:width\" content=\"2560\" \/>\n\t<meta property=\"og:image:height\" content=\"1707\" \/>\n\t<meta property=\"og:image:type\" content=\"image\/jpeg\" \/>\n<meta name=\"author\" content=\"Hegyi Fl\u00f3ra\" \/>\n<meta name=\"twitter:card\" content=\"summary_large_image\" \/>\n<meta name=\"twitter:label1\" content=\"Szerz\u0151:\" \/>\n\t<meta name=\"twitter:data1\" content=\"Hegyi Fl\u00f3ra\" \/>\n\t<meta name=\"twitter:label2\" content=\"Becs\u00fclt olvas\u00e1si id\u0151\" \/>\n\t<meta name=\"twitter:data2\" content=\"1 perc\" \/>\n<script type=\"application\/ld+json\" class=\"yoast-schema-graph\">{\"@context\":\"https:\/\/schema.org\",\"@graph\":[{\"@type\":\"Article\",\"@id\":\"https:\/\/terraplaza.com\/magazin\/hu\/erdekessegek-hu\/hogyan-latnak-a-kigyok\/6050\/#article\",\"isPartOf\":{\"@id\":\"https:\/\/terraplaza.com\/magazin\/hu\/erdekessegek-hu\/hogyan-latnak-a-kigyok\/6050\/\"},\"author\":{\"name\":\"Hegyi Fl\u00f3ra\",\"@id\":\"https:\/\/terraplaza.com\/magazin\/#\/schema\/person\/5285c1baeff38887a832e75786e8f8c5\"},\"headline\":\"Hogyan l\u00e1tnak a k\u00edgy\u00f3k?\",\"datePublished\":\"2024-12-14T06:48:00+00:00\",\"mainEntityOfPage\":{\"@id\":\"https:\/\/terraplaza.com\/magazin\/hu\/erdekessegek-hu\/hogyan-latnak-a-kigyok\/6050\/\"},\"wordCount\":103,\"publisher\":{\"@id\":\"https:\/\/terraplaza.com\/magazin\/#organization\"},\"image\":{\"@id\":\"https:\/\/terraplaza.com\/magazin\/hu\/erdekessegek-hu\/hogyan-latnak-a-kigyok\/6050\/#primaryimage\"},\"thumbnailUrl\":\"https:\/\/terraplaza.com\/magazin\/wp-content\/uploads\/2024\/07\/MG_7059-scaled.jpg\",\"keywords\":[\"\u00c9rdekess\u00e9gek\",\"K\u00edgy\u00f3k\"],\"articleSection\":[\"\u00c9rdekess\u00e9gek\"],\"inLanguage\":\"hu\"},{\"@type\":\"WebPage\",\"@id\":\"https:\/\/terraplaza.com\/magazin\/hu\/erdekessegek-hu\/hogyan-latnak-a-kigyok\/6050\/\",\"url\":\"https:\/\/terraplaza.com\/magazin\/hu\/erdekessegek-hu\/hogyan-latnak-a-kigyok\/6050\/\",\"name\":\"Hogyan l\u00e1tnak a k\u00edgy\u00f3k? &#8211; TerraPlaza magazin\",\"isPartOf\":{\"@id\":\"https:\/\/terraplaza.com\/magazin\/#website\"},\"primaryImageOfPage\":{\"@id\":\"https:\/\/terraplaza.com\/magazin\/hu\/erdekessegek-hu\/hogyan-latnak-a-kigyok\/6050\/#primaryimage\"},\"image\":{\"@id\":\"https:\/\/terraplaza.com\/magazin\/hu\/erdekessegek-hu\/hogyan-latnak-a-kigyok\/6050\/#primaryimage\"},\"thumbnailUrl\":\"https:\/\/terraplaza.com\/magazin\/wp-content\/uploads\/2024\/07\/MG_7059-scaled.jpg\",\"datePublished\":\"2024-12-14T06:48:00+00:00\",\"description\":\"A k\u00edgy\u00f3k l\u00e1t\u00e1sa fajt\u00f3l f\u00fcgg\u0151en nagyon j\u00f3l alkalmazkodott mind a nappali, mind az \u00e9jszakai vad\u00e1szathoz. A nappal vad\u00e1sz\u00f3 k\u00edgy\u00f3k szemlencs\u00e9je p\u00e9ld\u00e1ul \u00fagy funkcion\u00e1l ak\u00e1r egy \\\"napszem\u00fcveg\\\". Ennek seg\u00edts\u00e9g\u00e9vel az \u00e1llat k\u00e9pes kisz\u0171rni az ultraibolya f\u00e9nyt, l\u00e1t\u00e1sa pedig ki\u00e9lesedik. Ezzel szemben az \u00e9jjel vad\u00e1sz\u00f3 k\u00edgy\u00f3k szemlencs\u00e9je \u00fagy alakult ki, hogy az ultraibolya f\u00e9nyt \u00e1tengedje, ezzel is k\u00f6nnyebb\u00e9 t\u00e9ve az \u00e9jszakai l\u00e1t\u00e1st.\",\"breadcrumb\":{\"@id\":\"https:\/\/terraplaza.com\/magazin\/hu\/erdekessegek-hu\/hogyan-latnak-a-kigyok\/6050\/#breadcrumb\"},\"inLanguage\":\"hu\",\"potentialAction\":[{\"@type\":\"ReadAction\",\"target\":[\"https:\/\/terraplaza.com\/magazin\/hu\/erdekessegek-hu\/hogyan-latnak-a-kigyok\/6050\/\"]}]},{\"@type\":\"ImageObject\",\"inLanguage\":\"hu\",\"@id\":\"https:\/\/terraplaza.com\/magazin\/hu\/erdekessegek-hu\/hogyan-latnak-a-kigyok\/6050\/#primaryimage\",\"url\":\"https:\/\/terraplaza.com\/magazin\/wp-content\/uploads\/2024\/07\/MG_7059-scaled.jpg\",\"contentUrl\":\"https:\/\/terraplaza.com\/magazin\/wp-content\/uploads\/2024\/07\/MG_7059-scaled.jpg\",\"width\":2560,\"height\":1707},{\"@type\":\"BreadcrumbList\",\"@id\":\"https:\/\/terraplaza.com\/magazin\/hu\/erdekessegek-hu\/hogyan-latnak-a-kigyok\/6050\/#breadcrumb\",\"itemListElement\":[{\"@type\":\"ListItem\",\"position\":1,\"name\":\"Kezd\u0151lap\",\"item\":\"https:\/\/terraplaza.com\/magazin\/hu\/\"},{\"@type\":\"ListItem\",\"position\":2,\"name\":\"Hogyan l\u00e1tnak a k\u00edgy\u00f3k?\"}]},{\"@type\":\"WebSite\",\"@id\":\"https:\/\/terraplaza.com\/magazin\/#website\",\"url\":\"https:\/\/terraplaza.com\/magazin\/\",\"name\":\"TerraPlaza magazin\",\"description\":\"Term\u00e9szet szeretet \u00e9s felel\u0151s \u00e1llattart\u00e1s naprak\u00e9sz inform\u00e1ci\u00f3kkal \u2013 terrarisztika \u00e9s akvarisztika szakport\u00e1l. Hogy kedvenceidnek min\u00e9l boldogabb \u00e9lete legyen.\",\"publisher\":{\"@id\":\"https:\/\/terraplaza.com\/magazin\/#organization\"},\"alternateName\":\"terrarisztikai szakport\u00e1l\",\"potentialAction\":[{\"@type\":\"SearchAction\",\"target\":{\"@type\":\"EntryPoint\",\"urlTemplate\":\"https:\/\/terraplaza.com\/magazin\/?s={search_term_string}\"},\"query-input\":{\"@type\":\"PropertyValueSpecification\",\"valueRequired\":true,\"valueName\":\"search_term_string\"}}],\"inLanguage\":\"hu\"},{\"@type\":\"Organization\",\"@id\":\"https:\/\/terraplaza.com\/magazin\/#organization\",\"name\":\"TerraPlaza\",\"url\":\"https:\/\/terraplaza.com\/magazin\/\",\"logo\":{\"@type\":\"ImageObject\",\"inLanguage\":\"hu\",\"@id\":\"https:\/\/terraplaza.com\/magazin\/#\/schema\/logo\/image\/\",\"url\":\"https:\/\/terraplaza.com\/magazin\/wp-content\/uploads\/2023\/07\/Kepernyofoto-2023-07-24-18.20.04.png\",\"contentUrl\":\"https:\/\/terraplaza.com\/magazin\/wp-content\/uploads\/2023\/07\/Kepernyofoto-2023-07-24-18.20.04.png\",\"width\":1502,\"height\":382,\"caption\":\"TerraPlaza\"},\"image\":{\"@id\":\"https:\/\/terraplaza.com\/magazin\/#\/schema\/logo\/image\/\"},\"sameAs\":[\"https:\/\/www.facebook.com\/terraplaza\"]},{\"@type\":\"Person\",\"@id\":\"https:\/\/terraplaza.com\/magazin\/#\/schema\/person\/5285c1baeff38887a832e75786e8f8c5\",\"name\":\"Hegyi Fl\u00f3ra\",\"image\":{\"@type\":\"ImageObject\",\"inLanguage\":\"hu\",\"@id\":\"https:\/\/terraplaza.com\/magazin\/wp-content\/uploads\/2023\/08\/363462021_274066498714188_4910988042055021383_n-150x150.jpg\",\"url\":\"https:\/\/terraplaza.com\/magazin\/wp-content\/uploads\/2023\/08\/363462021_274066498714188_4910988042055021383_n-150x150.jpg\",\"contentUrl\":\"https:\/\/terraplaza.com\/magazin\/wp-content\/uploads\/2023\/08\/363462021_274066498714188_4910988042055021383_n-150x150.jpg\",\"caption\":\"Hegyi Fl\u00f3ra\"},\"description\":\"https:\/\/www.tiktok.com\/@the_buglady\",\"sameAs\":[\"https:\/\/www.facebook.com\/profile.php?id=100085996470437\",\"https:\/\/www.instagram.com\/the_buglady\"],\"url\":\"https:\/\/terraplaza.com\/magazin\/author\/hflora\/\"}]}<\/script>\n<!-- \/ Yoast SEO plugin. -->","yoast_head_json":{"title":"Hogyan l\u00e1tnak a k\u00edgy\u00f3k? &#8211; TerraPlaza magazin","description":"A k\u00edgy\u00f3k l\u00e1t\u00e1sa fajt\u00f3l f\u00fcgg\u0151en nagyon j\u00f3l alkalmazkodott mind a nappali, mind az \u00e9jszakai vad\u00e1szathoz. A nappal vad\u00e1sz\u00f3 k\u00edgy\u00f3k szemlencs\u00e9je p\u00e9ld\u00e1ul \u00fagy funkcion\u00e1l ak\u00e1r egy \"napszem\u00fcveg\". Ennek seg\u00edts\u00e9g\u00e9vel az \u00e1llat k\u00e9pes kisz\u0171rni az ultraibolya f\u00e9nyt, l\u00e1t\u00e1sa pedig ki\u00e9lesedik. Ezzel szemben az \u00e9jjel vad\u00e1sz\u00f3 k\u00edgy\u00f3k szemlencs\u00e9je \u00fagy alakult ki, hogy az ultraibolya f\u00e9nyt \u00e1tengedje, ezzel is k\u00f6nnyebb\u00e9 t\u00e9ve az \u00e9jszakai l\u00e1t\u00e1st.","robots":{"index":"index","follow":"follow","max-snippet":"max-snippet:-1","max-image-preview":"max-image-preview:large","max-video-preview":"max-video-preview:-1"},"canonical":"https:\/\/terraplaza.com\/magazin\/hu\/erdekessegek-hu\/hogyan-latnak-a-kigyok\/6050\/","og_locale":"hu_HU","og_type":"article","og_title":"Hogyan l\u00e1tnak a k\u00edgy\u00f3k? &#8211; TerraPlaza magazin","og_description":"A k\u00edgy\u00f3k l\u00e1t\u00e1sa fajt\u00f3l f\u00fcgg\u0151en nagyon j\u00f3l alkalmazkodott mind a nappali, mind az \u00e9jszakai vad\u00e1szathoz. A nappal vad\u00e1sz\u00f3 k\u00edgy\u00f3k szemlencs\u00e9je p\u00e9ld\u00e1ul \u00fagy funkcion\u00e1l ak\u00e1r egy \"napszem\u00fcveg\". Ennek seg\u00edts\u00e9g\u00e9vel az \u00e1llat k\u00e9pes kisz\u0171rni az ultraibolya f\u00e9nyt, l\u00e1t\u00e1sa pedig ki\u00e9lesedik. Ezzel szemben az \u00e9jjel vad\u00e1sz\u00f3 k\u00edgy\u00f3k szemlencs\u00e9je \u00fagy alakult ki, hogy az ultraibolya f\u00e9nyt \u00e1tengedje, ezzel is k\u00f6nnyebb\u00e9 t\u00e9ve az \u00e9jszakai l\u00e1t\u00e1st.","og_url":"https:\/\/terraplaza.com\/magazin\/hu\/erdekessegek-hu\/hogyan-latnak-a-kigyok\/6050\/","og_site_name":"TerraPlaza magazin","article_publisher":"https:\/\/www.facebook.com\/terraplaza","article_author":"https:\/\/www.facebook.com\/profile.php?id=100085996470437","article_published_time":"2024-12-14T06:48:00+00:00","og_image":[{"width":2560,"height":1707,"url":"https:\/\/terraplaza.com\/magazin\/wp-content\/uploads\/2024\/07\/MG_7059-scaled.jpg","type":"image\/jpeg"}],"author":"Hegyi Fl\u00f3ra","twitter_card":"summary_large_image","twitter_misc":{"Szerz\u0151:":"Hegyi Fl\u00f3ra","Becs\u00fclt olvas\u00e1si id\u0151":"1 perc"},"schema":{"@context":"https:\/\/schema.org","@graph":[{"@type":"Article","@id":"https:\/\/terraplaza.com\/magazin\/hu\/erdekessegek-hu\/hogyan-latnak-a-kigyok\/6050\/#article","isPartOf":{"@id":"https:\/\/terraplaza.com\/magazin\/hu\/erdekessegek-hu\/hogyan-latnak-a-kigyok\/6050\/"},"author":{"name":"Hegyi Fl\u00f3ra","@id":"https:\/\/terraplaza.com\/magazin\/#\/schema\/person\/5285c1baeff38887a832e75786e8f8c5"},"headline":"Hogyan l\u00e1tnak a k\u00edgy\u00f3k?","datePublished":"2024-12-14T06:48:00+00:00","mainEntityOfPage":{"@id":"https:\/\/terraplaza.com\/magazin\/hu\/erdekessegek-hu\/hogyan-latnak-a-kigyok\/6050\/"},"wordCount":103,"publisher":{"@id":"https:\/\/terraplaza.com\/magazin\/#organization"},"image":{"@id":"https:\/\/terraplaza.com\/magazin\/hu\/erdekessegek-hu\/hogyan-latnak-a-kigyok\/6050\/#primaryimage"},"thumbnailUrl":"https:\/\/terraplaza.com\/magazin\/wp-content\/uploads\/2024\/07\/MG_7059-scaled.jpg","keywords":["\u00c9rdekess\u00e9gek","K\u00edgy\u00f3k"],"articleSection":["\u00c9rdekess\u00e9gek"],"inLanguage":"hu"},{"@type":"WebPage","@id":"https:\/\/terraplaza.com\/magazin\/hu\/erdekessegek-hu\/hogyan-latnak-a-kigyok\/6050\/","url":"https:\/\/terraplaza.com\/magazin\/hu\/erdekessegek-hu\/hogyan-latnak-a-kigyok\/6050\/","name":"Hogyan l\u00e1tnak a k\u00edgy\u00f3k? &#8211; TerraPlaza magazin","isPartOf":{"@id":"https:\/\/terraplaza.com\/magazin\/#website"},"primaryImageOfPage":{"@id":"https:\/\/terraplaza.com\/magazin\/hu\/erdekessegek-hu\/hogyan-latnak-a-kigyok\/6050\/#primaryimage"},"image":{"@id":"https:\/\/terraplaza.com\/magazin\/hu\/erdekessegek-hu\/hogyan-latnak-a-kigyok\/6050\/#primaryimage"},"thumbnailUrl":"https:\/\/terraplaza.com\/magazin\/wp-content\/uploads\/2024\/07\/MG_7059-scaled.jpg","datePublished":"2024-12-14T06:48:00+00:00","description":"A k\u00edgy\u00f3k l\u00e1t\u00e1sa fajt\u00f3l f\u00fcgg\u0151en nagyon j\u00f3l alkalmazkodott mind a nappali, mind az \u00e9jszakai vad\u00e1szathoz. A nappal vad\u00e1sz\u00f3 k\u00edgy\u00f3k szemlencs\u00e9je p\u00e9ld\u00e1ul \u00fagy funkcion\u00e1l ak\u00e1r egy \"napszem\u00fcveg\". Ennek seg\u00edts\u00e9g\u00e9vel az \u00e1llat k\u00e9pes kisz\u0171rni az ultraibolya f\u00e9nyt, l\u00e1t\u00e1sa pedig ki\u00e9lesedik. Ezzel szemben az \u00e9jjel vad\u00e1sz\u00f3 k\u00edgy\u00f3k szemlencs\u00e9je \u00fagy alakult ki, hogy az ultraibolya f\u00e9nyt \u00e1tengedje, ezzel is k\u00f6nnyebb\u00e9 t\u00e9ve az \u00e9jszakai l\u00e1t\u00e1st.","breadcrumb":{"@id":"https:\/\/terraplaza.com\/magazin\/hu\/erdekessegek-hu\/hogyan-latnak-a-kigyok\/6050\/#breadcrumb"},"inLanguage":"hu","potentialAction":[{"@type":"ReadAction","target":["https:\/\/terraplaza.com\/magazin\/hu\/erdekessegek-hu\/hogyan-latnak-a-kigyok\/6050\/"]}]},{"@type":"ImageObject","inLanguage":"hu","@id":"https:\/\/terraplaza.com\/magazin\/hu\/erdekessegek-hu\/hogyan-latnak-a-kigyok\/6050\/#primaryimage","url":"https:\/\/terraplaza.com\/magazin\/wp-content\/uploads\/2024\/07\/MG_7059-scaled.jpg","contentUrl":"https:\/\/terraplaza.com\/magazin\/wp-content\/uploads\/2024\/07\/MG_7059-scaled.jpg","width":2560,"height":1707},{"@type":"BreadcrumbList","@id":"https:\/\/terraplaza.com\/magazin\/hu\/erdekessegek-hu\/hogyan-latnak-a-kigyok\/6050\/#breadcrumb","itemListElement":[{"@type":"ListItem","position":1,"name":"Kezd\u0151lap","item":"https:\/\/terraplaza.com\/magazin\/hu\/"},{"@type":"ListItem","position":2,"name":"Hogyan l\u00e1tnak a k\u00edgy\u00f3k?"}]},{"@type":"WebSite","@id":"https:\/\/terraplaza.com\/magazin\/#website","url":"https:\/\/terraplaza.com\/magazin\/","name":"TerraPlaza magazin","description":"Term\u00e9szet szeretet \u00e9s felel\u0151s \u00e1llattart\u00e1s naprak\u00e9sz inform\u00e1ci\u00f3kkal \u2013 terrarisztika \u00e9s akvarisztika szakport\u00e1l. Hogy kedvenceidnek min\u00e9l boldogabb \u00e9lete legyen.","publisher":{"@id":"https:\/\/terraplaza.com\/magazin\/#organization"},"alternateName":"terrarisztikai szakport\u00e1l","potentialAction":[{"@type":"SearchAction","target":{"@type":"EntryPoint","urlTemplate":"https:\/\/terraplaza.com\/magazin\/?s={search_term_string}"},"query-input":{"@type":"PropertyValueSpecification","valueRequired":true,"valueName":"search_term_string"}}],"inLanguage":"hu"},{"@type":"Organization","@id":"https:\/\/terraplaza.com\/magazin\/#organization","name":"TerraPlaza","url":"https:\/\/terraplaza.com\/magazin\/","logo":{"@type":"ImageObject","inLanguage":"hu","@id":"https:\/\/terraplaza.com\/magazin\/#\/schema\/logo\/image\/","url":"https:\/\/terraplaza.com\/magazin\/wp-content\/uploads\/2023\/07\/Kepernyofoto-2023-07-24-18.20.04.png","contentUrl":"https:\/\/terraplaza.com\/magazin\/wp-content\/uploads\/2023\/07\/Kepernyofoto-2023-07-24-18.20.04.png","width":1502,"height":382,"caption":"TerraPlaza"},"image":{"@id":"https:\/\/terraplaza.com\/magazin\/#\/schema\/logo\/image\/"},"sameAs":["https:\/\/www.facebook.com\/terraplaza"]},{"@type":"Person","@id":"https:\/\/terraplaza.com\/magazin\/#\/schema\/person\/5285c1baeff38887a832e75786e8f8c5","name":"Hegyi Fl\u00f3ra","image":{"@type":"ImageObject","inLanguage":"hu","@id":"https:\/\/terraplaza.com\/magazin\/wp-content\/uploads\/2023\/08\/363462021_274066498714188_4910988042055021383_n-150x150.jpg","url":"https:\/\/terraplaza.com\/magazin\/wp-content\/uploads\/2023\/08\/363462021_274066498714188_4910988042055021383_n-150x150.jpg","contentUrl":"https:\/\/terraplaza.com\/magazin\/wp-content\/uploads\/2023\/08\/363462021_274066498714188_4910988042055021383_n-150x150.jpg","caption":"Hegyi Fl\u00f3ra"},"description":"https:\/\/www.tiktok.com\/@the_buglady","sameAs":["https:\/\/www.facebook.com\/profile.php?id=100085996470437","https:\/\/www.instagram.com\/the_buglady"],"url":"https:\/\/terraplaza.com\/magazin\/author\/hflora\/"}]}},"views":814,"_links":{"self":[{"href":"https:\/\/terraplaza.com\/magazin\/wp-json\/wp\/v2\/posts\/6050","targetHints":{"allow":["GET"]}}],"collection":[{"href":"https:\/\/terraplaza.com\/magazin\/wp-json\/wp\/v2\/posts"}],"about":[{"href":"https:\/\/terraplaza.com\/magazin\/wp-json\/wp\/v2\/types\/post"}],"author":[{"embeddable":true,"href":"https:\/\/terraplaza.com\/magazin\/wp-json\/wp\/v2\/users\/4"}],"replies":[{"embeddable":true,"href":"https:\/\/terraplaza.com\/magazin\/wp-json\/wp\/v2\/comments?post=6050"}],"version-history":[{"count":1,"href":"https:\/\/terraplaza.com\/magazin\/wp-json\/wp\/v2\/posts\/6050\/revisions"}],"predecessor-version":[{"id":6052,"href":"https:\/\/terraplaza.com\/magazin\/wp-json\/wp\/v2\/posts\/6050\/revisions\/6052"}],"wp:featuredmedia":[{"embeddable":true,"href":"https:\/\/terraplaza.com\/magazin\/wp-json\/wp\/v2\/media\/6051"}],"wp:attachment":[{"href":"https:\/\/terraplaza.com\/magazin\/wp-json\/wp\/v2\/media?parent=6050"}],"wp:term":[{"taxonomy":"category","embeddable":true,"href":"https:\/\/terraplaza.com\/magazin\/wp-json\/wp\/v2\/categories?post=6050"},{"taxonomy":"post_tag","embeddable":true,"href":"https:\/\/terraplaza.com\/magazin\/wp-json\/wp\/v2\/tags?post=6050"}],"curies":[{"name":"wp","href":"https:\/\/api.w.org\/{rel}","templated":true}]}}