{"id":6246,"date":"2024-08-23T10:31:00","date_gmt":"2024-08-23T08:31:00","guid":{"rendered":"https:\/\/terraplaza.com\/magazin\/?p=6246"},"modified":"2024-08-24T16:13:23","modified_gmt":"2024-08-24T14:13:23","slug":"pasareti-gyula-interju-az-akvarisztika-uttorojevel","status":"publish","type":"post","link":"https:\/\/terraplaza.com\/magazin\/hu\/interju\/pasareti-gyula-interju-az-akvarisztika-uttorojevel\/6246\/","title":{"rendered":"\u201eAz egyik fantasztikus p\u00e1nc\u00e9losharcsa n\u00e1lam szaporodott a vil\u00e1gon el\u0151sz\u00f6r!\u201d"},"content":{"rendered":"\n<p><em>Pasar\u00e9ti Gyula az akvarisztika \u00fatt\u00f6r\u0151je, aki az elm\u00falt 50 \u00e9v oktat\u00e1s\u00e1\u00e9rt \u00e9s szakmai \u00e9rdemei\u00e9rt elnyerte a Magyar Arany \u00c9rdemkeresztet. Neki volt k\u00f6sz\u00f6nhet\u0151 az Orsz\u00e1gos Akvarista Napok rendezv\u00e9nye, az Akvarist\u00e1k Magyarorsz\u00e1gi Egyes\u00fclete \u00e9s a 30 \u00e9vig m\u0171k\u00f6d\u0151 Akv\u00e1rium Magazin is. K\u00e9tsz\u00e1z akv\u00e1riumos teny\u00e9szet\u00e9nek \u00e9kess\u00e9gei pedig a harcs\u00e1k, amelyekb\u0151l hatvanf\u00e9le tal\u00e1lhat\u00f3 meg n\u00e1la.<\/em><\/p>\n\n\n\n<h3 class=\"wp-block-heading\"><strong>Hogyan v\u00e1lik egy programoz\u00f3b\u00f3l halteny\u00e9szt\u0151?<\/strong><\/h3>\n\n\n\n<p>Az akvarisztika m\u00e9g az \u00e1ltal\u00e1nos iskol\u00e1ban jelent meg n\u00e1lam, majd a k\u00f6z\u00e9piskolai \u00e9s a f\u0151iskolai tanulm\u00e1nyokat is sz\u00e9pen kieg\u00e9sz\u00edtette. M\u00e1r akkor, t\u00f6bb mint \u00f6tven \u00e9vvel ezel\u0151tt, megsz\u00e1llottja lettem az akv\u00e1riumok vil\u00e1g\u00e1nak. Kerestem \u00e9s rendszeresen l\u00e1togattam az akkori halteny\u00e9szt\u0151ket, igyekeztem minden fog\u00e1st ellesni t\u0151l\u00fck. Ahogy lehetett, jogos\u00edtv\u00e1nyt szereztem, \u00edgy kiny\u00edlt a hazai akvarisztikai vil\u00e1g, egyszer\u0171bben tudtam a vid\u00e9ki teny\u00e9szt\u0151kh\u00f6z eljutni, valamint k\u00f6nnyebb lett a planktongy\u0171jt\u00e9s.<\/p>\n\n\n\n<p>Mivel matekb\u00f3l \u00e9s fizik\u00e1b\u00f3l mindig kit\u0171n\u0151 voltam, ad\u00f3dott, hogy m\u0171szaki f\u0151iskol\u00e1n folytassam tanulm\u00e1nyaimat. Itt ismerkedtem meg a rendszerprogramoz\u00e1s kih\u00edv\u00e1saival, sz\u00e9ps\u00e9geivel. Els\u0151 munkahelyemen \u00e9l\u0151ben tal\u00e1lkoztam az \u2013 akkor m\u00e9g gyerekcip\u0151ben j\u00e1r\u00f3 \u2013 informatik\u00e1val: egy NDK-s, Robotron gy\u00e1rtm\u00e1ny\u00fa R40-es sz\u00e1m\u00edt\u00f3g\u00e9p alapjait kellett ki\u00e9p\u00edteni. Ehhez m\u00e1r az els\u0151 \u00e9vekben az NDK-ba utazhattam oktat\u00e1sra. Mivel j\u00f3l fejlett amerikai informatikai szakirodalommal voltunk ell\u00e1tva, v\u00e9g\u00fcl is mi oktattuk a keletn\u00e9met munkat\u00e1rsakat.<\/p>\n\n\n\n<p>Az NDK-ban m\u00e1r akkor igen fejlett akvarisztikai \u00e9let zajlott, \u00e9s nekem nem is kellett t\u00f6bb, hamar bekapcsol\u00f3dtam az ottani programokba. Rengeteg bar\u00e1ti \u00e9s szakmai kapcsolatot \u00e9p\u00edtettem ki, amelyeknek k\u00e9s\u0151bb igen nagy haszn\u00e1t vettem. Teny\u00e9szeteket, halas keresked\u00e9seket l\u00e1togattam, \u00e9s ez \u00edgy ment k\u00e9s\u0151bb is, ak\u00e1rhov\u00e1 vet\u0151dtem a vil\u00e1gban.<\/p>\n\n\n\n<figure class=\"wp-block-pullquote\"><blockquote><p>Tizen\u00f6t \u00e9vnyi informatikai munka ut\u00e1n d\u00f6nt\u00f6ttem a f\u0151\u00e1ll\u00e1s\u00fa akvarisztikai munka mellett, \u00e9s v\u00e1llalkoz\u00f3 lettem. A \u201980-as \u00e9vekben a f\u0151v\u00e1rosban t\u00f6bb mint 200 \u00fczlet volt, m\u00edg vid\u00e9ken tov\u00e1bbi k\u00f6zel 400! Szinte minden d\u00edszhalat \u00e9rdemes volt teny\u00e9szteni, hiszen mindent felvett az akkori piac. Ez j\u00f3t tett a hazai akvarisztika fejl\u0151d\u00e9s\u00e9nek. Alig v\u00e1rtuk, hogy \u00fajabb \u00e9s \u00fajabb, eddig n\u00e1lunk nem teny\u00e9sztett d\u00edszhalcsoda \u00e9rkezzen hozz\u00e1nk, \u00e9s neki\u00e1llhassunk hazai szapor\u00edt\u00e1suknak. Term\u00e9szetesen ilyenkor el\u0151bb ut\u00e1na kellett olvasni az ismeretlen halaknak, megismerni szaporod\u00e1si strat\u00e9gi\u00e1jukat, kidolgozni a teny\u00e9szt\u0151i fog\u00e1sokat.<\/p><\/blockquote><\/figure>\n\n\n\n<figure class=\"wp-block-image size-large\"><img fetchpriority=\"high\" decoding=\"async\" width=\"1024\" height=\"768\" src=\"https:\/\/terraplaza.com\/magazin\/wp-content\/uploads\/2024\/08\/Egyesuleti-szakmai-kirandulas-Hajdu-Imrehez-az-orszag-legnagyobb-diszhaltenyeszetebe-Szankra-1024x768.jpg\" alt=\"\" class=\"wp-image-6249\" srcset=\"https:\/\/terraplaza.com\/magazin\/wp-content\/uploads\/2024\/08\/Egyesuleti-szakmai-kirandulas-Hajdu-Imrehez-az-orszag-legnagyobb-diszhaltenyeszetebe-Szankra-1024x768.jpg 1024w, https:\/\/terraplaza.com\/magazin\/wp-content\/uploads\/2024\/08\/Egyesuleti-szakmai-kirandulas-Hajdu-Imrehez-az-orszag-legnagyobb-diszhaltenyeszetebe-Szankra-300x225.jpg 300w, https:\/\/terraplaza.com\/magazin\/wp-content\/uploads\/2024\/08\/Egyesuleti-szakmai-kirandulas-Hajdu-Imrehez-az-orszag-legnagyobb-diszhaltenyeszetebe-Szankra-768x576.jpg 768w, https:\/\/terraplaza.com\/magazin\/wp-content\/uploads\/2024\/08\/Egyesuleti-szakmai-kirandulas-Hajdu-Imrehez-az-orszag-legnagyobb-diszhaltenyeszetebe-Szankra-1536x1152.jpg 1536w, https:\/\/terraplaza.com\/magazin\/wp-content\/uploads\/2024\/08\/Egyesuleti-szakmai-kirandulas-Hajdu-Imrehez-az-orszag-legnagyobb-diszhaltenyeszetebe-Szankra-2048x1536.jpg 2048w, https:\/\/terraplaza.com\/magazin\/wp-content\/uploads\/2024\/08\/Egyesuleti-szakmai-kirandulas-Hajdu-Imrehez-az-orszag-legnagyobb-diszhaltenyeszetebe-Szankra-150x113.jpg 150w, https:\/\/terraplaza.com\/magazin\/wp-content\/uploads\/2024\/08\/Egyesuleti-szakmai-kirandulas-Hajdu-Imrehez-az-orszag-legnagyobb-diszhaltenyeszetebe-Szankra-450x338.jpg 450w, https:\/\/terraplaza.com\/magazin\/wp-content\/uploads\/2024\/08\/Egyesuleti-szakmai-kirandulas-Hajdu-Imrehez-az-orszag-legnagyobb-diszhaltenyeszetebe-Szankra-1200x900.jpg 1200w\" sizes=\"(max-width: 1024px) 100vw, 1024px\" \/><figcaption class=\"wp-element-caption\">Pasar\u00e9ti Gyula egyes\u00fcleti szakmai kir\u00e1ndul\u00e1son Szankon Hajd\u00fa Imr\u00e9n\u00e9l, az orsz\u00e1g legnagyobb d\u00edszhalteny\u00e9szet\u00e9n\u00e9l<\/figcaption><\/figure>\n\n\n\n<h3 class=\"wp-block-heading\">K\u00f6ztudott, hogy Pasar\u00e9ti Gyula<strong> a legh\u00edresebb magyar akvarista. <\/strong>M<strong>ilyen t\u00e9nyez\u0151k j\u00e1tszottak szerepet abban, hogy ilyen magas szintig jutott\u00e1l el a szakm\u00e1ban?<\/strong><\/h3>\n\n\n\n<p>Ha minden esem\u00e9nyt el kellene mondanom, az bizony egy 150-200 oldalas k\u00f6nyvet t\u00f6ltene meg.\u00a0 Megpr\u00f3b\u00e1lom r\u00f6viden: Az 1970-es \u00e9vekben egy utaz\u00e1si el\u0151ad\u00e1sra mentem a feles\u00e9gemmel \u2013 az akkor m\u00e9g csak n\u00e9h\u00e1ny \u00e9ve m\u0171k\u00f6d\u0151 \u2013 TIT Term\u00e9szettudom\u00e1nyi St\u00fadi\u00f3ba. Itt vettem \u00e9szre, hogy l\u00e9tezik egy Akvarista szakmai klub, ahov\u00e1 azonnal bel\u00e9ptem. Itt remek akvarisztikai szakemberekkel tal\u00e1lkoztam, el\u0151ad\u00e1sokat hallgattam. Fantasztikus t\u00e1rsas\u00e1g j\u00f6tt itt l\u00e9tre, akik tenni is akartak a hazai akvarisztik\u00e1\u00e9rt. 1977-ben <em>Akv\u00e1rium 77<\/em> c\u00edmmel t\u00f6bbnapos akvarisztikai ki\u00e1ll\u00edt\u00e1st szervezt\u00fcnk a TIT St\u00fadi\u00f3ban, hatalmas sikerrel! Ez volt az I. Orsz\u00e1gos Akvarista Napok rendezv\u00e9ny, amelyet a tov\u00e1bbi \u00e9vekben \u00fajabb \u00e9s \u00fajabb k\u00f6vetett, minden alkalommal az orsz\u00e1g m\u00e1s nagyv\u00e1ros\u00e1ban. \u00cdgy szervezett d\u00edszhalki\u00e1ll\u00edt\u00e1ssal egybek\u00f6t\u00f6tt, t\u00f6bb napon \u00e1t tart\u00f3 konferenci\u00e1t Budapest, Salg\u00f3tarj\u00e1n, Tatab\u00e1nya, Szombathely, Miskolc, B\u00e9k\u00e9scsaba \u00e9s Szeged helyi Akvarista klubja. Term\u00e9szetes volt, hogy ezekre a rendezv\u00e9nyekre megh\u00edvtak minket is, el\u0151ad\u00e1s tart\u00e1s\u00e1ra vagy \u00e9ppen a ki\u00e1ll\u00edt\u00e1si hal\u00e1llom\u00e1ny kieg\u00e9sz\u00edt\u00e9s\u00e9re.<\/p>\n\n\n\n<p>Az egyik ilyen rendezv\u00e9nyen (Salg\u00f3tarj\u00e1nban) mer\u00fclt fel az \u00f6tlet, hozzunk l\u00e9tre egy orsz\u00e1gos egyes\u00fcletet. 1984-ben, \u00e9ppen negyven \u00e9vvel ezel\u0151tt, megalap\u00edtottuk a Magyar Akvarista \u00e9s Terrarista Orsz\u00e1gos Egyes\u00fcletet, amely a k\u00f6vetkez\u0151 mintegy 6-7 \u00e9vben seg\u00edtette az akvarist\u00e1kat \u00e9s terrarist\u00e1kat.<\/p>\n\n\n\n<p>K\u00f6zben otthon l\u00e9trehoztam egy k\u00e9tsz\u00e1z akv\u00e1riumos teny\u00e9szetet, ahol kipr\u00f3b\u00e1lhattam az \u00fajonnan beszerzett d\u00edszhalak szapor\u00edt\u00e1s\u00e1t. T\u00f6bbsz\u00e1z halfaj fordult meg a kezeim k\u00f6z\u00f6tt \u00e9s sz\u00e1mtalan teny\u00e9szt\u0151i sikerem volt. Hatalmas ismer\u0151si h\u00e1l\u00f3zatot \u00e9p\u00edtettem ki itthon, \u00e9s a vil\u00e1g sz\u00e1mos orsz\u00e1g\u00e1ban egyar\u00e1nt.<\/p>\n\n\n\n<h3 class=\"wp-block-heading\">Ha j\u00f3l \u00e9rtes\u00fcltem, a feles\u00e9ged mindebben szakmai t\u00e1maszod is volt.<\/h3>\n\n\n\n<p>Igen, a 80-as \u00e9vek k\u00f6zep\u00e9t\u0151l fels\u00e9gemmel \u2013 aki a gimn\u00e1zium \u00f3ta mindenben t\u00e1rsam volt \u2013 rendszeresen kil\u00e1togattunk N\u00fcrnbergbe, az egyik legnagyobb hobbi\u00e1llat-felszerel\u00e9s bemutat\u00f3 vil\u00e1gki\u00e1ll\u00edt\u00e1sra. Itt k\u00e9t\u00e9vente tal\u00e1lkozhattam a hozz\u00e1m hasonl\u00f3, megsz\u00e1llott d\u00edszhalteny\u00e9szt\u0151kkel, felszerel\u00e9s-gy\u00e1rt\u00f3kkal, \u00faj fejleszt\u00e9sekkel.<\/p>\n\n\n\n<p>A n\u00fcrnbergi Interzoo rengeteg ismeretanyaggal szolg\u00e1lt sz\u00e1momra, hiszen a szakma kr\u00e9mje vonult itt fel, t\u00f6bb sz\u00e1z t\u00f6k\u00e9letesen berendezett akv\u00e1riummal. A 90-es \u00e9vekt\u0151l az innen hozott kapcsolatok, fot\u00f3k ezrei seg\u00edtettek az Akv\u00e1rium Magazin szerkeszt\u00e9s\u00e9ben, fenntart\u00e1s\u00e1ban.<\/p>\n\n\n\n<p>A 2004-ben, \u00e9ppen 20 \u00e9vvel ezel\u0151tt, meg\u00e9rett a helyzet arra, hogy l\u00e9trehozzunk egy orsz\u00e1gos egyes\u00fcletet. Ez lett az Akvarist\u00e1k Magyarorsz\u00e1gi Egyes\u00fclete. Ennek keretein bel\u00fcl sz\u00e1mtalan rendezv\u00e9nyt, ki\u00e1ll\u00edt\u00e1sokat, konferenci\u00e1kat szervezt\u00fcnk, hazai \u00e9s k\u00fclf\u00f6ldi el\u0151ad\u00f3kkal. Buszos kir\u00e1ndul\u00e1sokon vett\u00fcnk r\u00e9szt itthon, \u00e9s a k\u00f6rnyez\u0151 orsz\u00e1gokban. Rendszeres r\u00e9sztvev\u0151i vagyunk a TerraPlaza rendezv\u00e9ny\u00e9nek. Az egyes\u00fclet, melynek az alap\u00edt\u00e1s \u00f3ta eln\u00f6ke vagyok, a mai napig, vagyis m\u00e1r 20 \u00e9ve folyamatosan m\u0171k\u00f6dik.<\/p>\n\n\n\n<p>Az eltelt id\u0151szakban h\u00e1rom k\u00f6nyvem jelent meg, valamint rendszeresen tartottam akvarisztikai t\u00e1rgy\u00fa el\u0151ad\u00e1sokat az orsz\u00e1gban, rendezv\u00e9nyeken, iskol\u00e1kban, egyetemeken. Pont ezen \u00f6t \u00e9vtizedes oktat\u00f3i munka alapozta meg, hogy n\u00e9h\u00e1ny \u00e9ve megkaptam a Magyar Arany \u00c9rdemkeresztet.<\/p>\n\n\n\n<h3 class=\"wp-block-heading\"><strong>A siker\u00e9lm\u00e9nyeiden fel\u00fcl bizony\u00e1ra \u00e9rt ennyi \u00e9vtized alatt p\u00e1r kudarc vagy meglepet\u00e9s, eleven\u00edts fel n\u00e9h\u00e1nyat pro-kontra!<\/strong><\/h3>\n\n\n\n<p>Ezen id\u0151 alatt hihetetlen mennyis\u00e9g\u0171 siker\u00e9lm\u00e9nyben volt r\u00e9szem. M\u00e1r a \u201980-as \u00e9vek k\u00f6zep\u00e9n Budafokon saj\u00e1t klubot hoztam l\u00e9tre a ker\u00fcleti iskol\u00e1sok sz\u00e1m\u00e1ra. A klubfoglalkoz\u00e1sok alapvet\u0151en el\u0151ad\u00e1sokb\u00f3l \u00e9s kir\u00e1ndul\u00e1sokb\u00f3l \u00e1lltak. Ismerkedt\u00fcnk az akvarisztik\u00e1val, a d\u00edszhalakkal, teny\u00e9szt\u00e9ssel, de eles\u00e9ggy\u0171jt\u0151 kir\u00e1ndul\u00e1sokra is sor ker\u00fclt. Planktonoz\u00e1s sor\u00e1n nagy\u00edt\u00f3val, mikroszk\u00f3ppal megvizsg\u00e1ltuk a szabad vizekben el\u0151fordul\u00f3 \u00e9l\u0151l\u00e9nyeket. Az akkori tagok k\u00f6z\u00fcl t\u00f6bben a mai napig akvariz\u00e1lnak, de van olyan is, aki \u2013 szerinte \u00e9ppen a klubnak k\u00f6sz\u00f6nhet\u0151en \u2013 \u00e1llatorvos lett.<\/p>\n\n\n\n<p>Term\u00e9szetesen a teny\u00e9szt\u0151i sikerek sem maradtak el. Az egyik fantasztikus p\u00e1nc\u00e9losharcsa (<em>Brochis multiradiatus<\/em>) n\u00e9h\u00e1ny \u00e9vvel ezel\u0151tt \u00e9ppen n\u00e1lam szaporodott a vil\u00e1gon el\u0151sz\u00f6r. Err\u0151l a t\u00e9nyr\u0151l t\u00f6bb szakmai cikket \u00edrtam, s\u0151t, a n\u00e9metorsz\u00e1gi p\u00e1nc\u00e9losharcs\u00e1s \u00f6sszej\u00f6vetelen el\u0151ad\u00e1st is tartottam. Eml\u00e9kezetes kudarcr\u00f3l nem tudok besz\u00e1molni. Az t\u00e9ny, hogy nem minden halfaj teny\u00e9szt\u00e9se volt k\u00f6nny\u0171, de ut\u00e1naolvasva \u00e9s k\u00e9rdezve a megfelel\u0151 f\u00f3rumokon \u00e1ltal\u00e1ban tal\u00e1ltam megold\u00e1st.<\/p>\n\n\n\n<figure class=\"wp-block-image size-large\"><img decoding=\"async\" width=\"1024\" height=\"680\" src=\"https:\/\/terraplaza.com\/magazin\/wp-content\/uploads\/2024\/08\/Tobb-alkalommaml-jartam-Europa-egyik-legnagyobb-mintegy-3-millo-literes-europai-diszhal-nagykereskedeseben-Duisburgban-1024x680.jpg\" alt=\"\" class=\"wp-image-6250\" srcset=\"https:\/\/terraplaza.com\/magazin\/wp-content\/uploads\/2024\/08\/Tobb-alkalommaml-jartam-Europa-egyik-legnagyobb-mintegy-3-millo-literes-europai-diszhal-nagykereskedeseben-Duisburgban-1024x680.jpg 1024w, https:\/\/terraplaza.com\/magazin\/wp-content\/uploads\/2024\/08\/Tobb-alkalommaml-jartam-Europa-egyik-legnagyobb-mintegy-3-millo-literes-europai-diszhal-nagykereskedeseben-Duisburgban-300x199.jpg 300w, https:\/\/terraplaza.com\/magazin\/wp-content\/uploads\/2024\/08\/Tobb-alkalommaml-jartam-Europa-egyik-legnagyobb-mintegy-3-millo-literes-europai-diszhal-nagykereskedeseben-Duisburgban-768x510.jpg 768w, https:\/\/terraplaza.com\/magazin\/wp-content\/uploads\/2024\/08\/Tobb-alkalommaml-jartam-Europa-egyik-legnagyobb-mintegy-3-millo-literes-europai-diszhal-nagykereskedeseben-Duisburgban-1536x1020.jpg 1536w, https:\/\/terraplaza.com\/magazin\/wp-content\/uploads\/2024\/08\/Tobb-alkalommaml-jartam-Europa-egyik-legnagyobb-mintegy-3-millo-literes-europai-diszhal-nagykereskedeseben-Duisburgban-2048x1360.jpg 2048w, https:\/\/terraplaza.com\/magazin\/wp-content\/uploads\/2024\/08\/Tobb-alkalommaml-jartam-Europa-egyik-legnagyobb-mintegy-3-millo-literes-europai-diszhal-nagykereskedeseben-Duisburgban-150x100.jpg 150w, https:\/\/terraplaza.com\/magazin\/wp-content\/uploads\/2024\/08\/Tobb-alkalommaml-jartam-Europa-egyik-legnagyobb-mintegy-3-millo-literes-europai-diszhal-nagykereskedeseben-Duisburgban-450x299.jpg 450w, https:\/\/terraplaza.com\/magazin\/wp-content\/uploads\/2024\/08\/Tobb-alkalommaml-jartam-Europa-egyik-legnagyobb-mintegy-3-millo-literes-europai-diszhal-nagykereskedeseben-Duisburgban-1200x797.jpg 1200w\" sizes=\"(max-width: 1024px) 100vw, 1024px\" \/><figcaption class=\"wp-element-caption\">Pasar\u00e9ti Gyula t\u00f6bb alkalommal j\u00e1rt Duisburgban, Eur\u00f3pa egyik legnagyobb &#8211; mintegy 3 mill\u00f3 literes &#8211; eur\u00f3pai d\u00edszhal-nagykeresked\u00e9s\u00e9ben<\/figcaption><\/figure>\n\n\n\n<h3 class=\"wp-block-heading\"><strong>Mit tartasz a legnagyobb kih\u00edv\u00e1snak az akvarisztika ter\u00fclet\u00e9n?<\/strong><\/h3>\n\n\n\n<p>R\u00e9gen a legnagyobb kih\u00edv\u00e1s az \u00faj halfajok beszerz\u00e9se volt. El kellett utazni N\u00e9metorsz\u00e1gba, vagy legal\u00e1bb B\u00e9csbe, az ottani nagykeresked\u00e9sekbe. A teny\u00e9sztett ivad\u00e9kok mind egy sz\u00e1lig gyorsan elfogytak. Nem lehetett eleget \u201egy\u00e1rtani\u201d. Manaps\u00e1g a beszerz\u00e9si probl\u00e9ma teljesen megsz\u0171nt, szinte minden halfaj beszerezhet\u0151. Ma m\u00e1r az \u00e9rt\u00e9kes\u00edt\u00e9ssel van ink\u00e1bb gond.<\/p>\n\n\n\n<p>Annak idej\u00e9n a megfelel\u0151 szakirodalmakat is kutatni kellett k\u00f6nyvt\u00e1rakban, antikv\u00e1riumokban. \u00cdgy j\u00f6tt l\u00e9tre n\u00e1lam is egy t\u00f6bb sz\u00e1z k\u00f6tetes akvarisztikai szakirodalom-gy\u0171jtem\u00e9ny. M\u00e1ra az internet seg\u00edts\u00e9g\u00e9vel hihetetlen mennyis\u00e9g\u0171 inform\u00e1ci\u00f3hoz lehet hozz\u00e1jutni, persze \u00e9sszel kell haszn\u00e1lni. Sok t\u00e9ves anyag van fent, amelyek k\u00f6z\u00f6tt sokszor nem egyszer\u0171 eligazodni.<\/p>\n\n\n\n<h3 class=\"wp-block-heading\"><strong>A t\u00f6bb mint 100 sz\u00e1mot meg\u00e9lt <a href=\"https:\/\/www.antikvarium.hu\/szerzo\/pasareti-gyula-73910\">Akv\u00e1rium magazin<\/a>t is szerkesztetted h\u00e1rom \u00e9vtizeden \u00e1t. Ez id\u0151 alatt mely visszajelz\u00e9sekre vagy a legb\u00fcszk\u00e9bb, \u00e9s mit tartasz a legnagyobb eredm\u00e9nyednek a lap kapcs\u00e1n?<\/strong><\/h3>\n\n\n\n<p>Amikor 1992 augusztus\u00e1ban megjelent az Akv\u00e1rium Magazin \u2013 akkori nev\u00e9n a Galapagos akvarisztikai havilap \u2013 m\u00e1sodik sz\u00e1ma, fantasztikus \u00e9rz\u00e9s volt, hiszen addig soha nem jelent meg tiszt\u00e1n akvarisztikai szakirodalomb\u00f3l magyar nyelven kett\u0151 sz\u00e1m! \u00c9s amikor j\u00f6ttek a tov\u00e1bbi sz\u00e1mok, \u00e9rthet\u0151 okokb\u00f3l elkapott mindenkit a tenni akar\u00e1s. Rengeteg \u00edr\u00e1s ker\u00fclt el\u0151, mindenki cikket akart megjelentetni. Lassan ki\u00e9p\u00fclt a hirdet\u00e9si rendszer, b\u0151v\u00fclt az oldalak \u00e9s az el\u0151fizet\u0151k sz\u00e1ma. Fontos szempont volt, hogy ha lehet, hazai akvarist\u00e1k \u00edrjanak, hiszen ma is azt vallom, hogy a hazai akvarist\u00e1k tud\u00e1sa professzion\u00e1lis, sokszor meghaladja m\u00e1s eur\u00f3pai orsz\u00e1gok sz\u00ednvonal\u00e1t.<\/p>\n\n\n\n<p>Mintegy tizen\u00f6t \u00e9vnyi megjelen\u00e9s ut\u00e1n egyszer csak kider\u00fclt, hogy emelni kell a lap \u00e1r\u00e1t az el\u0151\u00e1ll\u00edt\u00e1si k\u00f6lts\u00e9gek jelent\u0151s emelked\u00e9se miatt. Ezt \u00fagy oldottuk meg, hogy egy teljesen \u00faj form\u00e1tumot hoztunk l\u00e9tre, \u00e9s jelent\u0151sen emelt\u00fck az oldalak sz\u00e1m\u00e1t \u00e9s m\u00e9ret\u00e9t. \u00cdgy egy sz\u00ednvonalas, A4-es form\u00e1tum\u00fa, nyugati t\u00edpus\u00fa \u00fajs\u00e1gunk lett, amit m\u00e9g t\u00f6bb mint tizen\u00f6t \u00e9ven kereszt\u00fcl siker\u00fclt kiadni. B\u00fcszke vagyok arra, hogy egy ilyen j\u00f3 min\u0151s\u00e9g\u0171 \u00fajs\u00e1g f\u0151szerkeszt\u0151je, tulajdonosa lehettem k\u00f6zel harminc \u00e9vig.<\/p>\n\n\n\n<h3 class=\"wp-block-heading\"><strong>\u00c9s merre tov\u00e1bb? Jelenleg mi foglalkoztat legink\u00e1bb, azaz milyen szakter\u00fclet vagy fajok, esetleg egy teljesen m\u00e1s ir\u00e1ny?<\/strong><\/h3>\n\n\n\n<p>Az ut\u00f3bbi \u00e9vekben visszat\u00e9rtem r\u00e9gi szerelmemhez, a d\u00e9l-amerikai p\u00e9nc\u00e9losharcs\u00e1khoz. Jelenleg k\u00f6zel hatvan harcsafajt tartok, \u00e1ltal\u00e1ban 25-30 fajb\u00f3l vannak ivad\u00e9kaim. Term\u00e9szetesen van mellett\u00fck m\u00e9g m\u00e1sik \u00f6tven d\u00edszhalfaj, amelyeket igyekszem teny\u00e9szteni. Rem\u00e9lem, m\u00e9g sok \u00e9vig tudom m\u0171velni ezt a gy\u00f6ny\u00f6r\u0171 hobbit.<\/p>\n\n\n\n<p>Mivel n\u00e9h\u00e1ny \u00e9ve nyugd\u00edjas vagyok, kicsit t\u00f6bb id\u0151t tudok a halakkal, nyulakkal, csirk\u00e9kkel \u00e9s a kerttel t\u00f6lteni. Szeretem a sz\u00e9p vir\u00e1gokat, \u00e9rdekes n\u00f6v\u00e9nyeket, z\u00f6lds\u00e9geket \u00e9s gy\u00fcm\u00f6lcsf\u00e1kat.<\/p>\n\n\n\n<p>A vas\u00e1rnapok azonban tov\u00e1bbra is ny\u00edlt napok, amikor l\u00e1togathat\u00f3 a Halod\u00e1m. Sz\u00edvesen l\u00e1tom az akvarisztika ir\u00e1nt \u00e9rdekl\u0151d\u0151ket!<\/p>\n\n\n\n<figure class=\"wp-block-image size-large\"><img decoding=\"async\" width=\"1024\" height=\"672\" src=\"https:\/\/terraplaza.com\/magazin\/wp-content\/uploads\/2024\/08\/es-nem-csak-halaink-voltak-a-kisebbik-lanyom-es-Semafor-1024x672.png\" alt=\"\" class=\"wp-image-6251\" srcset=\"https:\/\/terraplaza.com\/magazin\/wp-content\/uploads\/2024\/08\/es-nem-csak-halaink-voltak-a-kisebbik-lanyom-es-Semafor-1024x672.png 1024w, https:\/\/terraplaza.com\/magazin\/wp-content\/uploads\/2024\/08\/es-nem-csak-halaink-voltak-a-kisebbik-lanyom-es-Semafor-300x197.png 300w, https:\/\/terraplaza.com\/magazin\/wp-content\/uploads\/2024\/08\/es-nem-csak-halaink-voltak-a-kisebbik-lanyom-es-Semafor-768x504.png 768w, https:\/\/terraplaza.com\/magazin\/wp-content\/uploads\/2024\/08\/es-nem-csak-halaink-voltak-a-kisebbik-lanyom-es-Semafor-150x98.png 150w, https:\/\/terraplaza.com\/magazin\/wp-content\/uploads\/2024\/08\/es-nem-csak-halaink-voltak-a-kisebbik-lanyom-es-Semafor-450x295.png 450w, https:\/\/terraplaza.com\/magazin\/wp-content\/uploads\/2024\/08\/es-nem-csak-halaink-voltak-a-kisebbik-lanyom-es-Semafor-1200x788.png 1200w, https:\/\/terraplaza.com\/magazin\/wp-content\/uploads\/2024\/08\/es-nem-csak-halaink-voltak-a-kisebbik-lanyom-es-Semafor.png 1465w\" sizes=\"(max-width: 1024px) 100vw, 1024px\" \/><figcaption class=\"wp-element-caption\">Nem csak halaik voltak: Pasar\u00e9ti Gyula kisebbik l\u00e1nya \u00e9s Semafor<\/figcaption><\/figure>\n\n\n\n<p><\/p>\n","protected":false},"excerpt":{"rendered":"<p>Pasar\u00e9ti Gyula az akvarisztika \u00fatt\u00f6r\u0151je, aki az elm\u00falt 50 \u00e9v oktat\u00e1s\u00e1\u00e9rt \u00e9s szakmai \u00e9rdemei\u00e9rt elnyerte a Magyar Arany \u00c9rdemkeresztet. Neki volt k\u00f6sz\u00f6nhet\u0151 az Orsz\u00e1gos Akvarista Napok rendezv\u00e9nye, az Akvarist\u00e1k Magyarorsz\u00e1gi Egyes\u00fclete \u00e9s a 30 \u00e9vig m\u0171k\u00f6d\u0151 Akv\u00e1rium Magazin is. K\u00e9tsz\u00e1z akv\u00e1riumos teny\u00e9szet\u00e9nek \u00e9kess\u00e9gei pedig a harcs\u00e1k, amelyekb\u0151l hatvanf\u00e9le tal\u00e1lhat\u00f3 meg n\u00e1la. Hogyan v\u00e1lik egy programoz\u00f3b\u00f3l<\/p>\n","protected":false},"author":14,"featured_media":6248,"comment_status":"closed","ping_status":"open","sticky":false,"template":"","format":"standard","meta":{"footnotes":""},"categories":[985],"tags":[95,130,1427,1425],"class_list":{"0":"post-6246","1":"post","2":"type-post","3":"status-publish","4":"format-standard","5":"has-post-thumbnail","7":"category-interju","8":"tag-akvarisztika-hu","9":"tag-halak-hu","10":"tag-haltenyeszto","11":"tag-pasareti-gyula"},"yoast_head":"<!-- This site is optimized with the Yoast SEO plugin v27.2 - https:\/\/yoast.com\/product\/yoast-seo-wordpress\/ -->\n<title>Pasar\u00e9ti Gyula: &quot;N\u00e1lam szaporodott a vil\u00e1gon el\u0151sz\u00f6r!&quot;<\/title>\n<meta name=\"description\" content=\"Pasar\u00e9ti Gyula az akvarisztika \u00fatt\u00f6r\u0151je, aki az elm\u00falt 50 \u00e9v \u00e9rdemei\u00e9rt elnyerte a Magyar Arany \u00c9rdemkeresztet. Mi pedig meginterj\u00favoltuk.\" \/>\n<meta name=\"robots\" content=\"index, follow, max-snippet:-1, max-image-preview:large, max-video-preview:-1\" \/>\n<link rel=\"canonical\" href=\"https:\/\/terraplaza.com\/magazin\/hu\/interju\/pasareti-gyula-interju-az-akvarisztika-uttorojevel\/6246\/\" \/>\n<meta property=\"og:locale\" content=\"hu_HU\" \/>\n<meta property=\"og:type\" content=\"article\" \/>\n<meta property=\"og:title\" content=\"Pasar\u00e9ti Gyula: &quot;N\u00e1lam szaporodott a vil\u00e1gon el\u0151sz\u00f6r!&quot;\" \/>\n<meta property=\"og:description\" content=\"Pasar\u00e9ti Gyula az akvarisztika \u00fatt\u00f6r\u0151je, aki az elm\u00falt 50 \u00e9v \u00e9rdemei\u00e9rt elnyerte a Magyar Arany \u00c9rdemkeresztet. Mi pedig meginterj\u00favoltuk.\" \/>\n<meta property=\"og:url\" content=\"https:\/\/terraplaza.com\/magazin\/hu\/interju\/pasareti-gyula-interju-az-akvarisztika-uttorojevel\/6246\/\" \/>\n<meta property=\"og:site_name\" content=\"TerraPlaza magazin\" \/>\n<meta property=\"article:publisher\" content=\"https:\/\/www.facebook.com\/terraplaza\" \/>\n<meta property=\"article:published_time\" content=\"2024-08-23T08:31:00+00:00\" \/>\n<meta property=\"article:modified_time\" content=\"2024-08-24T14:13:23+00:00\" \/>\n<meta property=\"og:image\" content=\"https:\/\/terraplaza.com\/magazin\/wp-content\/uploads\/2024\/08\/A-planktonozas-a-mai-napig-kedvenc-elfoglaltsagom-maradt.jpg\" \/>\n\t<meta property=\"og:image:width\" content=\"2000\" \/>\n\t<meta property=\"og:image:height\" content=\"1540\" \/>\n\t<meta property=\"og:image:type\" content=\"image\/jpeg\" \/>\n<meta name=\"author\" content=\"T\u00f3th No\u00e9mi\" \/>\n<meta name=\"twitter:card\" content=\"summary_large_image\" \/>\n<meta name=\"twitter:label1\" content=\"Szerz\u0151:\" \/>\n\t<meta name=\"twitter:data1\" content=\"T\u00f3th No\u00e9mi\" \/>\n\t<meta name=\"twitter:label2\" content=\"Becs\u00fclt olvas\u00e1si id\u0151\" \/>\n\t<meta name=\"twitter:data2\" content=\"8 perc\" \/>\n<script type=\"application\/ld+json\" class=\"yoast-schema-graph\">{\"@context\":\"https:\/\/schema.org\",\"@graph\":[{\"@type\":\"Article\",\"@id\":\"https:\/\/terraplaza.com\/magazin\/hu\/interju\/pasareti-gyula-interju-az-akvarisztika-uttorojevel\/6246\/#article\",\"isPartOf\":{\"@id\":\"https:\/\/terraplaza.com\/magazin\/hu\/interju\/pasareti-gyula-interju-az-akvarisztika-uttorojevel\/6246\/\"},\"author\":{\"name\":\"T\u00f3th No\u00e9mi\",\"@id\":\"https:\/\/terraplaza.com\/magazin\/#\/schema\/person\/6ad9db1e818664bf7cf5d2773e6242d2\"},\"headline\":\"\u201eAz egyik fantasztikus p\u00e1nc\u00e9losharcsa n\u00e1lam szaporodott a vil\u00e1gon el\u0151sz\u00f6r!\u201d\",\"datePublished\":\"2024-08-23T08:31:00+00:00\",\"dateModified\":\"2024-08-24T14:13:23+00:00\",\"mainEntityOfPage\":{\"@id\":\"https:\/\/terraplaza.com\/magazin\/hu\/interju\/pasareti-gyula-interju-az-akvarisztika-uttorojevel\/6246\/\"},\"wordCount\":1985,\"publisher\":{\"@id\":\"https:\/\/terraplaza.com\/magazin\/#organization\"},\"image\":{\"@id\":\"https:\/\/terraplaza.com\/magazin\/hu\/interju\/pasareti-gyula-interju-az-akvarisztika-uttorojevel\/6246\/#primaryimage\"},\"thumbnailUrl\":\"https:\/\/terraplaza.com\/magazin\/wp-content\/uploads\/2024\/08\/A-planktonozas-a-mai-napig-kedvenc-elfoglaltsagom-maradt.jpg\",\"keywords\":[\"Akvarisztika\",\"Halak\",\"halteny\u00e9szt\u0151\",\"Pasar\u00e9ti Gyula\"],\"articleSection\":[\"Interj\u00fa\"],\"inLanguage\":\"hu\"},{\"@type\":\"WebPage\",\"@id\":\"https:\/\/terraplaza.com\/magazin\/hu\/interju\/pasareti-gyula-interju-az-akvarisztika-uttorojevel\/6246\/\",\"url\":\"https:\/\/terraplaza.com\/magazin\/hu\/interju\/pasareti-gyula-interju-az-akvarisztika-uttorojevel\/6246\/\",\"name\":\"Pasar\u00e9ti Gyula: \\\"N\u00e1lam szaporodott a vil\u00e1gon el\u0151sz\u00f6r!\\\"\",\"isPartOf\":{\"@id\":\"https:\/\/terraplaza.com\/magazin\/#website\"},\"primaryImageOfPage\":{\"@id\":\"https:\/\/terraplaza.com\/magazin\/hu\/interju\/pasareti-gyula-interju-az-akvarisztika-uttorojevel\/6246\/#primaryimage\"},\"image\":{\"@id\":\"https:\/\/terraplaza.com\/magazin\/hu\/interju\/pasareti-gyula-interju-az-akvarisztika-uttorojevel\/6246\/#primaryimage\"},\"thumbnailUrl\":\"https:\/\/terraplaza.com\/magazin\/wp-content\/uploads\/2024\/08\/A-planktonozas-a-mai-napig-kedvenc-elfoglaltsagom-maradt.jpg\",\"datePublished\":\"2024-08-23T08:31:00+00:00\",\"dateModified\":\"2024-08-24T14:13:23+00:00\",\"description\":\"Pasar\u00e9ti Gyula az akvarisztika \u00fatt\u00f6r\u0151je, aki az elm\u00falt 50 \u00e9v \u00e9rdemei\u00e9rt elnyerte a Magyar Arany \u00c9rdemkeresztet. Mi pedig meginterj\u00favoltuk.\",\"breadcrumb\":{\"@id\":\"https:\/\/terraplaza.com\/magazin\/hu\/interju\/pasareti-gyula-interju-az-akvarisztika-uttorojevel\/6246\/#breadcrumb\"},\"inLanguage\":\"hu\",\"potentialAction\":[{\"@type\":\"ReadAction\",\"target\":[\"https:\/\/terraplaza.com\/magazin\/hu\/interju\/pasareti-gyula-interju-az-akvarisztika-uttorojevel\/6246\/\"]}]},{\"@type\":\"ImageObject\",\"inLanguage\":\"hu\",\"@id\":\"https:\/\/terraplaza.com\/magazin\/hu\/interju\/pasareti-gyula-interju-az-akvarisztika-uttorojevel\/6246\/#primaryimage\",\"url\":\"https:\/\/terraplaza.com\/magazin\/wp-content\/uploads\/2024\/08\/A-planktonozas-a-mai-napig-kedvenc-elfoglaltsagom-maradt.jpg\",\"contentUrl\":\"https:\/\/terraplaza.com\/magazin\/wp-content\/uploads\/2024\/08\/A-planktonozas-a-mai-napig-kedvenc-elfoglaltsagom-maradt.jpg\",\"width\":2000,\"height\":1540,\"caption\":\"A planktonoz\u00e1s a mai napig kedvenc elfoglalts\u00e1ga maradt\"},{\"@type\":\"BreadcrumbList\",\"@id\":\"https:\/\/terraplaza.com\/magazin\/hu\/interju\/pasareti-gyula-interju-az-akvarisztika-uttorojevel\/6246\/#breadcrumb\",\"itemListElement\":[{\"@type\":\"ListItem\",\"position\":1,\"name\":\"Kezd\u0151lap\",\"item\":\"https:\/\/terraplaza.com\/magazin\/hu\/\"},{\"@type\":\"ListItem\",\"position\":2,\"name\":\"\u201eAz egyik fantasztikus p\u00e1nc\u00e9losharcsa n\u00e1lam szaporodott a vil\u00e1gon el\u0151sz\u00f6r!\u201d\"}]},{\"@type\":\"WebSite\",\"@id\":\"https:\/\/terraplaza.com\/magazin\/#website\",\"url\":\"https:\/\/terraplaza.com\/magazin\/\",\"name\":\"TerraPlaza magazin\",\"description\":\"Term\u00e9szet szeretet \u00e9s felel\u0151s \u00e1llattart\u00e1s naprak\u00e9sz inform\u00e1ci\u00f3kkal \u2013 terrarisztika \u00e9s akvarisztika szakport\u00e1l. Hogy kedvenceidnek min\u00e9l boldogabb \u00e9lete legyen.\",\"publisher\":{\"@id\":\"https:\/\/terraplaza.com\/magazin\/#organization\"},\"alternateName\":\"terrarisztikai szakport\u00e1l\",\"potentialAction\":[{\"@type\":\"SearchAction\",\"target\":{\"@type\":\"EntryPoint\",\"urlTemplate\":\"https:\/\/terraplaza.com\/magazin\/?s={search_term_string}\"},\"query-input\":{\"@type\":\"PropertyValueSpecification\",\"valueRequired\":true,\"valueName\":\"search_term_string\"}}],\"inLanguage\":\"hu\"},{\"@type\":\"Organization\",\"@id\":\"https:\/\/terraplaza.com\/magazin\/#organization\",\"name\":\"TerraPlaza\",\"url\":\"https:\/\/terraplaza.com\/magazin\/\",\"logo\":{\"@type\":\"ImageObject\",\"inLanguage\":\"hu\",\"@id\":\"https:\/\/terraplaza.com\/magazin\/#\/schema\/logo\/image\/\",\"url\":\"https:\/\/terraplaza.com\/magazin\/wp-content\/uploads\/2023\/07\/Kepernyofoto-2023-07-24-18.20.04.png\",\"contentUrl\":\"https:\/\/terraplaza.com\/magazin\/wp-content\/uploads\/2023\/07\/Kepernyofoto-2023-07-24-18.20.04.png\",\"width\":1502,\"height\":382,\"caption\":\"TerraPlaza\"},\"image\":{\"@id\":\"https:\/\/terraplaza.com\/magazin\/#\/schema\/logo\/image\/\"},\"sameAs\":[\"https:\/\/www.facebook.com\/terraplaza\"]},{\"@type\":\"Person\",\"@id\":\"https:\/\/terraplaza.com\/magazin\/#\/schema\/person\/6ad9db1e818664bf7cf5d2773e6242d2\",\"name\":\"T\u00f3th No\u00e9mi\",\"image\":{\"@type\":\"ImageObject\",\"inLanguage\":\"hu\",\"@id\":\"https:\/\/terraplaza.com\/magazin\/wp-content\/uploads\/2024\/05\/384788093_10212242853061750_1634389912752719707_n-2-150x150.jpg\",\"url\":\"https:\/\/terraplaza.com\/magazin\/wp-content\/uploads\/2024\/05\/384788093_10212242853061750_1634389912752719707_n-2-150x150.jpg\",\"contentUrl\":\"https:\/\/terraplaza.com\/magazin\/wp-content\/uploads\/2024\/05\/384788093_10212242853061750_1634389912752719707_n-2-150x150.jpg\",\"caption\":\"T\u00f3th No\u00e9mi\"},\"description\":\"\u00dajs\u00e1g\u00edr\u00f3, kreat\u00edv sz\u00f6veg\u00edr\u00f3\",\"url\":\"https:\/\/terraplaza.com\/magazin\/author\/noemi\/\"}]}<\/script>\n<!-- \/ Yoast SEO plugin. -->","yoast_head_json":{"title":"Pasar\u00e9ti Gyula: \"N\u00e1lam szaporodott a vil\u00e1gon el\u0151sz\u00f6r!\"","description":"Pasar\u00e9ti Gyula az akvarisztika \u00fatt\u00f6r\u0151je, aki az elm\u00falt 50 \u00e9v \u00e9rdemei\u00e9rt elnyerte a Magyar Arany \u00c9rdemkeresztet. Mi pedig meginterj\u00favoltuk.","robots":{"index":"index","follow":"follow","max-snippet":"max-snippet:-1","max-image-preview":"max-image-preview:large","max-video-preview":"max-video-preview:-1"},"canonical":"https:\/\/terraplaza.com\/magazin\/hu\/interju\/pasareti-gyula-interju-az-akvarisztika-uttorojevel\/6246\/","og_locale":"hu_HU","og_type":"article","og_title":"Pasar\u00e9ti Gyula: \"N\u00e1lam szaporodott a vil\u00e1gon el\u0151sz\u00f6r!\"","og_description":"Pasar\u00e9ti Gyula az akvarisztika \u00fatt\u00f6r\u0151je, aki az elm\u00falt 50 \u00e9v \u00e9rdemei\u00e9rt elnyerte a Magyar Arany \u00c9rdemkeresztet. Mi pedig meginterj\u00favoltuk.","og_url":"https:\/\/terraplaza.com\/magazin\/hu\/interju\/pasareti-gyula-interju-az-akvarisztika-uttorojevel\/6246\/","og_site_name":"TerraPlaza magazin","article_publisher":"https:\/\/www.facebook.com\/terraplaza","article_published_time":"2024-08-23T08:31:00+00:00","article_modified_time":"2024-08-24T14:13:23+00:00","og_image":[{"width":2000,"height":1540,"url":"https:\/\/terraplaza.com\/magazin\/wp-content\/uploads\/2024\/08\/A-planktonozas-a-mai-napig-kedvenc-elfoglaltsagom-maradt.jpg","type":"image\/jpeg"}],"author":"T\u00f3th No\u00e9mi","twitter_card":"summary_large_image","twitter_misc":{"Szerz\u0151:":"T\u00f3th No\u00e9mi","Becs\u00fclt olvas\u00e1si id\u0151":"8 perc"},"schema":{"@context":"https:\/\/schema.org","@graph":[{"@type":"Article","@id":"https:\/\/terraplaza.com\/magazin\/hu\/interju\/pasareti-gyula-interju-az-akvarisztika-uttorojevel\/6246\/#article","isPartOf":{"@id":"https:\/\/terraplaza.com\/magazin\/hu\/interju\/pasareti-gyula-interju-az-akvarisztika-uttorojevel\/6246\/"},"author":{"name":"T\u00f3th No\u00e9mi","@id":"https:\/\/terraplaza.com\/magazin\/#\/schema\/person\/6ad9db1e818664bf7cf5d2773e6242d2"},"headline":"\u201eAz egyik fantasztikus p\u00e1nc\u00e9losharcsa n\u00e1lam szaporodott a vil\u00e1gon el\u0151sz\u00f6r!\u201d","datePublished":"2024-08-23T08:31:00+00:00","dateModified":"2024-08-24T14:13:23+00:00","mainEntityOfPage":{"@id":"https:\/\/terraplaza.com\/magazin\/hu\/interju\/pasareti-gyula-interju-az-akvarisztika-uttorojevel\/6246\/"},"wordCount":1985,"publisher":{"@id":"https:\/\/terraplaza.com\/magazin\/#organization"},"image":{"@id":"https:\/\/terraplaza.com\/magazin\/hu\/interju\/pasareti-gyula-interju-az-akvarisztika-uttorojevel\/6246\/#primaryimage"},"thumbnailUrl":"https:\/\/terraplaza.com\/magazin\/wp-content\/uploads\/2024\/08\/A-planktonozas-a-mai-napig-kedvenc-elfoglaltsagom-maradt.jpg","keywords":["Akvarisztika","Halak","halteny\u00e9szt\u0151","Pasar\u00e9ti Gyula"],"articleSection":["Interj\u00fa"],"inLanguage":"hu"},{"@type":"WebPage","@id":"https:\/\/terraplaza.com\/magazin\/hu\/interju\/pasareti-gyula-interju-az-akvarisztika-uttorojevel\/6246\/","url":"https:\/\/terraplaza.com\/magazin\/hu\/interju\/pasareti-gyula-interju-az-akvarisztika-uttorojevel\/6246\/","name":"Pasar\u00e9ti Gyula: \"N\u00e1lam szaporodott a vil\u00e1gon el\u0151sz\u00f6r!\"","isPartOf":{"@id":"https:\/\/terraplaza.com\/magazin\/#website"},"primaryImageOfPage":{"@id":"https:\/\/terraplaza.com\/magazin\/hu\/interju\/pasareti-gyula-interju-az-akvarisztika-uttorojevel\/6246\/#primaryimage"},"image":{"@id":"https:\/\/terraplaza.com\/magazin\/hu\/interju\/pasareti-gyula-interju-az-akvarisztika-uttorojevel\/6246\/#primaryimage"},"thumbnailUrl":"https:\/\/terraplaza.com\/magazin\/wp-content\/uploads\/2024\/08\/A-planktonozas-a-mai-napig-kedvenc-elfoglaltsagom-maradt.jpg","datePublished":"2024-08-23T08:31:00+00:00","dateModified":"2024-08-24T14:13:23+00:00","description":"Pasar\u00e9ti Gyula az akvarisztika \u00fatt\u00f6r\u0151je, aki az elm\u00falt 50 \u00e9v \u00e9rdemei\u00e9rt elnyerte a Magyar Arany \u00c9rdemkeresztet. Mi pedig meginterj\u00favoltuk.","breadcrumb":{"@id":"https:\/\/terraplaza.com\/magazin\/hu\/interju\/pasareti-gyula-interju-az-akvarisztika-uttorojevel\/6246\/#breadcrumb"},"inLanguage":"hu","potentialAction":[{"@type":"ReadAction","target":["https:\/\/terraplaza.com\/magazin\/hu\/interju\/pasareti-gyula-interju-az-akvarisztika-uttorojevel\/6246\/"]}]},{"@type":"ImageObject","inLanguage":"hu","@id":"https:\/\/terraplaza.com\/magazin\/hu\/interju\/pasareti-gyula-interju-az-akvarisztika-uttorojevel\/6246\/#primaryimage","url":"https:\/\/terraplaza.com\/magazin\/wp-content\/uploads\/2024\/08\/A-planktonozas-a-mai-napig-kedvenc-elfoglaltsagom-maradt.jpg","contentUrl":"https:\/\/terraplaza.com\/magazin\/wp-content\/uploads\/2024\/08\/A-planktonozas-a-mai-napig-kedvenc-elfoglaltsagom-maradt.jpg","width":2000,"height":1540,"caption":"A planktonoz\u00e1s a mai napig kedvenc elfoglalts\u00e1ga maradt"},{"@type":"BreadcrumbList","@id":"https:\/\/terraplaza.com\/magazin\/hu\/interju\/pasareti-gyula-interju-az-akvarisztika-uttorojevel\/6246\/#breadcrumb","itemListElement":[{"@type":"ListItem","position":1,"name":"Kezd\u0151lap","item":"https:\/\/terraplaza.com\/magazin\/hu\/"},{"@type":"ListItem","position":2,"name":"\u201eAz egyik fantasztikus p\u00e1nc\u00e9losharcsa n\u00e1lam szaporodott a vil\u00e1gon el\u0151sz\u00f6r!\u201d"}]},{"@type":"WebSite","@id":"https:\/\/terraplaza.com\/magazin\/#website","url":"https:\/\/terraplaza.com\/magazin\/","name":"TerraPlaza magazin","description":"Term\u00e9szet szeretet \u00e9s felel\u0151s \u00e1llattart\u00e1s naprak\u00e9sz inform\u00e1ci\u00f3kkal \u2013 terrarisztika \u00e9s akvarisztika szakport\u00e1l. Hogy kedvenceidnek min\u00e9l boldogabb \u00e9lete legyen.","publisher":{"@id":"https:\/\/terraplaza.com\/magazin\/#organization"},"alternateName":"terrarisztikai szakport\u00e1l","potentialAction":[{"@type":"SearchAction","target":{"@type":"EntryPoint","urlTemplate":"https:\/\/terraplaza.com\/magazin\/?s={search_term_string}"},"query-input":{"@type":"PropertyValueSpecification","valueRequired":true,"valueName":"search_term_string"}}],"inLanguage":"hu"},{"@type":"Organization","@id":"https:\/\/terraplaza.com\/magazin\/#organization","name":"TerraPlaza","url":"https:\/\/terraplaza.com\/magazin\/","logo":{"@type":"ImageObject","inLanguage":"hu","@id":"https:\/\/terraplaza.com\/magazin\/#\/schema\/logo\/image\/","url":"https:\/\/terraplaza.com\/magazin\/wp-content\/uploads\/2023\/07\/Kepernyofoto-2023-07-24-18.20.04.png","contentUrl":"https:\/\/terraplaza.com\/magazin\/wp-content\/uploads\/2023\/07\/Kepernyofoto-2023-07-24-18.20.04.png","width":1502,"height":382,"caption":"TerraPlaza"},"image":{"@id":"https:\/\/terraplaza.com\/magazin\/#\/schema\/logo\/image\/"},"sameAs":["https:\/\/www.facebook.com\/terraplaza"]},{"@type":"Person","@id":"https:\/\/terraplaza.com\/magazin\/#\/schema\/person\/6ad9db1e818664bf7cf5d2773e6242d2","name":"T\u00f3th No\u00e9mi","image":{"@type":"ImageObject","inLanguage":"hu","@id":"https:\/\/terraplaza.com\/magazin\/wp-content\/uploads\/2024\/05\/384788093_10212242853061750_1634389912752719707_n-2-150x150.jpg","url":"https:\/\/terraplaza.com\/magazin\/wp-content\/uploads\/2024\/05\/384788093_10212242853061750_1634389912752719707_n-2-150x150.jpg","contentUrl":"https:\/\/terraplaza.com\/magazin\/wp-content\/uploads\/2024\/05\/384788093_10212242853061750_1634389912752719707_n-2-150x150.jpg","caption":"T\u00f3th No\u00e9mi"},"description":"\u00dajs\u00e1g\u00edr\u00f3, kreat\u00edv sz\u00f6veg\u00edr\u00f3","url":"https:\/\/terraplaza.com\/magazin\/author\/noemi\/"}]}},"views":6134,"_links":{"self":[{"href":"https:\/\/terraplaza.com\/magazin\/wp-json\/wp\/v2\/posts\/6246","targetHints":{"allow":["GET"]}}],"collection":[{"href":"https:\/\/terraplaza.com\/magazin\/wp-json\/wp\/v2\/posts"}],"about":[{"href":"https:\/\/terraplaza.com\/magazin\/wp-json\/wp\/v2\/types\/post"}],"author":[{"embeddable":true,"href":"https:\/\/terraplaza.com\/magazin\/wp-json\/wp\/v2\/users\/14"}],"replies":[{"embeddable":true,"href":"https:\/\/terraplaza.com\/magazin\/wp-json\/wp\/v2\/comments?post=6246"}],"version-history":[{"count":5,"href":"https:\/\/terraplaza.com\/magazin\/wp-json\/wp\/v2\/posts\/6246\/revisions"}],"predecessor-version":[{"id":6255,"href":"https:\/\/terraplaza.com\/magazin\/wp-json\/wp\/v2\/posts\/6246\/revisions\/6255"}],"wp:featuredmedia":[{"embeddable":true,"href":"https:\/\/terraplaza.com\/magazin\/wp-json\/wp\/v2\/media\/6248"}],"wp:attachment":[{"href":"https:\/\/terraplaza.com\/magazin\/wp-json\/wp\/v2\/media?parent=6246"}],"wp:term":[{"taxonomy":"category","embeddable":true,"href":"https:\/\/terraplaza.com\/magazin\/wp-json\/wp\/v2\/categories?post=6246"},{"taxonomy":"post_tag","embeddable":true,"href":"https:\/\/terraplaza.com\/magazin\/wp-json\/wp\/v2\/tags?post=6246"}],"curies":[{"name":"wp","href":"https:\/\/api.w.org\/{rel}","templated":true}]}}