{"id":6257,"date":"2024-08-30T10:00:00","date_gmt":"2024-08-30T08:00:00","guid":{"rendered":"https:\/\/terraplaza.com\/magazin\/?p=6257"},"modified":"2024-08-29T20:57:22","modified_gmt":"2024-08-29T18:57:22","slug":"aszodi-lexandra-interju-herpetologia","status":"publish","type":"post","link":"https:\/\/terraplaza.com\/magazin\/hu\/interju\/aszodi-lexandra-interju-herpetologia\/6257\/","title":{"rendered":"\u201eAz els\u0151 sikeres var\u00e1nusz-szaporulatomra \u00e9s a vesz\u00e9lyes \u00e1llataimra is ugyanolyan b\u00fcszke vagyok\u201d"},"content":{"rendered":"\n<p><em>A rendszerint hatalmas h\u00fcll\u0151ivel mutatkoz\u00f3 Asz\u00f3di Alexandra nem csup\u00e1n egy dekorat\u00edv eleme a TerraPlaz\u00e1knak, hiszen komoly herpetol\u00f3giai teny\u00e9szete van. Mes\u00e9lt nek\u00fcnk saj\u00e1t \u00e1lmainak megval\u00f3sul\u00e1s\u00e1r\u00f3l \u00e9s saj\u00e1t tapasztalatair\u00f3l \u2013 valamint PVC-terr\u00e1riumair\u00f3l sz\u00f3l\u00f3 ismertet\u0151vel is szolg\u00e1l az olvas\u00f3knak.<\/em><\/p>\n\n\n\n<h3 class=\"wp-block-heading\"><strong>A TerraPlaz\u00e1kon rendszeresen keltesz felt\u0171n\u00e9st azzal, hogy csinos l\u00e1nyk\u00e9nt tekint\u00e9lyt parancsol\u00f3 \u00e1llatokkal mutatkozol. N\u00e1lad hogyan kezd\u0151d\u00f6tt az \u00e1llatok ir\u00e1nti rajong\u00e1s, \u00e9s mikor volt az a fordul\u00f3pont, amikor m\u00e1r komoly teny\u00e9szeted is kialakult a kezdeti lelkesed\u00e9sb\u0151l?<\/strong><\/h3>\n\n\n\n<p>Az \u00e1llatok ir\u00e1nti szeretetem m\u00e1r eg\u00e9sz kiskoromban elkezd\u0151d\u00f6tt, m\u00e1r a csal\u00e1dom is felfigyelt szinte \u201ebeteges\u201d rajong\u00e1somra. A legjobban azokon a helyeken \u00e9reztem magam, ahol \u00e1llatok vettek k\u00f6r\u00fcl. F\u00e9lelem\u00e9rzetem n\u00e9h\u00e1ny egyeddel szemben el\u0151fordult, de m\u00e1r akkor elkezdtem ezeket lek\u00fczdeni. Megfigyeltem az adott egyed habitus\u00e1t, \u00e9s ennek f\u00fcggv\u00e9ny\u00e9ben kezdtem m\u00e1shogy viszonyulni ahhoz az \u00e1llathoz. Ez\u00e1ltal nem csak a f\u00e9lelmem kezdett al\u00e1bbhagyni, de jobb kapcsolatot is tudtam kialak\u00edtani ezekkel az egyedekkel.<\/p>\n\n\n\n<p>Rengeteg \u00e1llatokkal kapcsolatos filmet n\u00e9ztem \u00e9s k\u00f6nyvet olvastam, a k\u00e9s\u0151bbiekben pedig szakanyagokat gy\u0171jt\u00f6ttem. M\u0171v\u00e9szi ir\u00e1nyzataimat is az \u00e1llatok csod\u00e1latos megjelen\u00e9se impon\u00e1lta, legyen az rajz, festm\u00e9ny vagy ak\u00e1r egy pap\u00edrmas\u00e9.<\/p>\n\n\n\n<p>Az \u00e9vek eltelt\u00e9vel sajnos az \u00e1llatokkal kapcsolatos ir\u00e1ny\u00e1gam nem tudott kibontakozni, \u00fagyhogy amikor 18 \u00e9vesen elk\u00f6lt\u00f6ztem, kem\u00e9ny munk\u00e1ba kezdtem, \u00e9s elkezdtem gy\u0171jteni els\u0151 \u00e1llataimra hosszas ismeretszerz\u00e9s ut\u00e1n. El\u00e9g hamar megtal\u00e1ltam az utamat, \u00e9s a h\u00e1tt\u00e9rben sz\u00e9pen lassan elkezdtem \u00e9p\u00edteni a tervemet \u00e9s megval\u00f3s\u00edtani az \u00e1lmomat. Hossz\u00fa ideig szinte alig tudott a k\u00f6rnyezetem err\u0151l a h\u00e1tt\u00e9rtev\u00e9kenys\u00e9gemr\u0151l, majd apr\u00e1nk\u00e9nt \u2013 mikor m\u00e1r kezdett kiteljesedni az eg\u00e9sz \u2013 elkezdtem nyitni a vil\u00e1g fel\u00e9. Tal\u00e1n m\u00e1r kimondhatom, hogy a legt\u00f6bb \u00e1lmomat meg tudtam val\u00f3s\u00edtani kisebb-nagyobb hull\u00e1mv\u00f6lgyekkel, de m\u00e9g messze a c\u00e9l. Mindig vannak \u00fajabb tervek, \u00e9s v\u00e1rnak m\u00e9g r\u00e1m a herpetokult\u00fara csod\u00e1i.<\/p>\n\n\n\n<h3 class=\"wp-block-heading\"><strong>Melyek a <a href=\"https:\/\/www.facebook.com\/Dragonheartbreeders\/\">teny\u00e9szeted <\/a>b\u00fcszkes\u00e9gei, legnagyobb siker\u00e9lm\u00e9nyei jelenleg?<\/strong><\/h3>\n\n\n\n<p>Erre a k\u00e9rd\u00e9sre neh\u00e9z v\u00e1laszt adni. Az els\u0151 sikeres var\u00e1nusz-szaporulatomra \u00e9s a vesz\u00e9lyes \u00e1llataimra is ugyanolyan b\u00fcszke vagyok. Mindegyiknek megvan sz\u00e1momra a maga gy\u00f6ny\u00f6re. A legut\u00f3bbi v\u00e1gyam a vesz\u00e9lyes \u00e1llatokra vonatkozott: sikeresen megszereztem r\u00e1juk az enged\u00e9lyt \u00e9s ezut\u00e1n beszerezt\u00fck az els\u0151 egyedeket. Nagy \u00e1lmom volt, hogy tarthassak viperagy\u00edkokat, tigris- \u00e9s kock\u00e1spitont, diszn\u00f3orr\u00fa sikl\u00f3kat, illetve kajm\u00e1nt. Hossz\u00fa \u00e9s kem\u00e9ny munka volt, mire mindent meg tudtunk val\u00f3s\u00edtani, de egy perc\u00e9t se b\u00e1nom, \u00e9s sok tervem van m\u00e9g.<\/p>\n\n\n\n<figure class=\"wp-block-image size-large\"><img fetchpriority=\"high\" decoding=\"async\" width=\"1024\" height=\"675\" src=\"https:\/\/terraplaza.com\/magazin\/wp-content\/uploads\/2024\/08\/sikerelmeny-1024x675.jpg\" alt=\"\" class=\"wp-image-6260\" srcset=\"https:\/\/terraplaza.com\/magazin\/wp-content\/uploads\/2024\/08\/sikerelmeny-1024x675.jpg 1024w, https:\/\/terraplaza.com\/magazin\/wp-content\/uploads\/2024\/08\/sikerelmeny-300x198.jpg 300w, https:\/\/terraplaza.com\/magazin\/wp-content\/uploads\/2024\/08\/sikerelmeny-768x506.jpg 768w, https:\/\/terraplaza.com\/magazin\/wp-content\/uploads\/2024\/08\/sikerelmeny-1536x1012.jpg 1536w, https:\/\/terraplaza.com\/magazin\/wp-content\/uploads\/2024\/08\/sikerelmeny-150x99.jpg 150w, https:\/\/terraplaza.com\/magazin\/wp-content\/uploads\/2024\/08\/sikerelmeny-450x296.jpg 450w, https:\/\/terraplaza.com\/magazin\/wp-content\/uploads\/2024\/08\/sikerelmeny-1200x790.jpg 1200w, https:\/\/terraplaza.com\/magazin\/wp-content\/uploads\/2024\/08\/sikerelmeny.jpg 1931w\" sizes=\"(max-width: 1024px) 100vw, 1024px\" \/><figcaption class=\"wp-element-caption\">Asz\u00f3di Alexandra egyik siker\u00e9lm\u00e9nye, hogy v\u00e9gre kajm\u00e1nt tarthat<\/figcaption><\/figure>\n\n\n\n<h3 class=\"wp-block-heading\"><strong>Ebben a k\u00f6zegben az is tudhat\u00f3 r\u00f3lad, hogy fontos sz\u00e1modra az \u00e1llatv\u00e9delem. Szerinted a h\u00e9tk\u00f6znapok szintj\u00e9n mivel tehetnek a legt\u00f6bbet azok az emberek, akik hasonl\u00f3an gondolkoznak, de nem tudnak komolyabb \u00f6sszeggel adakozni az erre szakosodott szervezeteknek? Adj p\u00e1r tippet, tan\u00e1csot!<\/strong><\/h3>\n\n\n\n<figure class=\"wp-block-pullquote\"><blockquote><p>Az \u00e1llatv\u00e9delem \u00e9s az \u00e1llatoknak val\u00f3 seg\u00edts\u00e9gny\u00fajt\u00e1s nem felt\u00e9tlen\u00fcl a p\u00e9nzbeli t\u00e1mogat\u00e1son alapszik. Rengeteg m\u00e1s tev\u00e9kenys\u00e9g is hozz\u00e1j\u00e1rul, hogy seg\u00edts\u00fck az \u00e9l\u0151vil\u00e1got. Nem is gondoln\u00e1 az ember, hogy mennyit tud seg\u00edteni n\u00e9h\u00e1ny apr\u00f3 tettel, vagy szimpl\u00e1n azzal, hogy nem k\u00e1ros\u00edtja a k\u00f6rnyezet\u00e9t. Erre van egy j\u00f3 p\u00e9lda: \u201eezt az egy szemetet felveszem \u2013 mondta egymilli\u00f3 ember\u201d.<\/p><\/blockquote><\/figure>\n\n\n\n<p>Fontos, hogy ne zavarjuk az \u00e1llatok \u00e9letter\u00e9t. Egyes fajok nem v\u00e9letlen\u00fcl kaptak v\u00e9detts\u00e9gi st\u00e1tuszt. J\u00e1rjunk nyitott szemmel, \u00e9s seg\u00edts\u00fcnk azoknak az \u00e1llatoknak, akik rosszul vagy nem megfelel\u0151en vannak tartva. Ilyenkor \u00e9rdemes felvenni szem\u00e9lyesen a kontaktot, \u00e9s ha ez nem siker\u00fcl, akkor v\u00e9gs\u0151 esetben az ehhez szakosodott szervezetekhez lehet fordulni. Igyekezz\u00fcnk a lehet\u0151 legk\u00f6r\u00fcltekint\u0151bben seg\u00edteni m\u00e1soknak, \u00e9s nem rosszindulatot sug\u00e1rozni.<br>Rengeteg menhely \u00fczemel, ahol sok r\u00e1szorul\u00f3 \u00e1llatot lehet \u00f6r\u00f6kbefogadni. Ezzel rengeteg \u00e9letet lehet megmenteni, hiszen annyi \u00e1llat van m\u00e1r a menhelyeken, hogy k\u00e9ptelenek ennyit eltartani.<\/p>\n\n\n\n<p>Ha m\u00e1r \u00e1llatokat tartunk, pr\u00f3b\u00e1ljuk a lehet\u0151 legt\u00f6bbet megadni a sz\u00e1mukra, \u00e9s tartsuk \u0151ket felel\u0151ss\u00e9ggel!<\/p>\n\n\n\n<figure class=\"wp-block-image size-large\"><img decoding=\"async\" width=\"1024\" height=\"768\" src=\"https:\/\/terraplaza.com\/magazin\/wp-content\/uploads\/2024\/08\/mentett-1024x768.jpg\" alt=\"\" class=\"wp-image-6262\" srcset=\"https:\/\/terraplaza.com\/magazin\/wp-content\/uploads\/2024\/08\/mentett-1024x768.jpg 1024w, https:\/\/terraplaza.com\/magazin\/wp-content\/uploads\/2024\/08\/mentett-300x225.jpg 300w, https:\/\/terraplaza.com\/magazin\/wp-content\/uploads\/2024\/08\/mentett-768x576.jpg 768w, https:\/\/terraplaza.com\/magazin\/wp-content\/uploads\/2024\/08\/mentett-150x113.jpg 150w, https:\/\/terraplaza.com\/magazin\/wp-content\/uploads\/2024\/08\/mentett-450x338.jpg 450w, https:\/\/terraplaza.com\/magazin\/wp-content\/uploads\/2024\/08\/mentett-1200x900.jpg 1200w, https:\/\/terraplaza.com\/magazin\/wp-content\/uploads\/2024\/08\/mentett.jpg 1280w\" sizes=\"(max-width: 1024px) 100vw, 1024px\" \/><figcaption class=\"wp-element-caption\">Asz\u00f3di Alexandra egyik mentett \u00e1llata<\/figcaption><\/figure>\n\n\n\n<h3 class=\"wp-block-heading\"><strong>\u00c9s te milyen m\u00f3don seg\u00edted az \u00e1llatokat?<\/strong><\/h3>\n\n\n\n<p>Kiskorom egyik nagy v\u00edzi\u00f3ja volt, hogy valamilyen \u00faton-m\u00f3don az \u00e1llatok gy\u00f3gy\u00edt\u00e1s\u00e1val foglalkozhassak. Rengeteg filmet n\u00e9ztem, ahol m\u0171tik vagy kezelik az \u00e1llatokat. Kaptam n\u00e9h\u00e1ny k\u00f6nyvet, amelyek szint\u00e9n err\u0151l sz\u00f3ltak. Az id\u0151 eltelt\u00e9vel ez az ir\u00e1ny sajnos al\u00e1bbhagyott. \u00c9desany\u00e1m miatt csal\u00e1dom az eg\u00e9szs\u00e9g\u00fcgy ir\u00e1ny\u00e1ba terelt, ahol k\u00e9t szakm\u00e1t is sikeresen megszereztem. Ezek az ir\u00e1ny\u00e1gak \u2013 amelyekben igaz\u00e1b\u00f3l nem szerettem volna elhelyezkedni \u2013 sok pozit\u00edv hat\u00e1ssal j\u00e1rultak hozz\u00e1, hogy seg\u00edthessek az \u00e1llatoknak. Sz\u00e1momra egy \u00e1llat megment\u00e9se, vagy csak eg\u00e9szs\u00e9gesebb \u00fatra val\u00f3 terel\u00e9se egy csod\u00e1latos r\u00e9sze a terrarisztik\u00e1nak, amelyhez a legt\u00f6bb esetben a gazdik boldog arca is t\u00e1rsul.<\/p>\n\n\n\n<h3 class=\"wp-block-heading\"><strong>Ilyen hobbival nyilv\u00e1n nincsen k\u00fcl\u00f6n\u00f6sebb f\u00e9lelem\u00e9rzeted, f\u0151leg, hogy a <a href=\"https:\/\/terraplaza.com\/magazin\/hu\/hullok-hu\/gyikok-hu\/a-szepseges-szornyeteg-avagy-a-gila-monster-heloderma-suspectum\/5028\/\">nagyobb h\u00fcll\u0151kre szakosodt\u00e1l<\/a>. Volt m\u00e1r olyan \u00e1llat, amelynek kapcs\u00e1n az\u00e9rt beindult az a bizonyos v\u00e9szvillog\u00f3 benned? Vagy j\u00e1rt\u00e1l m\u00e1r t\u00e9nylegesen p\u00f3rul egy-egy p\u00e9ld\u00e1nnyal?<\/strong><\/h3>\n\n\n\n<p>Akik ilyen fajokkal foglalkoznak, fel kell k\u00e9sz\u00fclni\u00fck arra, hogy a baj b\u00e1rmikor bek\u00f6vetkezhet. Az \u00f3vint\u00e9zked\u00e9sek \u00e9s a megfelel\u0151 kezel\u00e9s mellett is t\u00f6rt\u00e9nhetnek balesetek, amelyekre mindig naprak\u00e9sz vagyok, de f\u00e9lelem\u00e9rzet nem t\u00e1rsul hozz\u00e1. Szerencs\u00e9re nem tudn\u00e9k sok p\u00e9ld\u00e1t mes\u00e9lni, de volt egy durva eset, amikor egy tigrispitonn\u00e1l val\u00f3 v\u00edzcser\u00e9n\u00e9l a k\u00edgy\u00f3 egy hirtelen mozdulattal elkapta a kezemet. Mivel nagyon gyorsan t\u00f6rt\u00e9nt, hirtelen csak a m\u00e1sik kezemmel tudtam elkapni a sz\u00e1j\u00e1t, de \u00edgy mindk\u00e9t kezem csapd\u00e1ba esett. \u00c9n ugyan higgadtan kezeltem a helyzetet \u2013 ami a jelenl\u00e9v\u0151 t\u00e1rsaimr\u00f3l nem volt elmondhat\u00f3 \u2013, v\u00e9g\u00fcl ketten fejtett\u00e9k le r\u00f3lam az \u00f3ri\u00e1sk\u00edgy\u00f3t \u00fagy, hogy a h\u00e1trahajl\u00f3 fogai miatt a sz\u00e1j\u00e1t ellent\u00e9tes ir\u00e1nyba kellett ir\u00e1ny\u00edtani. A kezemet alaposan kimostam, \u00e9s alkoholos fert\u0151tlen\u00edt\u00e9st k\u00f6vet\u0151en Betadine-nal kezeltem a sebet. Szerencs\u00e9re \u00e9n kisebb s\u00e9r\u00fcl\u00e9sekkel meg\u00fasztam, \u00e9s a piton sem s\u00e9r\u00fclt, csup\u00e1n p\u00e1r fog\u00e1t hagyta a kezemben. Ez volt az els\u0151 \u00e9s eddig az utols\u00f3 ilyen eset.<\/p>\n\n\n\n<p>Ez az incidens maximum annyiban v\u00e1ltoztatott meg, hogy m\u00e9g k\u00f6r\u00fcltekint\u0151bben ny\u00falok ehhez a k\u00edgy\u00f3hoz a saj\u00e1t ter\u00fclet\u00e9n bel\u00fcl. Mindegyik fajnak megvan a maga jellegzetess\u00e9ge, hogyan is kell kezelni vagy b\u00e1nni vel\u00fck, \u00e9s ezen bel\u00fcl egyedenk\u00e9nt elt\u00e9rhetnek egym\u00e1st\u00f3l. Sz\u00e1momra ez is egy elk\u00e9peszt\u0151 p\u00e9ld\u00e1ja az \u00e1llatvil\u00e1gnak, melyet a saj\u00e1t k\u00f6rnyezetemben tapasztalhatok meg. Mindig van mit tanulni vel\u00fck kapcsolatban.<\/p>\n\n\n\n<h3 class=\"wp-block-heading\"><strong>\u00d6r\u00f6m n\u00e9zni, ahogy egy var\u00e1nusszal vagy t\u00f6bb m\u00e9teres pitonnal fon\u00f3dsz \u00f6ssze nagy \u00f6sszhangban. A k\u00f6zhiedelem \u00fagy tartja, hogy a h\u00fcll\u0151k legfeljebb elviselik az \u00e9rint\u00e9st, de nem ig\u00e9nylik. Te al\u00e1t\u00e1masztod ezt, vagy van olyan jelleg\u0171 tapasztalatod, hogy egy h\u00fcll\u0151d\u00f6n \u00fagy \u00e9rezted, igenis j\u00f3 n\u00e9ven veszi a k\u00e9zbev\u00e9telt, fizikai t\u00f6r\u0151d\u00e9st?<\/strong><\/h3>\n\n\n\n<p>Ez m\u00e1r r\u00e9g\u00f3ta egy vitatott t\u00e9ma \u00e9s szerintem erre nem lehet konkr\u00e9t v\u00e1laszt adni. A saj\u00e1t tapasztalatok mindig m\u00e9rvad\u00f3bbak lesznek a k\u00f6zhiedelemmel szemben. Ha m\u00e9lyebbre \u00e1som magam a t\u00e9m\u00e1ban, tal\u00e1n azt mondan\u00e1m, hogy ezt a k\u00e9rd\u00e9st az intelligencia szintj\u00e9re lehet bontani. Ezen bel\u00fcl pedig egyedekre. \u00c9n nem \u00e1ll\u00edtom, hogy kifejezetten olyan \u00e9rzelmi intelligenci\u00e1val rendelkeznek, mint a kuty\u00e1k vagy macsk\u00e1k, de szerintem nagyon f\u00e9lreismerj\u00fck ezeket az \u00e1llatokat.<\/p>\n\n\n\n<figure class=\"wp-block-image size-full\"><img decoding=\"async\" width=\"960\" height=\"640\" src=\"https:\/\/terraplaza.com\/magazin\/wp-content\/uploads\/2024\/08\/pvc-terrarium.jpg\" alt=\"\" class=\"wp-image-6261\" srcset=\"https:\/\/terraplaza.com\/magazin\/wp-content\/uploads\/2024\/08\/pvc-terrarium.jpg 960w, https:\/\/terraplaza.com\/magazin\/wp-content\/uploads\/2024\/08\/pvc-terrarium-300x200.jpg 300w, https:\/\/terraplaza.com\/magazin\/wp-content\/uploads\/2024\/08\/pvc-terrarium-768x512.jpg 768w, https:\/\/terraplaza.com\/magazin\/wp-content\/uploads\/2024\/08\/pvc-terrarium-150x100.jpg 150w, https:\/\/terraplaza.com\/magazin\/wp-content\/uploads\/2024\/08\/pvc-terrarium-450x300.jpg 450w\" sizes=\"(max-width: 960px) 100vw, 960px\" \/><figcaption class=\"wp-element-caption\">Asz\u00f3di Alexandra saj\u00e1t k\u00e9sz\u00edt\u00e9s\u0171 PVC-terr\u00e1riumaival<\/figcaption><\/figure>\n\n\n\n<h3 class=\"wp-block-heading\"><strong>\u00dajabban PVC-terr\u00e1riumokat \u00e9p\u00edtesz. \u00d6sszefoglalod, hogy mi az el\u0151ny\u00fck az \u00fcvegb\u0151l k\u00e9sz\u00fclt alternat\u00edv\u00e1kkal szemben? Illetve az ilyen ir\u00e1ny\u00fa k\u00e9z\u00fcgyess\u00e9gedet tanultad valakit\u0151l, vagy autodidakta m\u00f3don saj\u00e1t\u00edtottad el ezt a k\u00e9szs\u00e9get?<\/strong><\/h3>\n\n\n\n<p>A PVC terr\u00e1rium egy modernebb r\u00e9sze a terrarisztik\u00e1nak. K\u00fclf\u00f6ldr\u0151l indult, ahonnan pozit\u00edv visszajelz\u00e9seket hallhattunk. Az els\u0151 terr\u00e1riumokat megvett\u00fck, hogy k\u00eds\u00e9rletezz\u00fcnk a hat\u00e1saival, \u00e9s felismert\u00fck a hib\u00e1ikat is, amelyeket elkezdt\u00fcnk kijav\u00edtani. T\u00f6bb \u00e9v eltelt\u00e9vel mondtuk azt, hogy most m\u00e1r b\u00e1tran tudjuk aj\u00e1nlani megannyi fajnak. A mi pozit\u00edv tapasztalataink mell\u00e9 a v\u00e1s\u00e1rl\u00f3k is meger\u0151s\u00edtettek minket a PVC-terr\u00e1rium alkalmass\u00e1g\u00e1r\u00f3l. Nyilv\u00e1n mint mindennek, ennek is megvan a pozit\u00edv \u00e9s negat\u00edv oldala.<\/p>\n\n\n\n<p>Rengeteg \u00e9rv sz\u00f3l a PVC-terr\u00e1rium mellett: sokkal k\u00f6nnyebb, mint az \u00fcveg vagy a b\u00fatorterr\u00e1rium, \u00e9s nem reped vagy t\u00f6rik k\u00f6zvetlen h\u0151forr\u00e1s mellett sem. Kialak\u00edt\u00e1s\u00e1nak \u00e9s anyag\u00e1nak k\u00f6sz\u00f6nhet\u0151en kiv\u00e1l\u00f3an tartja a p\u00e1ratartalmat \u00e9s a h\u0151m\u00e9rs\u00e9kletet, illetve az illeszt\u00e9sek is v\u00edzhatlann\u00e1 vannak kialak\u00edtva. Tov\u00e1bb\u00e1 teljesen felszerelten is kivitelezhet\u0151, a bels\u0151 f\u0171t\u00e9st \u00e9s vil\u00e1g\u00edt\u00e1st fajoknak megfelel\u0151en lehet v\u00e1lasztani. A f\u0171t\u00e9s termoszt\u00e1tra k\u00f6t\u00f6tt f\u0171t\u0151filmmel \u00fczemel, emellett egy LED-vil\u00e1g\u00edt\u00e1s adja a f\u00e9nyt. A m\u00e1sik opci\u00f3 a ker\u00e1mia-foglalatos bels\u0151 vil\u00e1g\u00edt\u00e1s \u00e9s f\u0171t\u00e9s, vagy a fel\u00fcl elhelyezett \u00e9s szell\u0151z\u0151r\u00e1csra helyezett l\u00e1mpab\u00fara.<\/p>\n\n\n\n<p><br>Mivel m\u0171v\u00e9szl\u00e9lek vagyok, ez sok r\u00e9tegben megmutatkozik \u2013 a rajzol\u00e1st\u00f3l kezdve a fot\u00f3z\u00e1son kereszt\u00fcl eg\u00e9szen a bark\u00e1csol\u00e1sig. Ezen \u00e1g is m\u00e1r igen kicsi korom \u00f3ta elkezdett kialakulni, amely az \u00e9vek sor\u00e1n bontakozott ki. Saj\u00e1t tapasztalataim \u00e9s k\u00eds\u00e9rletez\u00e9seimen alapszik ez a k\u00e9szs\u00e9gem, amelyet igyekszem egyre modernebben fejleszteni &#8211; z\u00e1rta mondand\u00f3j\u00e1t Asz\u00f3di Alexandra.<\/p>\n","protected":false},"excerpt":{"rendered":"<p>A rendszerint hatalmas h\u00fcll\u0151ivel mutatkoz\u00f3 Asz\u00f3di Alexandra nem csup\u00e1n egy dekorat\u00edv eleme a TerraPlaz\u00e1knak, hiszen komoly herpetol\u00f3giai teny\u00e9szete van. Mes\u00e9lt nek\u00fcnk saj\u00e1t \u00e1lmainak megval\u00f3sul\u00e1s\u00e1r\u00f3l \u00e9s saj\u00e1t tapasztalatair\u00f3l \u2013 valamint PVC-terr\u00e1riumair\u00f3l sz\u00f3l\u00f3 ismertet\u0151vel is szolg\u00e1l az olvas\u00f3knak. A TerraPlaz\u00e1kon rendszeresen keltesz felt\u0171n\u00e9st azzal, hogy csinos l\u00e1nyk\u00e9nt tekint\u00e9lyt parancsol\u00f3 \u00e1llatokkal mutatkozol. N\u00e1lad hogyan kezd\u0151d\u00f6tt az \u00e1llatok ir\u00e1nti<\/p>\n","protected":false},"author":14,"featured_media":6259,"comment_status":"closed","ping_status":"open","sticky":false,"template":"","format":"standard","meta":{"footnotes":""},"categories":[985,283],"tags":[981,1429,82,880],"class_list":{"0":"post-6257","1":"post","2":"type-post","3":"status-publish","4":"format-standard","5":"has-post-thumbnail","7":"category-interju","8":"category-kategoria-nelkuli-hu","9":"tag-allatvedelem","10":"tag-aszodi-alexandra","11":"tag-hullok-hu","12":"tag-pvc-terrariumok"},"yoast_head":"<!-- This site is optimized with the Yoast SEO plugin v27.2 - https:\/\/yoast.com\/product\/yoast-seo-wordpress\/ -->\n<title>Asz\u00f3di Alexandra b\u00fcszke a szaporulataira<\/title>\n<meta name=\"description\" content=\"Asz\u00f3di Alexandra - akit a Terra Plaz\u00e1kon hatalmas h\u00fcll\u0151kkel l\u00e1thatunk - mes\u00e9lt nek\u00fcnk saj\u00e1t \u00e1lmair\u00f3l, tapasztalatair\u00f3l \u00e9s PVC-terr\u00e1riumair\u00f3l.\" \/>\n<meta name=\"robots\" content=\"index, follow, max-snippet:-1, max-image-preview:large, max-video-preview:-1\" \/>\n<link rel=\"canonical\" href=\"https:\/\/terraplaza.com\/magazin\/hu\/interju\/aszodi-lexandra-interju-herpetologia\/6257\/\" \/>\n<meta property=\"og:locale\" content=\"hu_HU\" \/>\n<meta property=\"og:type\" content=\"article\" \/>\n<meta property=\"og:title\" content=\"Asz\u00f3di Alexandra b\u00fcszke a szaporulataira\" \/>\n<meta property=\"og:description\" content=\"Asz\u00f3di Alexandra - akit a Terra Plaz\u00e1kon hatalmas h\u00fcll\u0151kkel l\u00e1thatunk - mes\u00e9lt nek\u00fcnk saj\u00e1t \u00e1lmair\u00f3l, tapasztalatair\u00f3l \u00e9s PVC-terr\u00e1riumair\u00f3l.\" \/>\n<meta property=\"og:url\" content=\"https:\/\/terraplaza.com\/magazin\/hu\/interju\/aszodi-lexandra-interju-herpetologia\/6257\/\" \/>\n<meta property=\"og:site_name\" content=\"TerraPlaza magazin\" \/>\n<meta property=\"article:publisher\" content=\"https:\/\/www.facebook.com\/terraplaza\" \/>\n<meta property=\"article:published_time\" content=\"2024-08-30T08:00:00+00:00\" \/>\n<meta property=\"og:image\" content=\"https:\/\/terraplaza.com\/magazin\/wp-content\/uploads\/2024\/08\/borito.jpg\" \/>\n\t<meta property=\"og:image:width\" content=\"2039\" \/>\n\t<meta property=\"og:image:height\" content=\"1345\" \/>\n\t<meta property=\"og:image:type\" content=\"image\/jpeg\" \/>\n<meta name=\"author\" content=\"T\u00f3th No\u00e9mi\" \/>\n<meta name=\"twitter:card\" content=\"summary_large_image\" \/>\n<meta name=\"twitter:label1\" content=\"Szerz\u0151:\" \/>\n\t<meta name=\"twitter:data1\" content=\"T\u00f3th No\u00e9mi\" \/>\n\t<meta name=\"twitter:label2\" content=\"Becs\u00fclt olvas\u00e1si id\u0151\" \/>\n\t<meta name=\"twitter:data2\" content=\"8 perc\" \/>\n<script type=\"application\/ld+json\" class=\"yoast-schema-graph\">{\"@context\":\"https:\/\/schema.org\",\"@graph\":[{\"@type\":\"Article\",\"@id\":\"https:\/\/terraplaza.com\/magazin\/hu\/interju\/aszodi-lexandra-interju-herpetologia\/6257\/#article\",\"isPartOf\":{\"@id\":\"https:\/\/terraplaza.com\/magazin\/hu\/interju\/aszodi-lexandra-interju-herpetologia\/6257\/\"},\"author\":{\"name\":\"T\u00f3th No\u00e9mi\",\"@id\":\"https:\/\/terraplaza.com\/magazin\/#\/schema\/person\/6ad9db1e818664bf7cf5d2773e6242d2\"},\"headline\":\"\u201eAz els\u0151 sikeres var\u00e1nusz-szaporulatomra \u00e9s a vesz\u00e9lyes \u00e1llataimra is ugyanolyan b\u00fcszke vagyok\u201d\",\"datePublished\":\"2024-08-30T08:00:00+00:00\",\"mainEntityOfPage\":{\"@id\":\"https:\/\/terraplaza.com\/magazin\/hu\/interju\/aszodi-lexandra-interju-herpetologia\/6257\/\"},\"wordCount\":1828,\"publisher\":{\"@id\":\"https:\/\/terraplaza.com\/magazin\/#organization\"},\"image\":{\"@id\":\"https:\/\/terraplaza.com\/magazin\/hu\/interju\/aszodi-lexandra-interju-herpetologia\/6257\/#primaryimage\"},\"thumbnailUrl\":\"https:\/\/terraplaza.com\/magazin\/wp-content\/uploads\/2024\/08\/borito.jpg\",\"keywords\":[\"\u00c1llatv\u00e9delem\",\"Asz\u00f3di Alexandra\",\"H\u00fcll\u0151k\",\"PVC terr\u00e1riumok\"],\"articleSection\":[\"Interj\u00fa\",\"Kateg\u00f3ria n\u00e9lk\u00fcli\"],\"inLanguage\":\"hu\"},{\"@type\":\"WebPage\",\"@id\":\"https:\/\/terraplaza.com\/magazin\/hu\/interju\/aszodi-lexandra-interju-herpetologia\/6257\/\",\"url\":\"https:\/\/terraplaza.com\/magazin\/hu\/interju\/aszodi-lexandra-interju-herpetologia\/6257\/\",\"name\":\"Asz\u00f3di Alexandra b\u00fcszke a szaporulataira\",\"isPartOf\":{\"@id\":\"https:\/\/terraplaza.com\/magazin\/#website\"},\"primaryImageOfPage\":{\"@id\":\"https:\/\/terraplaza.com\/magazin\/hu\/interju\/aszodi-lexandra-interju-herpetologia\/6257\/#primaryimage\"},\"image\":{\"@id\":\"https:\/\/terraplaza.com\/magazin\/hu\/interju\/aszodi-lexandra-interju-herpetologia\/6257\/#primaryimage\"},\"thumbnailUrl\":\"https:\/\/terraplaza.com\/magazin\/wp-content\/uploads\/2024\/08\/borito.jpg\",\"datePublished\":\"2024-08-30T08:00:00+00:00\",\"description\":\"Asz\u00f3di Alexandra - akit a Terra Plaz\u00e1kon hatalmas h\u00fcll\u0151kkel l\u00e1thatunk - mes\u00e9lt nek\u00fcnk saj\u00e1t \u00e1lmair\u00f3l, tapasztalatair\u00f3l \u00e9s PVC-terr\u00e1riumair\u00f3l.\",\"breadcrumb\":{\"@id\":\"https:\/\/terraplaza.com\/magazin\/hu\/interju\/aszodi-lexandra-interju-herpetologia\/6257\/#breadcrumb\"},\"inLanguage\":\"hu\",\"potentialAction\":[{\"@type\":\"ReadAction\",\"target\":[\"https:\/\/terraplaza.com\/magazin\/hu\/interju\/aszodi-lexandra-interju-herpetologia\/6257\/\"]}]},{\"@type\":\"ImageObject\",\"inLanguage\":\"hu\",\"@id\":\"https:\/\/terraplaza.com\/magazin\/hu\/interju\/aszodi-lexandra-interju-herpetologia\/6257\/#primaryimage\",\"url\":\"https:\/\/terraplaza.com\/magazin\/wp-content\/uploads\/2024\/08\/borito.jpg\",\"contentUrl\":\"https:\/\/terraplaza.com\/magazin\/wp-content\/uploads\/2024\/08\/borito.jpg\",\"width\":2039,\"height\":1345},{\"@type\":\"BreadcrumbList\",\"@id\":\"https:\/\/terraplaza.com\/magazin\/hu\/interju\/aszodi-lexandra-interju-herpetologia\/6257\/#breadcrumb\",\"itemListElement\":[{\"@type\":\"ListItem\",\"position\":1,\"name\":\"Kezd\u0151lap\",\"item\":\"https:\/\/terraplaza.com\/magazin\/hu\/\"},{\"@type\":\"ListItem\",\"position\":2,\"name\":\"\u201eAz els\u0151 sikeres var\u00e1nusz-szaporulatomra \u00e9s a vesz\u00e9lyes \u00e1llataimra is ugyanolyan b\u00fcszke vagyok\u201d\"}]},{\"@type\":\"WebSite\",\"@id\":\"https:\/\/terraplaza.com\/magazin\/#website\",\"url\":\"https:\/\/terraplaza.com\/magazin\/\",\"name\":\"TerraPlaza magazin\",\"description\":\"Term\u00e9szet szeretet \u00e9s felel\u0151s \u00e1llattart\u00e1s naprak\u00e9sz inform\u00e1ci\u00f3kkal \u2013 terrarisztika \u00e9s akvarisztika szakport\u00e1l. Hogy kedvenceidnek min\u00e9l boldogabb \u00e9lete legyen.\",\"publisher\":{\"@id\":\"https:\/\/terraplaza.com\/magazin\/#organization\"},\"alternateName\":\"terrarisztikai szakport\u00e1l\",\"potentialAction\":[{\"@type\":\"SearchAction\",\"target\":{\"@type\":\"EntryPoint\",\"urlTemplate\":\"https:\/\/terraplaza.com\/magazin\/?s={search_term_string}\"},\"query-input\":{\"@type\":\"PropertyValueSpecification\",\"valueRequired\":true,\"valueName\":\"search_term_string\"}}],\"inLanguage\":\"hu\"},{\"@type\":\"Organization\",\"@id\":\"https:\/\/terraplaza.com\/magazin\/#organization\",\"name\":\"TerraPlaza\",\"url\":\"https:\/\/terraplaza.com\/magazin\/\",\"logo\":{\"@type\":\"ImageObject\",\"inLanguage\":\"hu\",\"@id\":\"https:\/\/terraplaza.com\/magazin\/#\/schema\/logo\/image\/\",\"url\":\"https:\/\/terraplaza.com\/magazin\/wp-content\/uploads\/2023\/07\/Kepernyofoto-2023-07-24-18.20.04.png\",\"contentUrl\":\"https:\/\/terraplaza.com\/magazin\/wp-content\/uploads\/2023\/07\/Kepernyofoto-2023-07-24-18.20.04.png\",\"width\":1502,\"height\":382,\"caption\":\"TerraPlaza\"},\"image\":{\"@id\":\"https:\/\/terraplaza.com\/magazin\/#\/schema\/logo\/image\/\"},\"sameAs\":[\"https:\/\/www.facebook.com\/terraplaza\"]},{\"@type\":\"Person\",\"@id\":\"https:\/\/terraplaza.com\/magazin\/#\/schema\/person\/6ad9db1e818664bf7cf5d2773e6242d2\",\"name\":\"T\u00f3th No\u00e9mi\",\"image\":{\"@type\":\"ImageObject\",\"inLanguage\":\"hu\",\"@id\":\"https:\/\/terraplaza.com\/magazin\/wp-content\/uploads\/2024\/05\/384788093_10212242853061750_1634389912752719707_n-2-150x150.jpg\",\"url\":\"https:\/\/terraplaza.com\/magazin\/wp-content\/uploads\/2024\/05\/384788093_10212242853061750_1634389912752719707_n-2-150x150.jpg\",\"contentUrl\":\"https:\/\/terraplaza.com\/magazin\/wp-content\/uploads\/2024\/05\/384788093_10212242853061750_1634389912752719707_n-2-150x150.jpg\",\"caption\":\"T\u00f3th No\u00e9mi\"},\"description\":\"\u00dajs\u00e1g\u00edr\u00f3, kreat\u00edv sz\u00f6veg\u00edr\u00f3\",\"url\":\"https:\/\/terraplaza.com\/magazin\/author\/noemi\/\"}]}<\/script>\n<!-- \/ Yoast SEO plugin. -->","yoast_head_json":{"title":"Asz\u00f3di Alexandra b\u00fcszke a szaporulataira","description":"Asz\u00f3di Alexandra - akit a Terra Plaz\u00e1kon hatalmas h\u00fcll\u0151kkel l\u00e1thatunk - mes\u00e9lt nek\u00fcnk saj\u00e1t \u00e1lmair\u00f3l, tapasztalatair\u00f3l \u00e9s PVC-terr\u00e1riumair\u00f3l.","robots":{"index":"index","follow":"follow","max-snippet":"max-snippet:-1","max-image-preview":"max-image-preview:large","max-video-preview":"max-video-preview:-1"},"canonical":"https:\/\/terraplaza.com\/magazin\/hu\/interju\/aszodi-lexandra-interju-herpetologia\/6257\/","og_locale":"hu_HU","og_type":"article","og_title":"Asz\u00f3di Alexandra b\u00fcszke a szaporulataira","og_description":"Asz\u00f3di Alexandra - akit a Terra Plaz\u00e1kon hatalmas h\u00fcll\u0151kkel l\u00e1thatunk - mes\u00e9lt nek\u00fcnk saj\u00e1t \u00e1lmair\u00f3l, tapasztalatair\u00f3l \u00e9s PVC-terr\u00e1riumair\u00f3l.","og_url":"https:\/\/terraplaza.com\/magazin\/hu\/interju\/aszodi-lexandra-interju-herpetologia\/6257\/","og_site_name":"TerraPlaza magazin","article_publisher":"https:\/\/www.facebook.com\/terraplaza","article_published_time":"2024-08-30T08:00:00+00:00","og_image":[{"width":2039,"height":1345,"url":"https:\/\/terraplaza.com\/magazin\/wp-content\/uploads\/2024\/08\/borito.jpg","type":"image\/jpeg"}],"author":"T\u00f3th No\u00e9mi","twitter_card":"summary_large_image","twitter_misc":{"Szerz\u0151:":"T\u00f3th No\u00e9mi","Becs\u00fclt olvas\u00e1si id\u0151":"8 perc"},"schema":{"@context":"https:\/\/schema.org","@graph":[{"@type":"Article","@id":"https:\/\/terraplaza.com\/magazin\/hu\/interju\/aszodi-lexandra-interju-herpetologia\/6257\/#article","isPartOf":{"@id":"https:\/\/terraplaza.com\/magazin\/hu\/interju\/aszodi-lexandra-interju-herpetologia\/6257\/"},"author":{"name":"T\u00f3th No\u00e9mi","@id":"https:\/\/terraplaza.com\/magazin\/#\/schema\/person\/6ad9db1e818664bf7cf5d2773e6242d2"},"headline":"\u201eAz els\u0151 sikeres var\u00e1nusz-szaporulatomra \u00e9s a vesz\u00e9lyes \u00e1llataimra is ugyanolyan b\u00fcszke vagyok\u201d","datePublished":"2024-08-30T08:00:00+00:00","mainEntityOfPage":{"@id":"https:\/\/terraplaza.com\/magazin\/hu\/interju\/aszodi-lexandra-interju-herpetologia\/6257\/"},"wordCount":1828,"publisher":{"@id":"https:\/\/terraplaza.com\/magazin\/#organization"},"image":{"@id":"https:\/\/terraplaza.com\/magazin\/hu\/interju\/aszodi-lexandra-interju-herpetologia\/6257\/#primaryimage"},"thumbnailUrl":"https:\/\/terraplaza.com\/magazin\/wp-content\/uploads\/2024\/08\/borito.jpg","keywords":["\u00c1llatv\u00e9delem","Asz\u00f3di Alexandra","H\u00fcll\u0151k","PVC terr\u00e1riumok"],"articleSection":["Interj\u00fa","Kateg\u00f3ria n\u00e9lk\u00fcli"],"inLanguage":"hu"},{"@type":"WebPage","@id":"https:\/\/terraplaza.com\/magazin\/hu\/interju\/aszodi-lexandra-interju-herpetologia\/6257\/","url":"https:\/\/terraplaza.com\/magazin\/hu\/interju\/aszodi-lexandra-interju-herpetologia\/6257\/","name":"Asz\u00f3di Alexandra b\u00fcszke a szaporulataira","isPartOf":{"@id":"https:\/\/terraplaza.com\/magazin\/#website"},"primaryImageOfPage":{"@id":"https:\/\/terraplaza.com\/magazin\/hu\/interju\/aszodi-lexandra-interju-herpetologia\/6257\/#primaryimage"},"image":{"@id":"https:\/\/terraplaza.com\/magazin\/hu\/interju\/aszodi-lexandra-interju-herpetologia\/6257\/#primaryimage"},"thumbnailUrl":"https:\/\/terraplaza.com\/magazin\/wp-content\/uploads\/2024\/08\/borito.jpg","datePublished":"2024-08-30T08:00:00+00:00","description":"Asz\u00f3di Alexandra - akit a Terra Plaz\u00e1kon hatalmas h\u00fcll\u0151kkel l\u00e1thatunk - mes\u00e9lt nek\u00fcnk saj\u00e1t \u00e1lmair\u00f3l, tapasztalatair\u00f3l \u00e9s PVC-terr\u00e1riumair\u00f3l.","breadcrumb":{"@id":"https:\/\/terraplaza.com\/magazin\/hu\/interju\/aszodi-lexandra-interju-herpetologia\/6257\/#breadcrumb"},"inLanguage":"hu","potentialAction":[{"@type":"ReadAction","target":["https:\/\/terraplaza.com\/magazin\/hu\/interju\/aszodi-lexandra-interju-herpetologia\/6257\/"]}]},{"@type":"ImageObject","inLanguage":"hu","@id":"https:\/\/terraplaza.com\/magazin\/hu\/interju\/aszodi-lexandra-interju-herpetologia\/6257\/#primaryimage","url":"https:\/\/terraplaza.com\/magazin\/wp-content\/uploads\/2024\/08\/borito.jpg","contentUrl":"https:\/\/terraplaza.com\/magazin\/wp-content\/uploads\/2024\/08\/borito.jpg","width":2039,"height":1345},{"@type":"BreadcrumbList","@id":"https:\/\/terraplaza.com\/magazin\/hu\/interju\/aszodi-lexandra-interju-herpetologia\/6257\/#breadcrumb","itemListElement":[{"@type":"ListItem","position":1,"name":"Kezd\u0151lap","item":"https:\/\/terraplaza.com\/magazin\/hu\/"},{"@type":"ListItem","position":2,"name":"\u201eAz els\u0151 sikeres var\u00e1nusz-szaporulatomra \u00e9s a vesz\u00e9lyes \u00e1llataimra is ugyanolyan b\u00fcszke vagyok\u201d"}]},{"@type":"WebSite","@id":"https:\/\/terraplaza.com\/magazin\/#website","url":"https:\/\/terraplaza.com\/magazin\/","name":"TerraPlaza magazin","description":"Term\u00e9szet szeretet \u00e9s felel\u0151s \u00e1llattart\u00e1s naprak\u00e9sz inform\u00e1ci\u00f3kkal \u2013 terrarisztika \u00e9s akvarisztika szakport\u00e1l. Hogy kedvenceidnek min\u00e9l boldogabb \u00e9lete legyen.","publisher":{"@id":"https:\/\/terraplaza.com\/magazin\/#organization"},"alternateName":"terrarisztikai szakport\u00e1l","potentialAction":[{"@type":"SearchAction","target":{"@type":"EntryPoint","urlTemplate":"https:\/\/terraplaza.com\/magazin\/?s={search_term_string}"},"query-input":{"@type":"PropertyValueSpecification","valueRequired":true,"valueName":"search_term_string"}}],"inLanguage":"hu"},{"@type":"Organization","@id":"https:\/\/terraplaza.com\/magazin\/#organization","name":"TerraPlaza","url":"https:\/\/terraplaza.com\/magazin\/","logo":{"@type":"ImageObject","inLanguage":"hu","@id":"https:\/\/terraplaza.com\/magazin\/#\/schema\/logo\/image\/","url":"https:\/\/terraplaza.com\/magazin\/wp-content\/uploads\/2023\/07\/Kepernyofoto-2023-07-24-18.20.04.png","contentUrl":"https:\/\/terraplaza.com\/magazin\/wp-content\/uploads\/2023\/07\/Kepernyofoto-2023-07-24-18.20.04.png","width":1502,"height":382,"caption":"TerraPlaza"},"image":{"@id":"https:\/\/terraplaza.com\/magazin\/#\/schema\/logo\/image\/"},"sameAs":["https:\/\/www.facebook.com\/terraplaza"]},{"@type":"Person","@id":"https:\/\/terraplaza.com\/magazin\/#\/schema\/person\/6ad9db1e818664bf7cf5d2773e6242d2","name":"T\u00f3th No\u00e9mi","image":{"@type":"ImageObject","inLanguage":"hu","@id":"https:\/\/terraplaza.com\/magazin\/wp-content\/uploads\/2024\/05\/384788093_10212242853061750_1634389912752719707_n-2-150x150.jpg","url":"https:\/\/terraplaza.com\/magazin\/wp-content\/uploads\/2024\/05\/384788093_10212242853061750_1634389912752719707_n-2-150x150.jpg","contentUrl":"https:\/\/terraplaza.com\/magazin\/wp-content\/uploads\/2024\/05\/384788093_10212242853061750_1634389912752719707_n-2-150x150.jpg","caption":"T\u00f3th No\u00e9mi"},"description":"\u00dajs\u00e1g\u00edr\u00f3, kreat\u00edv sz\u00f6veg\u00edr\u00f3","url":"https:\/\/terraplaza.com\/magazin\/author\/noemi\/"}]}},"views":4026,"_links":{"self":[{"href":"https:\/\/terraplaza.com\/magazin\/wp-json\/wp\/v2\/posts\/6257","targetHints":{"allow":["GET"]}}],"collection":[{"href":"https:\/\/terraplaza.com\/magazin\/wp-json\/wp\/v2\/posts"}],"about":[{"href":"https:\/\/terraplaza.com\/magazin\/wp-json\/wp\/v2\/types\/post"}],"author":[{"embeddable":true,"href":"https:\/\/terraplaza.com\/magazin\/wp-json\/wp\/v2\/users\/14"}],"replies":[{"embeddable":true,"href":"https:\/\/terraplaza.com\/magazin\/wp-json\/wp\/v2\/comments?post=6257"}],"version-history":[{"count":5,"href":"https:\/\/terraplaza.com\/magazin\/wp-json\/wp\/v2\/posts\/6257\/revisions"}],"predecessor-version":[{"id":6267,"href":"https:\/\/terraplaza.com\/magazin\/wp-json\/wp\/v2\/posts\/6257\/revisions\/6267"}],"wp:featuredmedia":[{"embeddable":true,"href":"https:\/\/terraplaza.com\/magazin\/wp-json\/wp\/v2\/media\/6259"}],"wp:attachment":[{"href":"https:\/\/terraplaza.com\/magazin\/wp-json\/wp\/v2\/media?parent=6257"}],"wp:term":[{"taxonomy":"category","embeddable":true,"href":"https:\/\/terraplaza.com\/magazin\/wp-json\/wp\/v2\/categories?post=6257"},{"taxonomy":"post_tag","embeddable":true,"href":"https:\/\/terraplaza.com\/magazin\/wp-json\/wp\/v2\/tags?post=6257"}],"curies":[{"name":"wp","href":"https:\/\/api.w.org\/{rel}","templated":true}]}}