{"id":6292,"date":"2024-09-13T10:00:00","date_gmt":"2024-09-13T08:00:00","guid":{"rendered":"https:\/\/terraplaza.com\/magazin\/?p=6292"},"modified":"2024-09-16T22:29:10","modified_gmt":"2024-09-16T20:29:10","slug":"farkas-m-vivien-egy-3-meteres-homoki-tigriscapa-szepen-elveszi-a-halat-a-kezembol","status":"publish","type":"post","link":"https:\/\/terraplaza.com\/magazin\/hu\/interju\/farkas-m-vivien-egy-3-meteres-homoki-tigriscapa-szepen-elveszi-a-halat-a-kezembol\/6292\/","title":{"rendered":"\u201eEgy 3 m\u00e9teres homoki tigrisc\u00e1pa sz\u00e9pen elveszi a halat a kezemb\u0151l\u201d"},"content":{"rendered":"\n<p><em>Farkas M. Vivien a terrarisztika \u00e9s az akvarisztika szerelmese, ugyanakkor tapasztalt b\u00fav\u00e1r, aki a Tropicarium gy\u0171jtem\u00e9ny\u00e9t is vezette h\u00e9t \u00e9vig. Szerinte a mer\u00fcl\u00e9s olyan, mintha egy m\u00e1sik vil\u00e1gba ker\u00fclne az ember, \u00f6sszez\u00e1rva a saj\u00e1t gondolataival. Saj\u00e1t h\u00fcll\u0151szaporulat\u00e1val TerraPlaza ki\u00e1ll\u00edt\u00f3, valamint az id\u00e9n indul\u00f3 TerraPlaza szakmai napj\u00e1nak szervez\u0151je is. <\/em><\/p>\n\n\n\n<h3 class=\"wp-block-heading\"><strong>A TerraPlaza els<\/strong><strong>\u0151 rendezv<\/strong><strong>\u00e9<\/strong><strong>nyeire m<\/strong><strong>\u00e9<\/strong><strong>g vend<\/strong><strong>\u00e9<\/strong><strong>gk<\/strong><strong>\u00e9nt \u00e9<\/strong><strong>rkezt<\/strong><strong>\u00e9<\/strong><strong>l, de m\u00e1r <\/strong><strong>\u00e9<\/strong><strong>vek \u00f3ta ki\u00e1ll\u00edt\u00f3 is vagy az exp\u00f3n Vivien Reptiles n<\/strong><strong>\u00e9<\/strong><strong>ven. Mikor fordult n\u00e1lad a kocka, hogy ezt a hobbit hivat\u00e1sszer\u0171en \u0171zn<\/strong><strong>\u00e9<\/strong><strong>d?<\/strong><strong><\/strong><\/h3>\n\n\n\n<p>A hobbit tulajdonk\u00e9ppen \u00fagy kezdtem, ahogyan mindenki szokta: z\u00f6ldf\u00fcl\u0171k\u00e9nt mindent is hazavittem, bele\u00e9rtve r\u00e1gcs\u00e1l\u00f3kat, madarakat, halakat \u00e9s h\u00fcll\u0151ket. Azt\u00e1n j\u00f6ttek az els\u0151 siker\u00e9lm\u00e9nyek, a szaporulatok. K\u00f6zben az egyetemi tanulm\u00e1nyaim sor\u00e1n teljesen szerelmese lettem a h\u00fcll\u0151knek, azt befejezve elhelyezkedtem egy budapesti terrarisztikai \u00e9s akvarisztikai szakkeresked\u00e9sben.&nbsp; Ott napi feladataim k\u00f6z\u00e9 tartozott a h\u00e1tt\u00e9rteny\u00e9szet, aminek k\u00f6sz\u00f6nhet\u0151en sok tapasztalatra tettem szert, \u00e9s sz\u00e1mos faj tart\u00e1s\u00e1val ismerkedtem meg. Id\u0151vel kialakult a saj\u00e1t h\u00fcll\u0151gy\u0171jtem\u00e9nyem is, amelyek ell\u00e1t\u00e1sa m\u00e1r jelent\u0151s \u00f6sszeget \u00f6lelt fel, \u00fagyhogy j\u00f3l j\u00f6tt, hogy a szaporulatb\u00f3l tudtam fedezni a saj\u00e1t \u00e1llataim k\u00f6lts\u00e9geit. A szakkeresked\u00e9ssel rendszeres ki\u00e1ll\u00edt\u00f3i voltunk a TerraPlaz\u00e1nak, \u00e9s ekkora m\u00e1r nem volt k\u00e9rd\u00e9s, hogy Vivien Reptilesk\u00e9nt \u00f6n\u00e1ll\u00f3 ki\u00e1ll\u00edt\u00f3 legyek.<\/p>\n\n\n\n<h3 class=\"wp-block-heading\"><strong>Mostan\u00e1ig a <a href=\"https:\/\/tropicarium.hu\/\">Tropicarium <\/a>gy\u0171jtem\u00e9ny\u00e9nek vezet\u0151je\u00a0volt\u00e1l. Milyen szakmai \u00e1llom\u00e1sokat k\u00f6vet\u0151en ker\u00fclt\u00e9l a Tropicariumba, \u00e9s mit \u00e9lvezt\u00e9l az ottani munk\u00e1dban a legink\u00e1bb? Melyek voltak a legizgalmasabb tapasztalataid, amelyekre ott tett\u00e9l szert \u2013 p\u00e9ld\u00e1ul a c\u00e1p\u00e1kkal kapcsolatban?<\/strong><\/h3>\n\n\n\n<p>A szakkeresked\u00e9st megel\u0151z\u0151en a F\u0151v\u00e1rosi \u00c1llat- \u00e9s N\u00f6v\u00e9nykertben \u00e1llatgondoz\u00f3k\u00e9nt t\u00f6lt\u00f6ttem az egyetemi gyakorlatomat, \u00e9s a terveim k\u00f6z\u00f6tt szerepelt, hogy \u00e1llatkertben szeretn\u00e9k dolgozni. K\u00e9t \u00e9v szakkeresked\u00e9s ut\u00e1n mentem tov\u00e1bb a Tropicariumba, mint akvarista. H\u00fcll\u0151kkel tov\u00e1bbra is foglalkoztam otthon, de szerettem volna a v\u00edzi vil\u00e1gban is jobban elm\u00e9ly\u00fclni. Ugyan az ut\u00f3bbi id\u0151szakban m\u00e1r ink\u00e1bb a pap\u00edrmunk\u00e1\u00e9 volt a f\u0151szerep, de az elm\u00falt 7 \u00e9vben megismertem a tengeri \u00e9l\u0151l\u00e9nyeket, k\u00f6zt\u00fck a c\u00e1p\u00e1kat is. Csod\u00e1latos \u00e1llatok: nem gondolj\u00e1k az emberek, milyen intelligensek. Nagyon a sz\u00edvemhez n\u0151ttek, \u00e9s a munk\u00e1m sor\u00e1n ismeretterjeszt\u0151 el\u0151ad\u00e1sokon pr\u00f3b\u00e1ltam hangs\u00falyt fektetni meg\u00f3v\u00e1sukra \u00e9s eloszlatni a vel\u00fck kapcsolatos t\u00e9vhiteket.<\/p>\n\n\n\n<figure class=\"wp-block-image size-large\"><img fetchpriority=\"high\" decoding=\"async\" width=\"1024\" height=\"406\" src=\"https:\/\/terraplaza.com\/magazin\/wp-content\/uploads\/2024\/09\/farkasvivien1-1024x406.jpg\" alt=\"\" class=\"wp-image-6295\" srcset=\"https:\/\/terraplaza.com\/magazin\/wp-content\/uploads\/2024\/09\/farkasvivien1-1024x406.jpg 1024w, https:\/\/terraplaza.com\/magazin\/wp-content\/uploads\/2024\/09\/farkasvivien1-300x119.jpg 300w, https:\/\/terraplaza.com\/magazin\/wp-content\/uploads\/2024\/09\/farkasvivien1-768x305.jpg 768w, https:\/\/terraplaza.com\/magazin\/wp-content\/uploads\/2024\/09\/farkasvivien1-1536x610.jpg 1536w, https:\/\/terraplaza.com\/magazin\/wp-content\/uploads\/2024\/09\/farkasvivien1-2048x813.jpg 2048w, https:\/\/terraplaza.com\/magazin\/wp-content\/uploads\/2024\/09\/farkasvivien1-150x60.jpg 150w, https:\/\/terraplaza.com\/magazin\/wp-content\/uploads\/2024\/09\/farkasvivien1-450x179.jpg 450w, https:\/\/terraplaza.com\/magazin\/wp-content\/uploads\/2024\/09\/farkasvivien1-1200x476.jpg 1200w\" sizes=\"(max-width: 1024px) 100vw, 1024px\" \/><figcaption class=\"wp-element-caption\">Farkas Vivien a Tropicariumban<\/figcaption><\/figure>\n\n\n\n<h3 class=\"wp-block-heading\"><strong>\u00dagy <\/strong><strong>\u00e9<\/strong><strong>rtes<\/strong><strong>\u00fcltem, hogy tapasztalt b\u00fav\u00e1r is vagy. Milyen mer\u00fcl<\/strong><strong>\u00e9<\/strong><strong>ssel kapcsolatos t\u00f6rt<\/strong><strong>\u00e9<\/strong><strong>netekre eml<\/strong><strong>\u00e9<\/strong><strong>kszel vissza legsz\u00edvesebben? Mi volt a leg<\/strong><strong>\u00e9<\/strong><strong>rdekesebb, amit valaha l\u00e1tt\u00e1l a m<\/strong><strong>\u00e9<\/strong><strong>lyben? <\/strong><strong><\/strong><\/h3>\n\n\n\n<p>Igen, hivat\u00e1sos b\u00fav\u00e1rk\u00e9nt tudtam a c\u00e1p\u00e1k k\u00f6z\u00e9 mer\u00fclni, v\u00edz alatt etetni \u0151ket. Le\u00edrhatatlan \u00e9rz\u00e9s a v\u00edz alatt szemt\u0151l szembe lenni egy n\u00e1lad j\u00f3val nagyobb c\u00e1p\u00e1val. Hozz\u00e1teszem, egy k\u00f6zel 3 m\u00e9teres homoki tigrisc\u00e1pa szebben elveszi a 20 centis halat, mint az alig 8 kil\u00f3s mopszom a jutalomfalatot. Volt olyan, hogy v\u00edz alatt dolgoztunk, nem figyeltem \u00e9s \u00f6ssze\u00fasztam egy barna szirtc\u00e1p\u00e1val: \u0151 jobbra, \u00e9n balra ugrottam el, \u00e9s az \u00e1llat szerintem jobban megijedt, mint \u00e9n. Ny\u00edlt v\u00edzen is t\u00f6bbsz\u00f6r volt m\u00e1r szerencs\u00e9m c\u00e1p\u00e1val tal\u00e1lkozni, sosem felejtem el a l\u00e1tv\u00e1nyt, amikor mer\u00fcl\u00e9s k\u00f6zben len\u00e9ztem, \u00e9s a tengerfen\u00e9ken \u00faszk\u00e1lt egy b\u00e9bi fekete\u00fasz\u00f3j\u00fa szirtc\u00e1pa. Olyan a b\u00fav\u00e1rkod\u00e1s, mintha egy m\u00e1sik vil\u00e1gba ker\u00fclne az ember, \u00f6sszez\u00e1rva a saj\u00e1t gondolataival, csak aj\u00e1nlani tudom.<\/p>\n\n\n\n<h3 class=\"wp-block-heading\"><strong>\u00c9<\/strong><strong>s mit tan<\/strong><strong>\u00e1csoln\u00e1l azoknak, akiket <\/strong><strong>\u00e9<\/strong><strong>rdekel ez a sport, hogy hol pr\u00f3b\u00e1lj\u00e1k ki el\u0151sz\u00f6r, hogyan fogjanak neki?<\/strong><strong><\/strong><\/h3>\n\n\n\n<p>A b\u00fav\u00e1riskol\u00e1k \u00e9s b\u00fav\u00e1rb\u00e1zisok mindenben seg\u00edtenek, akit \u00e9rdekel a mer\u00fcl\u00e9s \u2013 \u00e9rdemes kipr\u00f3b\u00e1lni.<\/p>\n\n\n\n<figure class=\"wp-block-image size-large\"><img decoding=\"async\" width=\"1024\" height=\"576\" src=\"https:\/\/terraplaza.com\/magazin\/wp-content\/uploads\/2024\/09\/farkasvivien2-1024x576.jpg\" alt=\"\" class=\"wp-image-6296\" srcset=\"https:\/\/terraplaza.com\/magazin\/wp-content\/uploads\/2024\/09\/farkasvivien2-1024x576.jpg 1024w, https:\/\/terraplaza.com\/magazin\/wp-content\/uploads\/2024\/09\/farkasvivien2-300x169.jpg 300w, https:\/\/terraplaza.com\/magazin\/wp-content\/uploads\/2024\/09\/farkasvivien2-768x432.jpg 768w, https:\/\/terraplaza.com\/magazin\/wp-content\/uploads\/2024\/09\/farkasvivien2-1536x864.jpg 1536w, https:\/\/terraplaza.com\/magazin\/wp-content\/uploads\/2024\/09\/farkasvivien2-150x84.jpg 150w, https:\/\/terraplaza.com\/magazin\/wp-content\/uploads\/2024\/09\/farkasvivien2-450x253.jpg 450w, https:\/\/terraplaza.com\/magazin\/wp-content\/uploads\/2024\/09\/farkasvivien2-1200x675.jpg 1200w, https:\/\/terraplaza.com\/magazin\/wp-content\/uploads\/2024\/09\/farkasvivien2.jpg 1920w\" sizes=\"(max-width: 1024px) 100vw, 1024px\" \/><figcaption class=\"wp-element-caption\">Farkas Vivien \u00e9pp elmer\u00fcl a teend\u0151iben<\/figcaption><\/figure>\n\n\n\n<h3 class=\"wp-block-heading\"><strong>A Tropicariumban tavaly \u0151sszel megszervezted a h\u00fcll\u0151s szakmai napot, amelynek hatalmas sikere volt a szakm\u00e1ban. Milyen aprop\u00f3b\u00f3l fogalmaz\u00f3dott meg az ig<\/strong><strong>\u00e9<\/strong><strong>ny erre a rendezv<\/strong><strong>\u00e9<\/strong><strong>nyre, <\/strong><strong>\u00e9<\/strong><strong>s melyek voltak a legfontosabb konkl\u00fazi\u00f3k, amelyekkel z\u00e1rult az esem<\/strong><strong>\u00e9<\/strong><strong>ny?<\/strong><strong><\/strong><\/h3>\n\n\n\n<p>Koll\u00e9g\u00e1immal nem csak munkaid\u0151ben foglalkozunk egzotikus \u00e1llatokkal, sokan k\u00f6z\u00fcl\u00fcnk otthon is sz\u00e1mos fajt tartunk. Mivel \u00e9let\u00fcnk nagy r\u00e9sze ebben a \u2013 mondhatni kis \u2013 szakm\u00e1ban zajlik, sz\u00e1mos szakmabelivel tartjuk a kapcsolatot, sokukkal j\u00f3 bar\u00e1ts\u00e1got is \u00e1polunk. No, \u00e9s persze egy-egy tal\u00e1lkoz\u00e1sn\u00e1l mi m\u00e1s lehetne a t\u00e9ma, mint az \u00e1llatok. Ezen eszmecser\u00e9ket \u00e9s j\u00f3\u00edz\u0171 besz\u00e9lget\u00e9seket szerett\u00fck volna megosztani a hobbi szerelmeseivel. Nagyon \u00e9rdekes, izgalmas t\u00e9m\u00e1kat hoztak az el\u0151ad\u00f3k \u00e9s remek hangulatban telt a nap, m\u00e1ig nagyon h\u00e1l\u00e1s vagyok koll\u00e9g\u00e1imnak, az el\u0151ad\u00f3knak \u00e9s a r\u00e9sztvev\u0151knek is, hogy \u00f6sszehoztuk. Rengeteg pozit\u00edv visszajelz\u00e9st kaptunk, f\u0151k\u00e9nt a hangulatra \u00e9s az el\u0151ad\u00f3k profizmus\u00e1ra vonatkoz\u00f3an.&nbsp; Ami pedig k\u00fcl\u00f6n\u00f6sen j\u00f3 \u00e9rz\u00e9s volt, hogy a r\u00e9sztvev\u0151k m\u00e1r aznap a k\u00f6vetkez\u0151 esem\u00e9nyt ind\u00edtv\u00e1nyozt\u00e1k.<\/p>\n\n\n\n<h3 class=\"wp-block-heading\"><strong>Id\u00e9n szeptembert\u0151l pedig a TerraPlaz\u00e1n szervezel <a href=\"https:\/\/terraplaza.com\/hu\/terraplaza-szakmai-nap\">szakmai napokat<\/a> TerraPlaza Szakmai Nap n\u00e9ven. Mit gondolsz, mi\u00e9rt van erre sz\u00fcks\u00e9g, illetve mi az ezzel kapcsolatos misszi\u00f3d?<\/strong> <\/h3>\n\n\n\n<p>Fontosnak tartom az eduk\u00e1ci\u00f3t, ak\u00e1r most cs\u00f6ppent\u00fcnk bele, ak\u00e1r m\u00e1r \u00e9vek \u00f3ta elm\u00e9ly\u00fclt\u00fcnk egy adott t\u00e9m\u00e1ban. \u00c9s ki m\u00e1st\u00f3l lehetne tanulni \u2013 f\u0151leg egy ilyen szakm\u00e1ban \u2013, mint azokt\u00f3l, akiknek m\u00e1r t\u00f6bb \u00e9vtizedes tapasztalata \u00e9s gyakorlata van. A szakmai nap el\u0151ad\u00f3i mind elhivatott, elismert szakemberek, akiknek mindennapjai ezen \u00e1llatok k\u00f6r\u00fcl forognak. Ez az elhivatotts\u00e1g, amely \u00f6sszek\u00f6ti a hazai terrarisztika szerelmeseit: a szakmai napon lehet\u0151s\u00e9g lesz szem\u00e9lyesen tal\u00e1lkozni \u00e9s a fontos k\u00e9rd\u00e9seket megvitatni, tanulni, okulni. B\u00edzom benne, hogy hagyom\u00e1nyt tudunk teremteni \u00e9s tov\u00e1bbi izgalmas, \u00e9rdekes t\u00e9m\u00e1kkal \u00e9s el\u0151ad\u00e1sokkal m\u00e9g t\u00f6bb szakmai napot is tarthatunk majd. Hiszen m\u00e9g rengeteg ter\u00fclete van a terrarisztik\u00e1nak, amir\u0151l besz\u00e9lhetn\u00e9nk.<\/p>\n\n\n\n<figure class=\"wp-block-image size-large\"><img decoding=\"async\" width=\"1024\" height=\"526\" src=\"https:\/\/terraplaza.com\/magazin\/wp-content\/uploads\/2024\/09\/farkasvivien3-1024x526.jpg\" alt=\"\" class=\"wp-image-6297\" srcset=\"https:\/\/terraplaza.com\/magazin\/wp-content\/uploads\/2024\/09\/farkasvivien3-1024x526.jpg 1024w, https:\/\/terraplaza.com\/magazin\/wp-content\/uploads\/2024\/09\/farkasvivien3-300x154.jpg 300w, https:\/\/terraplaza.com\/magazin\/wp-content\/uploads\/2024\/09\/farkasvivien3-768x394.jpg 768w, https:\/\/terraplaza.com\/magazin\/wp-content\/uploads\/2024\/09\/farkasvivien3-1536x789.jpg 1536w, https:\/\/terraplaza.com\/magazin\/wp-content\/uploads\/2024\/09\/farkasvivien3-2048x1052.jpg 2048w, https:\/\/terraplaza.com\/magazin\/wp-content\/uploads\/2024\/09\/farkasvivien3-150x77.jpg 150w, https:\/\/terraplaza.com\/magazin\/wp-content\/uploads\/2024\/09\/farkasvivien3-450x231.jpg 450w, https:\/\/terraplaza.com\/magazin\/wp-content\/uploads\/2024\/09\/farkasvivien3-1200x616.jpg 1200w\" sizes=\"(max-width: 1024px) 100vw, 1024px\" \/><figcaption class=\"wp-element-caption\">Farkas Vivien a TerraPlaz\u00e1n<\/figcaption><\/figure>\n","protected":false},"excerpt":{"rendered":"<p>Farkas M. Vivien a terrarisztika \u00e9s az akvarisztika szerelmese, ugyanakkor tapasztalt b\u00fav\u00e1r, aki a Tropicarium gy\u0171jtem\u00e9ny\u00e9t is vezette h\u00e9t \u00e9vig. Szerinte a mer\u00fcl\u00e9s olyan, mintha egy m\u00e1sik vil\u00e1gba ker\u00fclne az ember, \u00f6sszez\u00e1rva a saj\u00e1t gondolataival. Saj\u00e1t h\u00fcll\u0151szaporulat\u00e1val TerraPlaza ki\u00e1ll\u00edt\u00f3, valamint az id\u00e9n indul\u00f3 TerraPlaza szakmai napj\u00e1nak szervez\u0151je is. A TerraPlaza els\u0151 rendezv\u00e9nyeire m\u00e9g vend\u00e9gk\u00e9nt \u00e9rkezt\u00e9l,<\/p>\n","protected":false},"author":14,"featured_media":6294,"comment_status":"closed","ping_status":"open","sticky":false,"template":"","format":"standard","meta":{"footnotes":""},"categories":[985,283],"tags":[1445,1451,1449,1443,1447],"class_list":{"0":"post-6292","1":"post","2":"type-post","3":"status-publish","4":"format-standard","5":"has-post-thumbnail","7":"category-interju","8":"category-kategoria-nelkuli-hu","9":"tag-akvarisztika","10":"tag-buvarkodas","11":"tag-capak","12":"tag-farkas-vivien","13":"tag-tropicarium"},"yoast_head":"<!-- This site is optimized with the Yoast SEO plugin v27.2 - https:\/\/yoast.com\/product\/yoast-seo-wordpress\/ -->\n<title>Farkas Vivien: &quot;egy tigrisc\u00e1pa sz\u00e9pen elveszi a halat a kezemb\u0151l&quot;<\/title>\n<meta name=\"description\" content=\"Farkas Vivien a terrarisztika-akvarisztika szerelmese, ugyanakkor tapasztalt b\u00fav\u00e1r, aki a Tropicarium gy\u0171jtem\u00e9ny\u00e9t is vezette h\u00e9t \u00e9vig.\" \/>\n<meta name=\"robots\" content=\"index, follow, max-snippet:-1, max-image-preview:large, max-video-preview:-1\" \/>\n<link rel=\"canonical\" href=\"https:\/\/terraplaza.com\/magazin\/hu\/interju\/farkas-m-vivien-egy-3-meteres-homoki-tigriscapa-szepen-elveszi-a-halat-a-kezembol\/6292\/\" \/>\n<meta property=\"og:locale\" content=\"hu_HU\" \/>\n<meta property=\"og:type\" content=\"article\" \/>\n<meta property=\"og:title\" content=\"Farkas Vivien: &quot;egy tigrisc\u00e1pa sz\u00e9pen elveszi a halat a kezemb\u0151l&quot;\" \/>\n<meta property=\"og:description\" content=\"Farkas Vivien a terrarisztika-akvarisztika szerelmese, ugyanakkor tapasztalt b\u00fav\u00e1r, aki a Tropicarium gy\u0171jtem\u00e9ny\u00e9t is vezette h\u00e9t \u00e9vig.\" \/>\n<meta property=\"og:url\" content=\"https:\/\/terraplaza.com\/magazin\/hu\/interju\/farkas-m-vivien-egy-3-meteres-homoki-tigriscapa-szepen-elveszi-a-halat-a-kezembol\/6292\/\" \/>\n<meta property=\"og:site_name\" content=\"TerraPlaza magazin\" \/>\n<meta property=\"article:publisher\" content=\"https:\/\/www.facebook.com\/terraplaza\" \/>\n<meta property=\"article:published_time\" content=\"2024-09-13T08:00:00+00:00\" \/>\n<meta property=\"article:modified_time\" content=\"2024-09-16T20:29:10+00:00\" \/>\n<meta property=\"og:image\" content=\"https:\/\/terraplaza.com\/magazin\/wp-content\/uploads\/2024\/09\/farkasvivien_fokep.jpg\" \/>\n\t<meta property=\"og:image:width\" content=\"2048\" \/>\n\t<meta property=\"og:image:height\" content=\"1340\" \/>\n\t<meta property=\"og:image:type\" content=\"image\/jpeg\" \/>\n<meta name=\"author\" content=\"T\u00f3th No\u00e9mi\" \/>\n<meta name=\"twitter:card\" content=\"summary_large_image\" \/>\n<meta name=\"twitter:label1\" content=\"Szerz\u0151:\" \/>\n\t<meta name=\"twitter:data1\" content=\"T\u00f3th No\u00e9mi\" \/>\n\t<meta name=\"twitter:label2\" content=\"Becs\u00fclt olvas\u00e1si id\u0151\" \/>\n\t<meta name=\"twitter:data2\" content=\"6 perc\" \/>\n<script type=\"application\/ld+json\" class=\"yoast-schema-graph\">{\"@context\":\"https:\/\/schema.org\",\"@graph\":[{\"@type\":\"Article\",\"@id\":\"https:\/\/terraplaza.com\/magazin\/hu\/interju\/farkas-m-vivien-egy-3-meteres-homoki-tigriscapa-szepen-elveszi-a-halat-a-kezembol\/6292\/#article\",\"isPartOf\":{\"@id\":\"https:\/\/terraplaza.com\/magazin\/hu\/interju\/farkas-m-vivien-egy-3-meteres-homoki-tigriscapa-szepen-elveszi-a-halat-a-kezembol\/6292\/\"},\"author\":{\"name\":\"T\u00f3th No\u00e9mi\",\"@id\":\"https:\/\/terraplaza.com\/magazin\/#\/schema\/person\/6ad9db1e818664bf7cf5d2773e6242d2\"},\"headline\":\"\u201eEgy 3 m\u00e9teres homoki tigrisc\u00e1pa sz\u00e9pen elveszi a halat a kezemb\u0151l\u201d\",\"datePublished\":\"2024-09-13T08:00:00+00:00\",\"dateModified\":\"2024-09-16T20:29:10+00:00\",\"mainEntityOfPage\":{\"@id\":\"https:\/\/terraplaza.com\/magazin\/hu\/interju\/farkas-m-vivien-egy-3-meteres-homoki-tigriscapa-szepen-elveszi-a-halat-a-kezembol\/6292\/\"},\"wordCount\":1159,\"publisher\":{\"@id\":\"https:\/\/terraplaza.com\/magazin\/#organization\"},\"image\":{\"@id\":\"https:\/\/terraplaza.com\/magazin\/hu\/interju\/farkas-m-vivien-egy-3-meteres-homoki-tigriscapa-szepen-elveszi-a-halat-a-kezembol\/6292\/#primaryimage\"},\"thumbnailUrl\":\"https:\/\/terraplaza.com\/magazin\/wp-content\/uploads\/2024\/09\/farkasvivien_fokep.jpg\",\"keywords\":[\"akvarisztika\",\"b\u00fav\u00e1rkod\u00e1s\",\"c\u00e1p\u00e1k\",\"Farkas Vivien\",\"Tropicarium\"],\"articleSection\":[\"Interj\u00fa\",\"Kateg\u00f3ria n\u00e9lk\u00fcli\"],\"inLanguage\":\"hu\"},{\"@type\":\"WebPage\",\"@id\":\"https:\/\/terraplaza.com\/magazin\/hu\/interju\/farkas-m-vivien-egy-3-meteres-homoki-tigriscapa-szepen-elveszi-a-halat-a-kezembol\/6292\/\",\"url\":\"https:\/\/terraplaza.com\/magazin\/hu\/interju\/farkas-m-vivien-egy-3-meteres-homoki-tigriscapa-szepen-elveszi-a-halat-a-kezembol\/6292\/\",\"name\":\"Farkas Vivien: \\\"egy tigrisc\u00e1pa sz\u00e9pen elveszi a halat a kezemb\u0151l\\\"\",\"isPartOf\":{\"@id\":\"https:\/\/terraplaza.com\/magazin\/#website\"},\"primaryImageOfPage\":{\"@id\":\"https:\/\/terraplaza.com\/magazin\/hu\/interju\/farkas-m-vivien-egy-3-meteres-homoki-tigriscapa-szepen-elveszi-a-halat-a-kezembol\/6292\/#primaryimage\"},\"image\":{\"@id\":\"https:\/\/terraplaza.com\/magazin\/hu\/interju\/farkas-m-vivien-egy-3-meteres-homoki-tigriscapa-szepen-elveszi-a-halat-a-kezembol\/6292\/#primaryimage\"},\"thumbnailUrl\":\"https:\/\/terraplaza.com\/magazin\/wp-content\/uploads\/2024\/09\/farkasvivien_fokep.jpg\",\"datePublished\":\"2024-09-13T08:00:00+00:00\",\"dateModified\":\"2024-09-16T20:29:10+00:00\",\"description\":\"Farkas Vivien a terrarisztika-akvarisztika szerelmese, ugyanakkor tapasztalt b\u00fav\u00e1r, aki a Tropicarium gy\u0171jtem\u00e9ny\u00e9t is vezette h\u00e9t \u00e9vig.\",\"breadcrumb\":{\"@id\":\"https:\/\/terraplaza.com\/magazin\/hu\/interju\/farkas-m-vivien-egy-3-meteres-homoki-tigriscapa-szepen-elveszi-a-halat-a-kezembol\/6292\/#breadcrumb\"},\"inLanguage\":\"hu\",\"potentialAction\":[{\"@type\":\"ReadAction\",\"target\":[\"https:\/\/terraplaza.com\/magazin\/hu\/interju\/farkas-m-vivien-egy-3-meteres-homoki-tigriscapa-szepen-elveszi-a-halat-a-kezembol\/6292\/\"]}]},{\"@type\":\"ImageObject\",\"inLanguage\":\"hu\",\"@id\":\"https:\/\/terraplaza.com\/magazin\/hu\/interju\/farkas-m-vivien-egy-3-meteres-homoki-tigriscapa-szepen-elveszi-a-halat-a-kezembol\/6292\/#primaryimage\",\"url\":\"https:\/\/terraplaza.com\/magazin\/wp-content\/uploads\/2024\/09\/farkasvivien_fokep.jpg\",\"contentUrl\":\"https:\/\/terraplaza.com\/magazin\/wp-content\/uploads\/2024\/09\/farkasvivien_fokep.jpg\",\"width\":2048,\"height\":1340},{\"@type\":\"BreadcrumbList\",\"@id\":\"https:\/\/terraplaza.com\/magazin\/hu\/interju\/farkas-m-vivien-egy-3-meteres-homoki-tigriscapa-szepen-elveszi-a-halat-a-kezembol\/6292\/#breadcrumb\",\"itemListElement\":[{\"@type\":\"ListItem\",\"position\":1,\"name\":\"Kezd\u0151lap\",\"item\":\"https:\/\/terraplaza.com\/magazin\/hu\/\"},{\"@type\":\"ListItem\",\"position\":2,\"name\":\"\u201eEgy 3 m\u00e9teres homoki tigrisc\u00e1pa sz\u00e9pen elveszi a halat a kezemb\u0151l\u201d\"}]},{\"@type\":\"WebSite\",\"@id\":\"https:\/\/terraplaza.com\/magazin\/#website\",\"url\":\"https:\/\/terraplaza.com\/magazin\/\",\"name\":\"TerraPlaza magazin\",\"description\":\"Term\u00e9szet szeretet \u00e9s felel\u0151s \u00e1llattart\u00e1s naprak\u00e9sz inform\u00e1ci\u00f3kkal \u2013 terrarisztika \u00e9s akvarisztika szakport\u00e1l. Hogy kedvenceidnek min\u00e9l boldogabb \u00e9lete legyen.\",\"publisher\":{\"@id\":\"https:\/\/terraplaza.com\/magazin\/#organization\"},\"alternateName\":\"terrarisztikai szakport\u00e1l\",\"potentialAction\":[{\"@type\":\"SearchAction\",\"target\":{\"@type\":\"EntryPoint\",\"urlTemplate\":\"https:\/\/terraplaza.com\/magazin\/?s={search_term_string}\"},\"query-input\":{\"@type\":\"PropertyValueSpecification\",\"valueRequired\":true,\"valueName\":\"search_term_string\"}}],\"inLanguage\":\"hu\"},{\"@type\":\"Organization\",\"@id\":\"https:\/\/terraplaza.com\/magazin\/#organization\",\"name\":\"TerraPlaza\",\"url\":\"https:\/\/terraplaza.com\/magazin\/\",\"logo\":{\"@type\":\"ImageObject\",\"inLanguage\":\"hu\",\"@id\":\"https:\/\/terraplaza.com\/magazin\/#\/schema\/logo\/image\/\",\"url\":\"https:\/\/terraplaza.com\/magazin\/wp-content\/uploads\/2023\/07\/Kepernyofoto-2023-07-24-18.20.04.png\",\"contentUrl\":\"https:\/\/terraplaza.com\/magazin\/wp-content\/uploads\/2023\/07\/Kepernyofoto-2023-07-24-18.20.04.png\",\"width\":1502,\"height\":382,\"caption\":\"TerraPlaza\"},\"image\":{\"@id\":\"https:\/\/terraplaza.com\/magazin\/#\/schema\/logo\/image\/\"},\"sameAs\":[\"https:\/\/www.facebook.com\/terraplaza\"]},{\"@type\":\"Person\",\"@id\":\"https:\/\/terraplaza.com\/magazin\/#\/schema\/person\/6ad9db1e818664bf7cf5d2773e6242d2\",\"name\":\"T\u00f3th No\u00e9mi\",\"image\":{\"@type\":\"ImageObject\",\"inLanguage\":\"hu\",\"@id\":\"https:\/\/terraplaza.com\/magazin\/wp-content\/uploads\/2024\/05\/384788093_10212242853061750_1634389912752719707_n-2-150x150.jpg\",\"url\":\"https:\/\/terraplaza.com\/magazin\/wp-content\/uploads\/2024\/05\/384788093_10212242853061750_1634389912752719707_n-2-150x150.jpg\",\"contentUrl\":\"https:\/\/terraplaza.com\/magazin\/wp-content\/uploads\/2024\/05\/384788093_10212242853061750_1634389912752719707_n-2-150x150.jpg\",\"caption\":\"T\u00f3th No\u00e9mi\"},\"description\":\"\u00dajs\u00e1g\u00edr\u00f3, kreat\u00edv sz\u00f6veg\u00edr\u00f3\",\"url\":\"https:\/\/terraplaza.com\/magazin\/author\/noemi\/\"}]}<\/script>\n<!-- \/ Yoast SEO plugin. -->","yoast_head_json":{"title":"Farkas Vivien: \"egy tigrisc\u00e1pa sz\u00e9pen elveszi a halat a kezemb\u0151l\"","description":"Farkas Vivien a terrarisztika-akvarisztika szerelmese, ugyanakkor tapasztalt b\u00fav\u00e1r, aki a Tropicarium gy\u0171jtem\u00e9ny\u00e9t is vezette h\u00e9t \u00e9vig.","robots":{"index":"index","follow":"follow","max-snippet":"max-snippet:-1","max-image-preview":"max-image-preview:large","max-video-preview":"max-video-preview:-1"},"canonical":"https:\/\/terraplaza.com\/magazin\/hu\/interju\/farkas-m-vivien-egy-3-meteres-homoki-tigriscapa-szepen-elveszi-a-halat-a-kezembol\/6292\/","og_locale":"hu_HU","og_type":"article","og_title":"Farkas Vivien: \"egy tigrisc\u00e1pa sz\u00e9pen elveszi a halat a kezemb\u0151l\"","og_description":"Farkas Vivien a terrarisztika-akvarisztika szerelmese, ugyanakkor tapasztalt b\u00fav\u00e1r, aki a Tropicarium gy\u0171jtem\u00e9ny\u00e9t is vezette h\u00e9t \u00e9vig.","og_url":"https:\/\/terraplaza.com\/magazin\/hu\/interju\/farkas-m-vivien-egy-3-meteres-homoki-tigriscapa-szepen-elveszi-a-halat-a-kezembol\/6292\/","og_site_name":"TerraPlaza magazin","article_publisher":"https:\/\/www.facebook.com\/terraplaza","article_published_time":"2024-09-13T08:00:00+00:00","article_modified_time":"2024-09-16T20:29:10+00:00","og_image":[{"width":2048,"height":1340,"url":"https:\/\/terraplaza.com\/magazin\/wp-content\/uploads\/2024\/09\/farkasvivien_fokep.jpg","type":"image\/jpeg"}],"author":"T\u00f3th No\u00e9mi","twitter_card":"summary_large_image","twitter_misc":{"Szerz\u0151:":"T\u00f3th No\u00e9mi","Becs\u00fclt olvas\u00e1si id\u0151":"6 perc"},"schema":{"@context":"https:\/\/schema.org","@graph":[{"@type":"Article","@id":"https:\/\/terraplaza.com\/magazin\/hu\/interju\/farkas-m-vivien-egy-3-meteres-homoki-tigriscapa-szepen-elveszi-a-halat-a-kezembol\/6292\/#article","isPartOf":{"@id":"https:\/\/terraplaza.com\/magazin\/hu\/interju\/farkas-m-vivien-egy-3-meteres-homoki-tigriscapa-szepen-elveszi-a-halat-a-kezembol\/6292\/"},"author":{"name":"T\u00f3th No\u00e9mi","@id":"https:\/\/terraplaza.com\/magazin\/#\/schema\/person\/6ad9db1e818664bf7cf5d2773e6242d2"},"headline":"\u201eEgy 3 m\u00e9teres homoki tigrisc\u00e1pa sz\u00e9pen elveszi a halat a kezemb\u0151l\u201d","datePublished":"2024-09-13T08:00:00+00:00","dateModified":"2024-09-16T20:29:10+00:00","mainEntityOfPage":{"@id":"https:\/\/terraplaza.com\/magazin\/hu\/interju\/farkas-m-vivien-egy-3-meteres-homoki-tigriscapa-szepen-elveszi-a-halat-a-kezembol\/6292\/"},"wordCount":1159,"publisher":{"@id":"https:\/\/terraplaza.com\/magazin\/#organization"},"image":{"@id":"https:\/\/terraplaza.com\/magazin\/hu\/interju\/farkas-m-vivien-egy-3-meteres-homoki-tigriscapa-szepen-elveszi-a-halat-a-kezembol\/6292\/#primaryimage"},"thumbnailUrl":"https:\/\/terraplaza.com\/magazin\/wp-content\/uploads\/2024\/09\/farkasvivien_fokep.jpg","keywords":["akvarisztika","b\u00fav\u00e1rkod\u00e1s","c\u00e1p\u00e1k","Farkas Vivien","Tropicarium"],"articleSection":["Interj\u00fa","Kateg\u00f3ria n\u00e9lk\u00fcli"],"inLanguage":"hu"},{"@type":"WebPage","@id":"https:\/\/terraplaza.com\/magazin\/hu\/interju\/farkas-m-vivien-egy-3-meteres-homoki-tigriscapa-szepen-elveszi-a-halat-a-kezembol\/6292\/","url":"https:\/\/terraplaza.com\/magazin\/hu\/interju\/farkas-m-vivien-egy-3-meteres-homoki-tigriscapa-szepen-elveszi-a-halat-a-kezembol\/6292\/","name":"Farkas Vivien: \"egy tigrisc\u00e1pa sz\u00e9pen elveszi a halat a kezemb\u0151l\"","isPartOf":{"@id":"https:\/\/terraplaza.com\/magazin\/#website"},"primaryImageOfPage":{"@id":"https:\/\/terraplaza.com\/magazin\/hu\/interju\/farkas-m-vivien-egy-3-meteres-homoki-tigriscapa-szepen-elveszi-a-halat-a-kezembol\/6292\/#primaryimage"},"image":{"@id":"https:\/\/terraplaza.com\/magazin\/hu\/interju\/farkas-m-vivien-egy-3-meteres-homoki-tigriscapa-szepen-elveszi-a-halat-a-kezembol\/6292\/#primaryimage"},"thumbnailUrl":"https:\/\/terraplaza.com\/magazin\/wp-content\/uploads\/2024\/09\/farkasvivien_fokep.jpg","datePublished":"2024-09-13T08:00:00+00:00","dateModified":"2024-09-16T20:29:10+00:00","description":"Farkas Vivien a terrarisztika-akvarisztika szerelmese, ugyanakkor tapasztalt b\u00fav\u00e1r, aki a Tropicarium gy\u0171jtem\u00e9ny\u00e9t is vezette h\u00e9t \u00e9vig.","breadcrumb":{"@id":"https:\/\/terraplaza.com\/magazin\/hu\/interju\/farkas-m-vivien-egy-3-meteres-homoki-tigriscapa-szepen-elveszi-a-halat-a-kezembol\/6292\/#breadcrumb"},"inLanguage":"hu","potentialAction":[{"@type":"ReadAction","target":["https:\/\/terraplaza.com\/magazin\/hu\/interju\/farkas-m-vivien-egy-3-meteres-homoki-tigriscapa-szepen-elveszi-a-halat-a-kezembol\/6292\/"]}]},{"@type":"ImageObject","inLanguage":"hu","@id":"https:\/\/terraplaza.com\/magazin\/hu\/interju\/farkas-m-vivien-egy-3-meteres-homoki-tigriscapa-szepen-elveszi-a-halat-a-kezembol\/6292\/#primaryimage","url":"https:\/\/terraplaza.com\/magazin\/wp-content\/uploads\/2024\/09\/farkasvivien_fokep.jpg","contentUrl":"https:\/\/terraplaza.com\/magazin\/wp-content\/uploads\/2024\/09\/farkasvivien_fokep.jpg","width":2048,"height":1340},{"@type":"BreadcrumbList","@id":"https:\/\/terraplaza.com\/magazin\/hu\/interju\/farkas-m-vivien-egy-3-meteres-homoki-tigriscapa-szepen-elveszi-a-halat-a-kezembol\/6292\/#breadcrumb","itemListElement":[{"@type":"ListItem","position":1,"name":"Kezd\u0151lap","item":"https:\/\/terraplaza.com\/magazin\/hu\/"},{"@type":"ListItem","position":2,"name":"\u201eEgy 3 m\u00e9teres homoki tigrisc\u00e1pa sz\u00e9pen elveszi a halat a kezemb\u0151l\u201d"}]},{"@type":"WebSite","@id":"https:\/\/terraplaza.com\/magazin\/#website","url":"https:\/\/terraplaza.com\/magazin\/","name":"TerraPlaza magazin","description":"Term\u00e9szet szeretet \u00e9s felel\u0151s \u00e1llattart\u00e1s naprak\u00e9sz inform\u00e1ci\u00f3kkal \u2013 terrarisztika \u00e9s akvarisztika szakport\u00e1l. Hogy kedvenceidnek min\u00e9l boldogabb \u00e9lete legyen.","publisher":{"@id":"https:\/\/terraplaza.com\/magazin\/#organization"},"alternateName":"terrarisztikai szakport\u00e1l","potentialAction":[{"@type":"SearchAction","target":{"@type":"EntryPoint","urlTemplate":"https:\/\/terraplaza.com\/magazin\/?s={search_term_string}"},"query-input":{"@type":"PropertyValueSpecification","valueRequired":true,"valueName":"search_term_string"}}],"inLanguage":"hu"},{"@type":"Organization","@id":"https:\/\/terraplaza.com\/magazin\/#organization","name":"TerraPlaza","url":"https:\/\/terraplaza.com\/magazin\/","logo":{"@type":"ImageObject","inLanguage":"hu","@id":"https:\/\/terraplaza.com\/magazin\/#\/schema\/logo\/image\/","url":"https:\/\/terraplaza.com\/magazin\/wp-content\/uploads\/2023\/07\/Kepernyofoto-2023-07-24-18.20.04.png","contentUrl":"https:\/\/terraplaza.com\/magazin\/wp-content\/uploads\/2023\/07\/Kepernyofoto-2023-07-24-18.20.04.png","width":1502,"height":382,"caption":"TerraPlaza"},"image":{"@id":"https:\/\/terraplaza.com\/magazin\/#\/schema\/logo\/image\/"},"sameAs":["https:\/\/www.facebook.com\/terraplaza"]},{"@type":"Person","@id":"https:\/\/terraplaza.com\/magazin\/#\/schema\/person\/6ad9db1e818664bf7cf5d2773e6242d2","name":"T\u00f3th No\u00e9mi","image":{"@type":"ImageObject","inLanguage":"hu","@id":"https:\/\/terraplaza.com\/magazin\/wp-content\/uploads\/2024\/05\/384788093_10212242853061750_1634389912752719707_n-2-150x150.jpg","url":"https:\/\/terraplaza.com\/magazin\/wp-content\/uploads\/2024\/05\/384788093_10212242853061750_1634389912752719707_n-2-150x150.jpg","contentUrl":"https:\/\/terraplaza.com\/magazin\/wp-content\/uploads\/2024\/05\/384788093_10212242853061750_1634389912752719707_n-2-150x150.jpg","caption":"T\u00f3th No\u00e9mi"},"description":"\u00dajs\u00e1g\u00edr\u00f3, kreat\u00edv sz\u00f6veg\u00edr\u00f3","url":"https:\/\/terraplaza.com\/magazin\/author\/noemi\/"}]}},"views":1510,"_links":{"self":[{"href":"https:\/\/terraplaza.com\/magazin\/wp-json\/wp\/v2\/posts\/6292","targetHints":{"allow":["GET"]}}],"collection":[{"href":"https:\/\/terraplaza.com\/magazin\/wp-json\/wp\/v2\/posts"}],"about":[{"href":"https:\/\/terraplaza.com\/magazin\/wp-json\/wp\/v2\/types\/post"}],"author":[{"embeddable":true,"href":"https:\/\/terraplaza.com\/magazin\/wp-json\/wp\/v2\/users\/14"}],"replies":[{"embeddable":true,"href":"https:\/\/terraplaza.com\/magazin\/wp-json\/wp\/v2\/comments?post=6292"}],"version-history":[{"count":2,"href":"https:\/\/terraplaza.com\/magazin\/wp-json\/wp\/v2\/posts\/6292\/revisions"}],"predecessor-version":[{"id":6298,"href":"https:\/\/terraplaza.com\/magazin\/wp-json\/wp\/v2\/posts\/6292\/revisions\/6298"}],"wp:featuredmedia":[{"embeddable":true,"href":"https:\/\/terraplaza.com\/magazin\/wp-json\/wp\/v2\/media\/6294"}],"wp:attachment":[{"href":"https:\/\/terraplaza.com\/magazin\/wp-json\/wp\/v2\/media?parent=6292"}],"wp:term":[{"taxonomy":"category","embeddable":true,"href":"https:\/\/terraplaza.com\/magazin\/wp-json\/wp\/v2\/categories?post=6292"},{"taxonomy":"post_tag","embeddable":true,"href":"https:\/\/terraplaza.com\/magazin\/wp-json\/wp\/v2\/tags?post=6292"}],"curies":[{"name":"wp","href":"https:\/\/api.w.org\/{rel}","templated":true}]}}