{"id":6347,"date":"2025-01-13T19:00:00","date_gmt":"2025-01-13T18:00:00","guid":{"rendered":"https:\/\/terraplaza.com\/magazin\/?p=6347"},"modified":"2025-01-14T14:53:26","modified_gmt":"2025-01-14T13:53:26","slug":"100-eve-szuletett-gerald-durrell-aki-humorral-ovta-a-termeszetet","status":"publish","type":"post","link":"https:\/\/terraplaza.com\/magazin\/hu\/erdekessegek-hu\/100-eve-szuletett-gerald-durrell-aki-humorral-ovta-a-termeszetet\/6347\/","title":{"rendered":"100 \u00e9ve sz\u00fcletett az \u00e1llatim\u00e1d\u00f3 Gerald Durrell, aki humorral \u00f3vta a term\u00e9szetet"},"content":{"rendered":"\n<p><strong>Gerald Durrell (1925-1995)&nbsp;kor\u00e1nak polihisztorak\u00e9nt egyszerre volt term\u00e9szetv\u00e9d\u0151, kutat\u00f3, n\u00e9pszer\u0171 reg\u00e9ny\u00edr\u00f3 \u00e9s a modern \u00e1llatv\u00e9delmi mozgalom \u00fatt\u00f6r\u0151je. Saj\u00e1t \u00e1llatkertj\u00e9ben vesz\u00e9lyeztetett fajokat is gy\u0171jt\u00f6tt, megmentve \u0151ket a kihal\u00e1st\u00f3l.<\/strong><\/p>\n\n\n\n<p>Vannak, akiket nem csup\u00e1n az emberek, de az \u00e1llatok is r\u00f6gt\u00f6n a sz\u00edv\u00fckbe z\u00e1rnak: ilyen volt Gerald Durrell is, aki Indi\u00e1ban, brit sz\u00fcl\u0151k gyermekek\u00e9nt l\u00e1tott napvil\u00e1got. H\u00e1rom\u00e9vesen elhunyt az apja, ekkor visszak\u00f6lt\u00f6z\u00f6tt Angil\u00e1ba anyj\u00e1val \u00e9s testv\u00e9reivel egy\u00fctt, majd 1933-ban Korfun telepedtek meg, ahol m\u00e1r egy\u00e9rtelm\u0171v\u00e9 v\u00e1lt Gerald term\u00e9szettudom\u00e1nyok ir\u00e1nti szenved\u00e9lye. A g\u00f6r\u00f6g sziget a \u2019Csal\u00e1dom \u00e9s egy\u00e9b \u00e1llatfajt\u00e1k\u2019 c\u00edm\u0171, vil\u00e1gh\u00edr\u0171 k\u00f6nyv\u00e9hez is ihletk\u00e9nt szolg\u00e1lt. A kis csib\u00e9sz egy\u00e9bk\u00e9nt szinte v\u00e9gig mag\u00e1ntanul\u00f3 volt, iskol\u00e1ba nem j\u00e1rt. Nem csup\u00e1n magatart\u00e1s\u00e1val, hanem olyan h\u00faz\u00e1saival is rendszeresen kibor\u00edtotta a csal\u00e1dj\u00e1t, mint amikor skorpi\u00f3t vitt haza egy gyuf\u00e1sdobozban.<\/p>\n\n\n\n<h2 class=\"wp-block-heading\">Izgalmas exped\u00edci\u00f3k, az \u00e1llatkertek legnagyobb \u00f6r\u00f6m\u00e9re<\/h2>\n\n\n\n<p>A m\u00e1sodik vil\u00e1gh\u00e1bor\u00fa ut\u00e1n Gerald ism\u00e9t Angli\u00e1ba k\u00f6lt\u00f6z\u00f6tt, ahol beindult mind az \u00e1llatkerti karrierje, mind az \u00edr\u00f3i munk\u00e1ss\u00e1ga. Miut\u00e1n 21 \u00e9vesen hozz\u00e1jutott apai \u00f6r\u00f6ks\u00e9g\u00e9hez, rengeteg exped\u00edci\u00f3t vezetett messzi t\u00e1jakon (pl. Kamerunban, Brit Guyan\u00e1ban, Argent\u00edn\u00e1ban, Paraguayban, \u00daj-Z\u00e9landon, Ausztr\u00e1li\u00e1ban, Mal\u00e1jf\u00f6ld\u00f6n, Sierra Leon\u00e9ban, Mexik\u00f3ban, Mauritiuson, Indi\u00e1ban \u00e9s Madagaszk\u00e1ron), ahol ritka \u00e9s vesz\u00e9lyeztetett fajokat tanulm\u00e1nyozott \u00e9s fogott be, hogy megmentse \u0151ket. \u00c1llatgy\u0171jt\u00e9si munk\u00e1ss\u00e1g\u00e1nak sz\u00e1mos \u00e1llatkert \u00f6r\u00fclt, hiszen gazdagon b\u0151v\u00edtette a l\u00e1tv\u00e1nyoss\u00e1gokat, p\u00e9ld\u00e1ul csak a londoni \u00e1llatkertnek 25 \u00faj fajt szerzett meg. Durell szeretett otthon is k\u00eds\u00e9rletezni, p\u00e9ld\u00e1ul a kertj\u00e9ben tanulm\u00e1nyozta a tekn\u0151seit, hogy meg\u00e9rtse a viselked\u00e9s\u00fcket. Mindek\u00f6zben b\u00e1tyja tan\u00e1cs\u00e1ra k\u00f6nyveket \u00edrt a tapasztalatair\u00f3l: sz\u00f3rakoztat\u00f3 st\u00edlusa miatt k\u00f6zelebb hozta a feln\u0151ttekhez-gyermekekhez egyar\u00e1nt a term\u00e9szet szeretet\u00e9t \u00e9s v\u00e9delm\u00e9t.<\/p>\n\n\n\n<h2 class=\"wp-block-heading\">A szerelmi sz\u00e1l<\/h2>\n\n\n\n<p>1949-ben megismerte leend\u0151 feles\u00e9g\u00e9t, egy manchesteri sz\u00e1llodatulajdonos l\u00e1ny\u00e1t, amikor arrafel\u00e9 sodorta a munk\u00e1ja. Az apai tilt\u00e1s ellen\u00e9re a l\u00e1ny hozz\u00e1ment az akkor m\u00e9g szeg\u00e9ny, viszont er\u0151sen alkoholista Geraldhoz. K\u00e9s\u0151bb azonban Lee h\u0171s\u00e9ges exped\u00edci\u00f3s t\u00e1rsa \u00e9s menedzsere lett, s\u0151t, maga is \u00edrt k\u00e9t k\u00f6nyvet a f\u00e9rj\u00e9vel meg\u00e9lt kalandokr\u00f3l.<\/p>\n\n\n\n<h2 class=\"wp-block-heading\">Saj\u00e1t ZOO, saj\u00e1t szab\u00e1lyok<\/h2>\n\n\n\n<p>Durrell els\u0151 saj\u00e1t \u00e1llatkertj\u00e9t 1959-ben nyitotta meg Jersey sziget\u00e9n \u2013 amely a legnagyobb a brit csatorna-szigetek&nbsp;k\u00f6z\u00fcl \u2013, mert rendk\u00edv\u00fcl ellenezte a t\u00f6bbi \u00e1llatkert szakszer\u0171tlen \u00e1llattart\u00e1si k\u00f6r\u00fclm\u00e9nyeit. Egykori \u00f6r\u00f6ks\u00e9ge, amelyb\u0151l az exped\u00edci\u00f3it finansz\u00edrozta, szinte teljesen el\u00faszott az alapos, gondos \u00e9s ez\u00e1ltal m\u00e9regdr\u00e1ga \u00e1llatsz\u00e1ll\u00edt\u00e1sokra, amelyek j\u00f3csk\u00e1n t\u00falmutattak az akkori felfog\u00e1son \u00e9s szab\u00e1lyokon. 1963-ban pedig megalap\u00edtotta a Durrell Term\u00e9szetv\u00e9delmi Alap\u00edtv\u00e1nyt, amely a fogs\u00e1gban tartott \u00e1llatok szapor\u00edt\u00e1s\u00e1ra \u00e9s a kihal\u00e1s sz\u00e9l\u00e9n \u00e1ll\u00f3 fajok megment\u00e9s\u00e9re koncentr\u00e1lt, \u00faj\u00edt\u00f3 szeml\u00e9letben. Az elhivatott Durrell az utols\u00f3 l\u00e9legzetv\u00e9tel\u00e9ig akt\u00edvan r\u00e9szt vett az \u00e1ltala l\u00e9trehozott park \u00e9s alap\u00edtv\u00e1ny \u00e9let\u00e9ben (feles\u00e9ge m\u00e9g Gerald hal\u00e1la ut\u00e1n is maradt az \u00e9l\u00e9n), \u00e9s vil\u00e1gszerte elismer\u00e9st v\u00edvott ki mag\u00e1nak az \u00e1llatv\u00e9delmi t\u00f6rekv\u00e9sei\u00e9rt. Ez\u00e1ltal Jersey nemcsak a k\u00fcl\u00f6nleges \u00e1llatok mened\u00e9ke, hanem a vil\u00e1g egyik vezet\u0151 \u00e1llatv\u00e9delmi kutat\u00f3k\u00f6zpontja is lett. Hiszen ahogy Durrell fogalmazott: \u201eaz \u00e1llatok nagy, jogfosztott, n\u00e9ma t\u00f6bbs\u00e9g, amely csak a mi seg\u00edts\u00e9g\u00fcnkkel maradhat fenn.\u201d<\/p>\n\n\n\n<p>1982-ben megkapta a Brit Birodalom Rendje (OBE) kit\u00fcntet\u00e9st.&nbsp;A \u201980-as \u00e9vekben Durrell m\u00e9g egy telev\u00edzi\u00f3s sorozatot is elv\u00e1llalt, hogy izgalmas \u00e9s vicces elbesz\u00e9l\u00e9seivel n\u00e9pszer\u0171s\u00edthesse a term\u00e9szetv\u00e9delem fontoss\u00e1g\u00e1t.<\/p>\n\n\n\n<h2 class=\"wp-block-heading\">Az \u00f6r\u00f6ks\u00e9g<\/h2>\n\n\n\n<p>Gerald Durrell szellemis\u00e9ge ma is \u00e9l. Alap\u00edtv\u00e1nya, a\u00a0<a href=\"https:\/\/www.durrell.org\/\">Durrell WildLife Conservation Trust<\/a>, vagyis a Jersey Vadv\u00e9delmi Alap\u00edtv\u00e1ny vil\u00e1gszerte seg\u00edt a vesz\u00e9lyeztetett fajok meg\u00f3v\u00e1s\u00e1ban, szapor\u00edt\u00e1s\u00e1ban, valamint a lakoss\u00e1g felvil\u00e1gos\u00edt\u00e1s\u00e1ban, oktat\u00e1s\u00e1ban. Korfun iskol\u00e1t \u00e9s parkot neveztek el r\u00f3la, ahogyan vesz\u00e9lyeztetett fajok fogs\u00e1gban sz\u00fcletett egyedeit is. Szobrot emeltek neki a hamvain\u00e1l az \u00e1ltala alap\u00edtott jersey-i \u00e1llatkertben, de haz\u00e1nkban a miskolci Vadasparkban is kapott egy mellszobrot.<\/p>\n\n\n\n<p>Olvasd el te is n\u00e9h\u00e1ny kacagtat\u00f3, \u00e1m edukat\u00edv k\u00f6nyv\u00e9t a kerek \u00e9vfordul\u00f3 aprop\u00f3j\u00e1n! Valamint ismerkedj a TerraPlaza oldal\u00e1n hasonl\u00f3an elhivatott szakemberek <a href=\"https:\/\/terraplaza.com\/magazin\/hu\/interju\/korsos-zoltan-interju-minden-eloleny-nagyon-szep-es-erdekes-csak-kellokeppen-kozel-kell-kerulni-hozzajuk\/5678\/\">t\u00f6rt\u00e9neteivel<\/a> \ud83d\ude09<\/p>\n","protected":false},"excerpt":{"rendered":"<p>Gerald Durrell (1925-1995)&nbsp;kor\u00e1nak polihisztorak\u00e9nt egyszerre volt term\u00e9szetv\u00e9d\u0151, kutat\u00f3, n\u00e9pszer\u0171 reg\u00e9ny\u00edr\u00f3 \u00e9s a modern \u00e1llatv\u00e9delmi mozgalom \u00fatt\u00f6r\u0151je. Saj\u00e1t \u00e1llatkertj\u00e9ben vesz\u00e9lyeztetett fajokat is gy\u0171jt\u00f6tt, megmentve \u0151ket a kihal\u00e1st\u00f3l. Vannak, akiket nem csup\u00e1n az emberek, de az \u00e1llatok is r\u00f6gt\u00f6n a sz\u00edv\u00fckbe z\u00e1rnak: ilyen volt Gerald Durrell is, aki Indi\u00e1ban, brit sz\u00fcl\u0151k gyermekek\u00e9nt l\u00e1tott napvil\u00e1got. H\u00e1rom\u00e9vesen elhunyt az<\/p>\n","protected":false},"author":14,"featured_media":6348,"comment_status":"closed","ping_status":"open","sticky":false,"template":"","format":"standard","meta":{"footnotes":""},"categories":[493,938],"tags":[981,1476,1474],"class_list":{"0":"post-6347","1":"post","2":"type-post","3":"status-publish","4":"format-standard","5":"has-post-thumbnail","7":"category-erdekessegek-hu","8":"category-termeszetvedelem","9":"tag-allatvedelem","10":"tag-eletrajz","11":"tag-gerald-durrell"},"yoast_head":"<!-- This site is optimized with the Yoast SEO plugin v27.2 - https:\/\/yoast.com\/product\/yoast-seo-wordpress\/ -->\n<title>100 \u00e9ve sz\u00fcletett Gerald Durrell, aki humorral \u00f3vta a term\u00e9szetet<\/title>\n<meta name=\"description\" content=\"Gerald Durrell egyszerre volt term\u00e9szetv\u00e9d\u0151, kutat\u00f3, reg\u00e9ny\u00edr\u00f3 \u00e9s az \u00e1llatv\u00e9delmi mozgalom \u00fatt\u00f6r\u0151je, aki vesz\u00e9lyeztetett fajokat is gy\u0171jt\u00f6tt.\" \/>\n<meta name=\"robots\" content=\"index, follow, max-snippet:-1, max-image-preview:large, max-video-preview:-1\" \/>\n<link rel=\"canonical\" href=\"https:\/\/terraplaza.com\/magazin\/hu\/erdekessegek-hu\/100-eve-szuletett-gerald-durrell-aki-humorral-ovta-a-termeszetet\/6347\/\" \/>\n<meta property=\"og:locale\" content=\"hu_HU\" \/>\n<meta property=\"og:type\" content=\"article\" \/>\n<meta property=\"og:title\" content=\"100 \u00e9ve sz\u00fcletett Gerald Durrell, aki humorral \u00f3vta a term\u00e9szetet\" \/>\n<meta property=\"og:description\" content=\"Gerald Durrell egyszerre volt term\u00e9szetv\u00e9d\u0151, kutat\u00f3, reg\u00e9ny\u00edr\u00f3 \u00e9s az \u00e1llatv\u00e9delmi mozgalom \u00fatt\u00f6r\u0151je, aki vesz\u00e9lyeztetett fajokat is gy\u0171jt\u00f6tt.\" \/>\n<meta property=\"og:url\" content=\"https:\/\/terraplaza.com\/magazin\/hu\/erdekessegek-hu\/100-eve-szuletett-gerald-durrell-aki-humorral-ovta-a-termeszetet\/6347\/\" \/>\n<meta property=\"og:site_name\" content=\"TerraPlaza magazin\" \/>\n<meta property=\"article:publisher\" content=\"https:\/\/www.facebook.com\/terraplaza\" \/>\n<meta property=\"article:published_time\" content=\"2025-01-13T18:00:00+00:00\" \/>\n<meta property=\"article:modified_time\" content=\"2025-01-14T13:53:26+00:00\" \/>\n<meta property=\"og:image\" content=\"https:\/\/terraplaza.com\/magazin\/wp-content\/uploads\/2025\/01\/Gerald_Durrell.jpg\" \/>\n\t<meta property=\"og:image:width\" content=\"912\" \/>\n\t<meta property=\"og:image:height\" content=\"561\" \/>\n\t<meta property=\"og:image:type\" content=\"image\/jpeg\" \/>\n<meta name=\"author\" content=\"T\u00f3th No\u00e9mi\" \/>\n<meta name=\"twitter:card\" content=\"summary_large_image\" \/>\n<meta name=\"twitter:label1\" content=\"Szerz\u0151:\" \/>\n\t<meta name=\"twitter:data1\" content=\"T\u00f3th No\u00e9mi\" \/>\n\t<meta name=\"twitter:label2\" content=\"Becs\u00fclt olvas\u00e1si id\u0151\" \/>\n\t<meta name=\"twitter:data2\" content=\"4 perc\" \/>\n<script type=\"application\/ld+json\" class=\"yoast-schema-graph\">{\"@context\":\"https:\/\/schema.org\",\"@graph\":[{\"@type\":\"Article\",\"@id\":\"https:\/\/terraplaza.com\/magazin\/hu\/erdekessegek-hu\/100-eve-szuletett-gerald-durrell-aki-humorral-ovta-a-termeszetet\/6347\/#article\",\"isPartOf\":{\"@id\":\"https:\/\/terraplaza.com\/magazin\/hu\/erdekessegek-hu\/100-eve-szuletett-gerald-durrell-aki-humorral-ovta-a-termeszetet\/6347\/\"},\"author\":{\"name\":\"T\u00f3th No\u00e9mi\",\"@id\":\"https:\/\/terraplaza.com\/magazin\/#\/schema\/person\/6ad9db1e818664bf7cf5d2773e6242d2\"},\"headline\":\"100 \u00e9ve sz\u00fcletett az \u00e1llatim\u00e1d\u00f3 Gerald Durrell, aki humorral \u00f3vta a term\u00e9szetet\",\"datePublished\":\"2025-01-13T18:00:00+00:00\",\"dateModified\":\"2025-01-14T13:53:26+00:00\",\"mainEntityOfPage\":{\"@id\":\"https:\/\/terraplaza.com\/magazin\/hu\/erdekessegek-hu\/100-eve-szuletett-gerald-durrell-aki-humorral-ovta-a-termeszetet\/6347\/\"},\"wordCount\":885,\"publisher\":{\"@id\":\"https:\/\/terraplaza.com\/magazin\/#organization\"},\"image\":{\"@id\":\"https:\/\/terraplaza.com\/magazin\/hu\/erdekessegek-hu\/100-eve-szuletett-gerald-durrell-aki-humorral-ovta-a-termeszetet\/6347\/#primaryimage\"},\"thumbnailUrl\":\"https:\/\/terraplaza.com\/magazin\/wp-content\/uploads\/2025\/01\/Gerald_Durrell.jpg\",\"keywords\":[\"\u00c1llatv\u00e9delem\",\"\u00e9letrajz\",\"Gerald Durrell\"],\"articleSection\":[\"\u00c9rdekess\u00e9gek\",\"Term\u00e9szetv\u00e9delem\"],\"inLanguage\":\"hu\"},{\"@type\":\"WebPage\",\"@id\":\"https:\/\/terraplaza.com\/magazin\/hu\/erdekessegek-hu\/100-eve-szuletett-gerald-durrell-aki-humorral-ovta-a-termeszetet\/6347\/\",\"url\":\"https:\/\/terraplaza.com\/magazin\/hu\/erdekessegek-hu\/100-eve-szuletett-gerald-durrell-aki-humorral-ovta-a-termeszetet\/6347\/\",\"name\":\"100 \u00e9ve sz\u00fcletett Gerald Durrell, aki humorral \u00f3vta a term\u00e9szetet\",\"isPartOf\":{\"@id\":\"https:\/\/terraplaza.com\/magazin\/#website\"},\"primaryImageOfPage\":{\"@id\":\"https:\/\/terraplaza.com\/magazin\/hu\/erdekessegek-hu\/100-eve-szuletett-gerald-durrell-aki-humorral-ovta-a-termeszetet\/6347\/#primaryimage\"},\"image\":{\"@id\":\"https:\/\/terraplaza.com\/magazin\/hu\/erdekessegek-hu\/100-eve-szuletett-gerald-durrell-aki-humorral-ovta-a-termeszetet\/6347\/#primaryimage\"},\"thumbnailUrl\":\"https:\/\/terraplaza.com\/magazin\/wp-content\/uploads\/2025\/01\/Gerald_Durrell.jpg\",\"datePublished\":\"2025-01-13T18:00:00+00:00\",\"dateModified\":\"2025-01-14T13:53:26+00:00\",\"description\":\"Gerald Durrell egyszerre volt term\u00e9szetv\u00e9d\u0151, kutat\u00f3, reg\u00e9ny\u00edr\u00f3 \u00e9s az \u00e1llatv\u00e9delmi mozgalom \u00fatt\u00f6r\u0151je, aki vesz\u00e9lyeztetett fajokat is gy\u0171jt\u00f6tt.\",\"breadcrumb\":{\"@id\":\"https:\/\/terraplaza.com\/magazin\/hu\/erdekessegek-hu\/100-eve-szuletett-gerald-durrell-aki-humorral-ovta-a-termeszetet\/6347\/#breadcrumb\"},\"inLanguage\":\"hu\",\"potentialAction\":[{\"@type\":\"ReadAction\",\"target\":[\"https:\/\/terraplaza.com\/magazin\/hu\/erdekessegek-hu\/100-eve-szuletett-gerald-durrell-aki-humorral-ovta-a-termeszetet\/6347\/\"]}]},{\"@type\":\"ImageObject\",\"inLanguage\":\"hu\",\"@id\":\"https:\/\/terraplaza.com\/magazin\/hu\/erdekessegek-hu\/100-eve-szuletett-gerald-durrell-aki-humorral-ovta-a-termeszetet\/6347\/#primaryimage\",\"url\":\"https:\/\/terraplaza.com\/magazin\/wp-content\/uploads\/2025\/01\/Gerald_Durrell.jpg\",\"contentUrl\":\"https:\/\/terraplaza.com\/magazin\/wp-content\/uploads\/2025\/01\/Gerald_Durrell.jpg\",\"width\":912,\"height\":561},{\"@type\":\"BreadcrumbList\",\"@id\":\"https:\/\/terraplaza.com\/magazin\/hu\/erdekessegek-hu\/100-eve-szuletett-gerald-durrell-aki-humorral-ovta-a-termeszetet\/6347\/#breadcrumb\",\"itemListElement\":[{\"@type\":\"ListItem\",\"position\":1,\"name\":\"Kezd\u0151lap\",\"item\":\"https:\/\/terraplaza.com\/magazin\/hu\/\"},{\"@type\":\"ListItem\",\"position\":2,\"name\":\"100 \u00e9ve sz\u00fcletett az \u00e1llatim\u00e1d\u00f3 Gerald Durrell, aki humorral \u00f3vta a term\u00e9szetet\"}]},{\"@type\":\"WebSite\",\"@id\":\"https:\/\/terraplaza.com\/magazin\/#website\",\"url\":\"https:\/\/terraplaza.com\/magazin\/\",\"name\":\"TerraPlaza magazin\",\"description\":\"Term\u00e9szet szeretet \u00e9s felel\u0151s \u00e1llattart\u00e1s naprak\u00e9sz inform\u00e1ci\u00f3kkal \u2013 terrarisztika \u00e9s akvarisztika szakport\u00e1l. Hogy kedvenceidnek min\u00e9l boldogabb \u00e9lete legyen.\",\"publisher\":{\"@id\":\"https:\/\/terraplaza.com\/magazin\/#organization\"},\"alternateName\":\"terrarisztikai szakport\u00e1l\",\"potentialAction\":[{\"@type\":\"SearchAction\",\"target\":{\"@type\":\"EntryPoint\",\"urlTemplate\":\"https:\/\/terraplaza.com\/magazin\/?s={search_term_string}\"},\"query-input\":{\"@type\":\"PropertyValueSpecification\",\"valueRequired\":true,\"valueName\":\"search_term_string\"}}],\"inLanguage\":\"hu\"},{\"@type\":\"Organization\",\"@id\":\"https:\/\/terraplaza.com\/magazin\/#organization\",\"name\":\"TerraPlaza\",\"url\":\"https:\/\/terraplaza.com\/magazin\/\",\"logo\":{\"@type\":\"ImageObject\",\"inLanguage\":\"hu\",\"@id\":\"https:\/\/terraplaza.com\/magazin\/#\/schema\/logo\/image\/\",\"url\":\"https:\/\/terraplaza.com\/magazin\/wp-content\/uploads\/2023\/07\/Kepernyofoto-2023-07-24-18.20.04.png\",\"contentUrl\":\"https:\/\/terraplaza.com\/magazin\/wp-content\/uploads\/2023\/07\/Kepernyofoto-2023-07-24-18.20.04.png\",\"width\":1502,\"height\":382,\"caption\":\"TerraPlaza\"},\"image\":{\"@id\":\"https:\/\/terraplaza.com\/magazin\/#\/schema\/logo\/image\/\"},\"sameAs\":[\"https:\/\/www.facebook.com\/terraplaza\"]},{\"@type\":\"Person\",\"@id\":\"https:\/\/terraplaza.com\/magazin\/#\/schema\/person\/6ad9db1e818664bf7cf5d2773e6242d2\",\"name\":\"T\u00f3th No\u00e9mi\",\"image\":{\"@type\":\"ImageObject\",\"inLanguage\":\"hu\",\"@id\":\"https:\/\/terraplaza.com\/magazin\/wp-content\/uploads\/2024\/05\/384788093_10212242853061750_1634389912752719707_n-2-150x150.jpg\",\"url\":\"https:\/\/terraplaza.com\/magazin\/wp-content\/uploads\/2024\/05\/384788093_10212242853061750_1634389912752719707_n-2-150x150.jpg\",\"contentUrl\":\"https:\/\/terraplaza.com\/magazin\/wp-content\/uploads\/2024\/05\/384788093_10212242853061750_1634389912752719707_n-2-150x150.jpg\",\"caption\":\"T\u00f3th No\u00e9mi\"},\"description\":\"\u00dajs\u00e1g\u00edr\u00f3, kreat\u00edv sz\u00f6veg\u00edr\u00f3\",\"url\":\"https:\/\/terraplaza.com\/magazin\/author\/noemi\/\"}]}<\/script>\n<!-- \/ Yoast SEO plugin. -->","yoast_head_json":{"title":"100 \u00e9ve sz\u00fcletett Gerald Durrell, aki humorral \u00f3vta a term\u00e9szetet","description":"Gerald Durrell egyszerre volt term\u00e9szetv\u00e9d\u0151, kutat\u00f3, reg\u00e9ny\u00edr\u00f3 \u00e9s az \u00e1llatv\u00e9delmi mozgalom \u00fatt\u00f6r\u0151je, aki vesz\u00e9lyeztetett fajokat is gy\u0171jt\u00f6tt.","robots":{"index":"index","follow":"follow","max-snippet":"max-snippet:-1","max-image-preview":"max-image-preview:large","max-video-preview":"max-video-preview:-1"},"canonical":"https:\/\/terraplaza.com\/magazin\/hu\/erdekessegek-hu\/100-eve-szuletett-gerald-durrell-aki-humorral-ovta-a-termeszetet\/6347\/","og_locale":"hu_HU","og_type":"article","og_title":"100 \u00e9ve sz\u00fcletett Gerald Durrell, aki humorral \u00f3vta a term\u00e9szetet","og_description":"Gerald Durrell egyszerre volt term\u00e9szetv\u00e9d\u0151, kutat\u00f3, reg\u00e9ny\u00edr\u00f3 \u00e9s az \u00e1llatv\u00e9delmi mozgalom \u00fatt\u00f6r\u0151je, aki vesz\u00e9lyeztetett fajokat is gy\u0171jt\u00f6tt.","og_url":"https:\/\/terraplaza.com\/magazin\/hu\/erdekessegek-hu\/100-eve-szuletett-gerald-durrell-aki-humorral-ovta-a-termeszetet\/6347\/","og_site_name":"TerraPlaza magazin","article_publisher":"https:\/\/www.facebook.com\/terraplaza","article_published_time":"2025-01-13T18:00:00+00:00","article_modified_time":"2025-01-14T13:53:26+00:00","og_image":[{"width":912,"height":561,"url":"https:\/\/terraplaza.com\/magazin\/wp-content\/uploads\/2025\/01\/Gerald_Durrell.jpg","type":"image\/jpeg"}],"author":"T\u00f3th No\u00e9mi","twitter_card":"summary_large_image","twitter_misc":{"Szerz\u0151:":"T\u00f3th No\u00e9mi","Becs\u00fclt olvas\u00e1si id\u0151":"4 perc"},"schema":{"@context":"https:\/\/schema.org","@graph":[{"@type":"Article","@id":"https:\/\/terraplaza.com\/magazin\/hu\/erdekessegek-hu\/100-eve-szuletett-gerald-durrell-aki-humorral-ovta-a-termeszetet\/6347\/#article","isPartOf":{"@id":"https:\/\/terraplaza.com\/magazin\/hu\/erdekessegek-hu\/100-eve-szuletett-gerald-durrell-aki-humorral-ovta-a-termeszetet\/6347\/"},"author":{"name":"T\u00f3th No\u00e9mi","@id":"https:\/\/terraplaza.com\/magazin\/#\/schema\/person\/6ad9db1e818664bf7cf5d2773e6242d2"},"headline":"100 \u00e9ve sz\u00fcletett az \u00e1llatim\u00e1d\u00f3 Gerald Durrell, aki humorral \u00f3vta a term\u00e9szetet","datePublished":"2025-01-13T18:00:00+00:00","dateModified":"2025-01-14T13:53:26+00:00","mainEntityOfPage":{"@id":"https:\/\/terraplaza.com\/magazin\/hu\/erdekessegek-hu\/100-eve-szuletett-gerald-durrell-aki-humorral-ovta-a-termeszetet\/6347\/"},"wordCount":885,"publisher":{"@id":"https:\/\/terraplaza.com\/magazin\/#organization"},"image":{"@id":"https:\/\/terraplaza.com\/magazin\/hu\/erdekessegek-hu\/100-eve-szuletett-gerald-durrell-aki-humorral-ovta-a-termeszetet\/6347\/#primaryimage"},"thumbnailUrl":"https:\/\/terraplaza.com\/magazin\/wp-content\/uploads\/2025\/01\/Gerald_Durrell.jpg","keywords":["\u00c1llatv\u00e9delem","\u00e9letrajz","Gerald Durrell"],"articleSection":["\u00c9rdekess\u00e9gek","Term\u00e9szetv\u00e9delem"],"inLanguage":"hu"},{"@type":"WebPage","@id":"https:\/\/terraplaza.com\/magazin\/hu\/erdekessegek-hu\/100-eve-szuletett-gerald-durrell-aki-humorral-ovta-a-termeszetet\/6347\/","url":"https:\/\/terraplaza.com\/magazin\/hu\/erdekessegek-hu\/100-eve-szuletett-gerald-durrell-aki-humorral-ovta-a-termeszetet\/6347\/","name":"100 \u00e9ve sz\u00fcletett Gerald Durrell, aki humorral \u00f3vta a term\u00e9szetet","isPartOf":{"@id":"https:\/\/terraplaza.com\/magazin\/#website"},"primaryImageOfPage":{"@id":"https:\/\/terraplaza.com\/magazin\/hu\/erdekessegek-hu\/100-eve-szuletett-gerald-durrell-aki-humorral-ovta-a-termeszetet\/6347\/#primaryimage"},"image":{"@id":"https:\/\/terraplaza.com\/magazin\/hu\/erdekessegek-hu\/100-eve-szuletett-gerald-durrell-aki-humorral-ovta-a-termeszetet\/6347\/#primaryimage"},"thumbnailUrl":"https:\/\/terraplaza.com\/magazin\/wp-content\/uploads\/2025\/01\/Gerald_Durrell.jpg","datePublished":"2025-01-13T18:00:00+00:00","dateModified":"2025-01-14T13:53:26+00:00","description":"Gerald Durrell egyszerre volt term\u00e9szetv\u00e9d\u0151, kutat\u00f3, reg\u00e9ny\u00edr\u00f3 \u00e9s az \u00e1llatv\u00e9delmi mozgalom \u00fatt\u00f6r\u0151je, aki vesz\u00e9lyeztetett fajokat is gy\u0171jt\u00f6tt.","breadcrumb":{"@id":"https:\/\/terraplaza.com\/magazin\/hu\/erdekessegek-hu\/100-eve-szuletett-gerald-durrell-aki-humorral-ovta-a-termeszetet\/6347\/#breadcrumb"},"inLanguage":"hu","potentialAction":[{"@type":"ReadAction","target":["https:\/\/terraplaza.com\/magazin\/hu\/erdekessegek-hu\/100-eve-szuletett-gerald-durrell-aki-humorral-ovta-a-termeszetet\/6347\/"]}]},{"@type":"ImageObject","inLanguage":"hu","@id":"https:\/\/terraplaza.com\/magazin\/hu\/erdekessegek-hu\/100-eve-szuletett-gerald-durrell-aki-humorral-ovta-a-termeszetet\/6347\/#primaryimage","url":"https:\/\/terraplaza.com\/magazin\/wp-content\/uploads\/2025\/01\/Gerald_Durrell.jpg","contentUrl":"https:\/\/terraplaza.com\/magazin\/wp-content\/uploads\/2025\/01\/Gerald_Durrell.jpg","width":912,"height":561},{"@type":"BreadcrumbList","@id":"https:\/\/terraplaza.com\/magazin\/hu\/erdekessegek-hu\/100-eve-szuletett-gerald-durrell-aki-humorral-ovta-a-termeszetet\/6347\/#breadcrumb","itemListElement":[{"@type":"ListItem","position":1,"name":"Kezd\u0151lap","item":"https:\/\/terraplaza.com\/magazin\/hu\/"},{"@type":"ListItem","position":2,"name":"100 \u00e9ve sz\u00fcletett az \u00e1llatim\u00e1d\u00f3 Gerald Durrell, aki humorral \u00f3vta a term\u00e9szetet"}]},{"@type":"WebSite","@id":"https:\/\/terraplaza.com\/magazin\/#website","url":"https:\/\/terraplaza.com\/magazin\/","name":"TerraPlaza magazin","description":"Term\u00e9szet szeretet \u00e9s felel\u0151s \u00e1llattart\u00e1s naprak\u00e9sz inform\u00e1ci\u00f3kkal \u2013 terrarisztika \u00e9s akvarisztika szakport\u00e1l. Hogy kedvenceidnek min\u00e9l boldogabb \u00e9lete legyen.","publisher":{"@id":"https:\/\/terraplaza.com\/magazin\/#organization"},"alternateName":"terrarisztikai szakport\u00e1l","potentialAction":[{"@type":"SearchAction","target":{"@type":"EntryPoint","urlTemplate":"https:\/\/terraplaza.com\/magazin\/?s={search_term_string}"},"query-input":{"@type":"PropertyValueSpecification","valueRequired":true,"valueName":"search_term_string"}}],"inLanguage":"hu"},{"@type":"Organization","@id":"https:\/\/terraplaza.com\/magazin\/#organization","name":"TerraPlaza","url":"https:\/\/terraplaza.com\/magazin\/","logo":{"@type":"ImageObject","inLanguage":"hu","@id":"https:\/\/terraplaza.com\/magazin\/#\/schema\/logo\/image\/","url":"https:\/\/terraplaza.com\/magazin\/wp-content\/uploads\/2023\/07\/Kepernyofoto-2023-07-24-18.20.04.png","contentUrl":"https:\/\/terraplaza.com\/magazin\/wp-content\/uploads\/2023\/07\/Kepernyofoto-2023-07-24-18.20.04.png","width":1502,"height":382,"caption":"TerraPlaza"},"image":{"@id":"https:\/\/terraplaza.com\/magazin\/#\/schema\/logo\/image\/"},"sameAs":["https:\/\/www.facebook.com\/terraplaza"]},{"@type":"Person","@id":"https:\/\/terraplaza.com\/magazin\/#\/schema\/person\/6ad9db1e818664bf7cf5d2773e6242d2","name":"T\u00f3th No\u00e9mi","image":{"@type":"ImageObject","inLanguage":"hu","@id":"https:\/\/terraplaza.com\/magazin\/wp-content\/uploads\/2024\/05\/384788093_10212242853061750_1634389912752719707_n-2-150x150.jpg","url":"https:\/\/terraplaza.com\/magazin\/wp-content\/uploads\/2024\/05\/384788093_10212242853061750_1634389912752719707_n-2-150x150.jpg","contentUrl":"https:\/\/terraplaza.com\/magazin\/wp-content\/uploads\/2024\/05\/384788093_10212242853061750_1634389912752719707_n-2-150x150.jpg","caption":"T\u00f3th No\u00e9mi"},"description":"\u00dajs\u00e1g\u00edr\u00f3, kreat\u00edv sz\u00f6veg\u00edr\u00f3","url":"https:\/\/terraplaza.com\/magazin\/author\/noemi\/"}]}},"views":1223,"_links":{"self":[{"href":"https:\/\/terraplaza.com\/magazin\/wp-json\/wp\/v2\/posts\/6347","targetHints":{"allow":["GET"]}}],"collection":[{"href":"https:\/\/terraplaza.com\/magazin\/wp-json\/wp\/v2\/posts"}],"about":[{"href":"https:\/\/terraplaza.com\/magazin\/wp-json\/wp\/v2\/types\/post"}],"author":[{"embeddable":true,"href":"https:\/\/terraplaza.com\/magazin\/wp-json\/wp\/v2\/users\/14"}],"replies":[{"embeddable":true,"href":"https:\/\/terraplaza.com\/magazin\/wp-json\/wp\/v2\/comments?post=6347"}],"version-history":[{"count":3,"href":"https:\/\/terraplaza.com\/magazin\/wp-json\/wp\/v2\/posts\/6347\/revisions"}],"predecessor-version":[{"id":6351,"href":"https:\/\/terraplaza.com\/magazin\/wp-json\/wp\/v2\/posts\/6347\/revisions\/6351"}],"wp:featuredmedia":[{"embeddable":true,"href":"https:\/\/terraplaza.com\/magazin\/wp-json\/wp\/v2\/media\/6348"}],"wp:attachment":[{"href":"https:\/\/terraplaza.com\/magazin\/wp-json\/wp\/v2\/media?parent=6347"}],"wp:term":[{"taxonomy":"category","embeddable":true,"href":"https:\/\/terraplaza.com\/magazin\/wp-json\/wp\/v2\/categories?post=6347"},{"taxonomy":"post_tag","embeddable":true,"href":"https:\/\/terraplaza.com\/magazin\/wp-json\/wp\/v2\/tags?post=6347"}],"curies":[{"name":"wp","href":"https:\/\/api.w.org\/{rel}","templated":true}]}}