{"id":6353,"date":"2025-01-15T23:38:18","date_gmt":"2025-01-15T22:38:18","guid":{"rendered":"https:\/\/terraplaza.com\/magazin\/?p=6353"},"modified":"2025-01-15T23:52:57","modified_gmt":"2025-01-15T22:52:57","slug":"2024-a-terraplaza-uj-korszakanak-kezdete","status":"publish","type":"post","link":"https:\/\/terraplaza.com\/magazin\/hu\/gephaz\/2024-a-terraplaza-uj-korszakanak-kezdete\/6353\/","title":{"rendered":"2024: a TerraPlaza \u00faj korszak\u00e1nak kezdete"},"content":{"rendered":"\n<p><strong>A kezdetekt\u0151l fogva igyeksz\u00fcnk rendezv\u00e9nyr\u0151l rendezv\u00e9nyre fejleszteni, a ki\u00e1ll\u00edt\u00f3k \u00e9s a k\u00f6z\u00f6ns\u00e9g visszajelz\u00e9seit figyelembe v\u00e9ve. Az eddigi 15 \u00e9v t\u00e1vlat\u00e1ban bizonyos \u00fajdons\u00e1gok csak apr\u00f3bb finomhangol\u00e1ssal j\u00e1rtak, m\u00edg egyesek megval\u00f3s\u00edt\u00e1sa \u00e9veken kereszt\u00fcl tartott. Ugyanakkor vannak olyan k\u00fcls\u0151 t\u00e9nyez\u0151k, amelyeket egyszer\u0171en csak t\u00fcrelemmel ki kellett v\u00e1rni.<\/strong> <br><strong>2024 t\u00f6bb szempontb\u00f3l is rendk\u00edv\u00fcli \u00e9v volt a TerraPlaza t\u00f6rt\u00e9net\u00e9ben, ugyanis t\u00f6bb olyan dolog val\u00f3sult meg, amire \u00e9vek \u00f3ta v\u00e1runk, vagy aminek az el\u0151k\u00e9sz\u00edt\u00e9s\u00e9n \u00e9vek \u00f3ta dolgozunk. L\u00e1ssuk csak r\u00f6viden, miket pip\u00e1lhattunk ki a tavalyi \u00e9vben.<\/strong><\/p>\n\n\n\n<h3 class=\"wp-block-heading\"><strong>Egy m\u00e9rf\u00f6ldk\u0151 a rendezv\u00e9ny t\u00f6rt\u00e9net\u00e9ben: a v\u00e1rva v\u00e1rt b\u0151v\u00edt\u00e9s<\/strong><\/h3>\n\n\n\n<p>A febru\u00e1ri esem\u00e9ny egy 1000m2-es jelent\u0151s b\u0151v\u00edt\u00e9ssel deb\u00fct\u00e1lt, amely nem csak egy nagy teremmel, hanem az \u00fcvegfal m\u00f6g\u00f6tti folyos\u00f3val is kib\u0151v\u00edtette a rendezv\u00e9ny alapter\u00fclet\u00e9t. Ezt a 30%-os b\u0151v\u00edt\u00e9st 2017-ben kezdt\u00fck el\u0151k\u00e9sz\u00edteni. Tekintve a Lurdy hatalmas n\u00e9pszer\u0171s\u00e9g\u00e9t, annak ellen\u00e9re, hogy m\u00e1r 2021-ben lefoglaltuk a plusz 1000 n\u00e9gyzetm\u00e9ternyi ter\u00fcletet, csak 2024 febru\u00e1rj\u00e1t\u00f3l kaptuk meg \u00e1lland\u00f3 jelleggel. <strong>Ez\u00e1ltal nem csak teljes m\u00e9rt\u00e9kben hasznos ter\u00fclet ny\u00edlt meg<\/strong>, hanem a k\u00f6z\u00f6ns\u00e9g befogad\u00f3k\u00e9pess\u00e9g\u00e9re \u00e9s \u00e1raml\u00e1s\u00e1ra is sokkal el\u0151ny\u00f6sebben hatott. \u00daj ki- \u00e9s bej\u00e1ratok ny\u00edltak, jav\u00edtva a bent tart\u00f3zkod\u00f3k komfort\u00e9rzet\u00e9t \u00e9s a ter\u00fclet \u00e1tj\u00e1rhat\u00f3s\u00e1g\u00e1t.<\/p>\n\n\n\n<figure class=\"wp-block-image size-large\"><img fetchpriority=\"high\" decoding=\"async\" width=\"1024\" height=\"924\" src=\"https:\/\/terraplaza.com\/magazin\/wp-content\/uploads\/2025\/01\/415470003_759080809592390_8350536346825254373_n-1024x924.jpg\" alt=\"\" class=\"wp-image-6354\" srcset=\"https:\/\/terraplaza.com\/magazin\/wp-content\/uploads\/2025\/01\/415470003_759080809592390_8350536346825254373_n-1024x924.jpg 1024w, https:\/\/terraplaza.com\/magazin\/wp-content\/uploads\/2025\/01\/415470003_759080809592390_8350536346825254373_n-300x271.jpg 300w, https:\/\/terraplaza.com\/magazin\/wp-content\/uploads\/2025\/01\/415470003_759080809592390_8350536346825254373_n-768x693.jpg 768w, https:\/\/terraplaza.com\/magazin\/wp-content\/uploads\/2025\/01\/415470003_759080809592390_8350536346825254373_n-1536x1386.jpg 1536w, https:\/\/terraplaza.com\/magazin\/wp-content\/uploads\/2025\/01\/415470003_759080809592390_8350536346825254373_n-150x135.jpg 150w, https:\/\/terraplaza.com\/magazin\/wp-content\/uploads\/2025\/01\/415470003_759080809592390_8350536346825254373_n-450x406.jpg 450w, https:\/\/terraplaza.com\/magazin\/wp-content\/uploads\/2025\/01\/415470003_759080809592390_8350536346825254373_n-1200x1083.jpg 1200w, https:\/\/terraplaza.com\/magazin\/wp-content\/uploads\/2025\/01\/415470003_759080809592390_8350536346825254373_n.jpg 1884w\" sizes=\"(max-width: 1024px) 100vw, 1024px\" \/><\/figure>\n\n\n\n<h3 class=\"wp-block-heading\"><strong>\u00daj fejezet: a TerraPlaza magazin els\u0151 sz\u00e1ma<\/strong><\/h3>\n\n\n\n<p>2024 febru\u00e1rj\u00e1ban egy m\u00e1sik r\u00e9g\u00f3ta v\u00e1rt m\u00e9rf\u00f6ldk\u0151 is megval\u00f3sult: megjelent az els\u0151 TerraPlaza magazin. <strong>Az els\u0151 sz\u00e1m kiad\u00e1sa egy \u00faj fejezetet nyitott a rendezv\u00e9ny t\u00f6rt\u00e9net\u00e9ben<\/strong>, hiszen egy olyan ismeretterjeszt\u0151 kiadv\u00e1ny sz\u00fcletett, amely nemcsak a rendezv\u00e9ny l\u00e1togat\u00f3i sz\u00e1m\u00e1ra ny\u00fajt \u00e9rt\u00e9kes tartalmat, hanem a sz\u00e9lesebb k\u00f6z\u00f6ns\u00e9g sz\u00e1m\u00e1ra is el\u00e9rhet\u0151v\u00e9 teszi a TerraPlaza szellemis\u00e9g\u00e9t.<\/p>\n\n\n\n<p>Az els\u0151 magazin c\u00e9lja az volt, hogy az \u00e1llattart\u00f3k \u00e9s term\u00e9szetkedvel\u0151k sz\u00e1m\u00e1ra egyar\u00e1nt hasznos, informat\u00edv ismeretterjeszt\u0151 tartalmat ny\u00fajtson. Az alap tart\u00e1si inform\u00e1ci\u00f3kon t\u00fal olyan ismeretterjeszt\u0151 cikkeket tartalmazott, amely sz\u00e9lesebb l\u00e1t\u00f3sz\u00f6get ad az \u00e9l\u0151l\u00e9nyek term\u00e9szetben bet\u00f6lt\u00f6tt szerep\u00e9r\u0151l. A magazin 104 oldalon, 24 cikkel jelent meg, szerz\u0151i k\u00f6z\u00f6tt pedig elismert zool\u00f3gusok \u00e9s tapasztalt \u00e1llattart\u00f3k szerepeltek.<\/p>\n\n\n\n<p>Az els\u0151 sz\u00e1m limit\u00e1lt, 1000 p\u00e9ld\u00e1nyban k\u00e9sz\u00fclt, \u00e9s kiz\u00e1r\u00f3lag a TerraPlaza rendezv\u00e9nyeken, illetve a <a href=\"https:\/\/www.terraplaza.shop\/spl\/944929\/TerraPlaza-magazin\">webshopban<\/a> el\u00e9rhet\u0151. Az az\u00f3ta \u00e9rkezett sz\u00e1mos pozit\u00edv visszajelz\u00e9s meger\u0151s\u00edtette, hogy a kiadv\u00e1ny hi\u00e1nyp\u00f3tl\u00f3 szerepet t\u00f6lt be az egzotikus \u00e1llattart\u00f3k k\u00f6z\u00f6ss\u00e9g\u00e9ben.<br><br>A magazin indul\u00e1s\u00e1val \u00faj perspekt\u00edva ny\u00edlt meg a TerraPlaza el\u0151tt, \u00e9s m\u00e1r most dolgozunk a k\u00f6vetkez\u0151 sz\u00e1m izgalmas \u00e9s friss tartalmain. A c\u00e9l tov\u00e1bbra is az, hogy inspir\u00e1ljuk \u00e9s eduk\u00e1ljuk a k\u00f6z\u00f6ss\u00e9g\u00fcnket, bemutatva a term\u00e9szet p\u00e1ratlan gazdags\u00e1g\u00e1t. Ez\u00e1ltal nemcsak az olvas\u00f3k, hanem az \u00e1ltaluk gondozott \u00e9l\u0151l\u00e9nyek \u00e9letmin\u0151s\u00e9ge is jelent\u0151sen javulhat.<\/p>\n\n\n\n<figure class=\"wp-block-gallery has-nested-images columns-default is-cropped wp-block-gallery-1 is-layout-flex wp-block-gallery-is-layout-flex\">\n<figure class=\"wp-block-image size-large\"><img decoding=\"async\" width=\"1024\" height=\"683\" data-id=\"6355\" src=\"https:\/\/terraplaza.com\/magazin\/wp-content\/uploads\/2025\/01\/432779331_806618028172001_4757484696857262583_n-1024x683.jpg\" alt=\"\" class=\"wp-image-6355\" srcset=\"https:\/\/terraplaza.com\/magazin\/wp-content\/uploads\/2025\/01\/432779331_806618028172001_4757484696857262583_n-1024x683.jpg 1024w, https:\/\/terraplaza.com\/magazin\/wp-content\/uploads\/2025\/01\/432779331_806618028172001_4757484696857262583_n-300x200.jpg 300w, https:\/\/terraplaza.com\/magazin\/wp-content\/uploads\/2025\/01\/432779331_806618028172001_4757484696857262583_n-768x512.jpg 768w, https:\/\/terraplaza.com\/magazin\/wp-content\/uploads\/2025\/01\/432779331_806618028172001_4757484696857262583_n-1536x1025.jpg 1536w, https:\/\/terraplaza.com\/magazin\/wp-content\/uploads\/2025\/01\/432779331_806618028172001_4757484696857262583_n-150x100.jpg 150w, https:\/\/terraplaza.com\/magazin\/wp-content\/uploads\/2025\/01\/432779331_806618028172001_4757484696857262583_n-450x300.jpg 450w, https:\/\/terraplaza.com\/magazin\/wp-content\/uploads\/2025\/01\/432779331_806618028172001_4757484696857262583_n-1200x800.jpg 1200w, https:\/\/terraplaza.com\/magazin\/wp-content\/uploads\/2025\/01\/432779331_806618028172001_4757484696857262583_n.jpg 2048w\" sizes=\"(max-width: 1024px) 100vw, 1024px\" \/><\/figure>\n<\/figure>\n\n\n\n<h3 class=\"wp-block-heading\"><strong>Egy friss kezdet: a Lurdy H\u00e1z meg\u00fajult szell\u0151z\u0151rendszere<\/strong><\/h3>\n\n\n\n<p>2024-ben a Lurdy H\u00e1z jelent\u0151s fejleszt\u00e9seken esett \u00e1t, amelynek keret\u00e9ben teljesen meg\u00fajult a szell\u0151z\u0151rendszer. Ez a beruh\u00e1z\u00e1s nemcsak kellemesebb l\u00e9gk\u00f6rt teremtett a l\u00e1togat\u00f3knak \u00e9s ki\u00e1ll\u00edt\u00f3knak, hanem el\u0151seg\u00edtette, hogy a TerraPlaza m\u00e9g professzion\u00e1lisabb k\u00f6rnyezetben val\u00f3sulhasson meg. A ter\u00fcletb\u0151v\u00edt\u00e9ssel \u00e9s a szell\u0151z\u00e9s moderniz\u00e1l\u00e1s\u00e1val pedig <strong>v\u00e9gleg megszabadultunk egy kezdetek \u00f3ta fenn\u00e1ll\u00f3 stigm\u00e1t\u00f3l<\/strong>, amely miatt a l\u00e1togat\u00f3kt\u00f3l kor\u00e1bban jogosan sok <a href=\"https:\/\/www.google.com\/search?sa=X&amp;sca_esv=797e2f942c2b7f51&amp;hl=hu&amp;authuser=2&amp;biw=2560&amp;bih=1249&amp;tbm=lcl&amp;q=TerraPlaza+expo+V\u00e9lem\u00e9nyek&amp;rflfq=1&amp;num=20&amp;stick=H4sIAAAAAAAAAONgkxI2NzAzsjA0MzQwNDAxsDQ2tDAz2sDI-IpRJiS1qCgxICexKlEhtaIgXyHs8Mqc1NzDK_MqU7MXseKVBgAlKNupWAAAAA&amp;rldimm=7062816101040931862&amp;authuser=2&amp;ved=2ahUKEwi357TQ3_iKAxXcAxAIHTuYI-0Q9fQKegQIThAF#lkt=LocalPoiReviews\">kritik\u00e1t<\/a> kaptunk.<\/p>\n\n\n\n<figure class=\"wp-block-image size-large\"><img decoding=\"async\" width=\"1024\" height=\"683\" src=\"https:\/\/terraplaza.com\/magazin\/wp-content\/uploads\/2025\/01\/IMG_7404-1024x683.jpg\" alt=\"\" class=\"wp-image-6356\" srcset=\"https:\/\/terraplaza.com\/magazin\/wp-content\/uploads\/2025\/01\/IMG_7404-1024x683.jpg 1024w, https:\/\/terraplaza.com\/magazin\/wp-content\/uploads\/2025\/01\/IMG_7404-300x200.jpg 300w, https:\/\/terraplaza.com\/magazin\/wp-content\/uploads\/2025\/01\/IMG_7404-768x512.jpg 768w, https:\/\/terraplaza.com\/magazin\/wp-content\/uploads\/2025\/01\/IMG_7404-1536x1024.jpg 1536w, https:\/\/terraplaza.com\/magazin\/wp-content\/uploads\/2025\/01\/IMG_7404-2048x1366.jpg 2048w, https:\/\/terraplaza.com\/magazin\/wp-content\/uploads\/2025\/01\/IMG_7404-150x100.jpg 150w, https:\/\/terraplaza.com\/magazin\/wp-content\/uploads\/2025\/01\/IMG_7404-450x300.jpg 450w, https:\/\/terraplaza.com\/magazin\/wp-content\/uploads\/2025\/01\/IMG_7404-1200x800.jpg 1200w\" sizes=\"(max-width: 1024px) 100vw, 1024px\" \/><\/figure>\n\n\n\n<h3 class=\"wp-block-heading\"><strong>Szakmai nap: egy\u00fctt a tud\u00e1s\u00e9rt<\/strong><\/h3>\n\n\n\n<p>A <a href=\"https:\/\/terraplaza.com\/hu\/terraplaza-szakmai-nap\">rendezv\u00e9ny<\/a> olyan szakmai el\u0151ad\u00e1sokat k\u00edn\u00e1lt, amelyek az egzotikus \u00e1llattart\u00e1s ir\u00e1nt elk\u00f6telezett ki\u00e1ll\u00edt\u00f3k \u00e9s \u00e9rdekl\u0151d\u0151k sz\u00e1m\u00e1ra is \u00e9rt\u00e9kes tud\u00e1st biztos\u00edtottak. <strong>Az esem\u00e9nyen a legnagyobb szakmai elismer\u00e9snek \u00f6rvend\u0151 el\u0151ad\u00f3k \u00e9s teny\u00e9szt\u0151k vettek r\u00e9szt<\/strong>, akik tapasztalataikkal \u00e9s tud\u00e1sukkal tov\u00e1bb emelt\u00e9k a rendezv\u00e9ny sz\u00ednvonal\u00e1t. Ez\u00faton is k\u00f6sz\u00f6nj\u00fck Farkas M. Vivien szervez\u0151nek, az el\u0151ad\u00f3knak \u00e9s minden hallgat\u00f3nak, aki r\u00e9szt vett.<\/p>\n\n\n<div class=\"wp-block-image\">\n<figure class=\"aligncenter size-large is-resized\"><img loading=\"lazy\" decoding=\"async\" width=\"1024\" height=\"768\" src=\"https:\/\/terraplaza.com\/magazin\/wp-content\/uploads\/2025\/01\/459204493_915532660613870_1433701595891235061_n-1-1024x768.jpg\" alt=\"\" class=\"wp-image-6372\" style=\"width:780px;height:auto\" srcset=\"https:\/\/terraplaza.com\/magazin\/wp-content\/uploads\/2025\/01\/459204493_915532660613870_1433701595891235061_n-1-1024x768.jpg 1024w, https:\/\/terraplaza.com\/magazin\/wp-content\/uploads\/2025\/01\/459204493_915532660613870_1433701595891235061_n-1-300x225.jpg 300w, https:\/\/terraplaza.com\/magazin\/wp-content\/uploads\/2025\/01\/459204493_915532660613870_1433701595891235061_n-1-768x576.jpg 768w, https:\/\/terraplaza.com\/magazin\/wp-content\/uploads\/2025\/01\/459204493_915532660613870_1433701595891235061_n-1-150x113.jpg 150w, https:\/\/terraplaza.com\/magazin\/wp-content\/uploads\/2025\/01\/459204493_915532660613870_1433701595891235061_n-1-450x338.jpg 450w, https:\/\/terraplaza.com\/magazin\/wp-content\/uploads\/2025\/01\/459204493_915532660613870_1433701595891235061_n-1.jpg 1080w\" sizes=\"(max-width: 1024px) 100vw, 1024px\" \/><\/figure>\n<\/div>\n\n\n<h3 class=\"wp-block-heading\"><strong>\u00c1llatv\u00e9delem a k\u00f6z\u00e9ppontban<\/strong><\/h3>\n\n\n\n<p>Amellett, hogy b\u0151v\u00fclt a ter\u00fclet, ezzel t\u00f6bb tucat \u00faj, nemzetk\u00f6zi szinten is elismert ki\u00e1ll\u00edt\u00f3 \u00e9rkezett. Az \u00e1llatv\u00e9delemmel \u00e9s a term\u00e9szetv\u00e9delemmel kapcsolatos t\u00f6rekv\u00e9seinket szigor\u00fabb ellen\u0151rz\u00e9sekkel \u00e9s szab\u00e1lyokkal fokoztuk tov\u00e1bb. <strong>Ennek hat\u00e1s\u00e1ra 2024-ben \u00f6t olyan ki\u00e1ll\u00edt\u00f3t voltunk k\u00e9nytelenek kitiltani a TerraPlaz\u00e1r\u00f3l, akik nem tartott\u00e1k fontosnak az \u00e1llatv\u00e9delmet.<\/strong> Ez a l\u00e9p\u00e9s lehet\u0151s\u00e9get teremtett arra, hogy hely\u00fckre sz\u00ednvonalasabb, hossz\u00fa t\u00e1von gondolkod\u00f3 ki\u00e1ll\u00edt\u00f3k ker\u00fcljenek, akik nemcsak a profitot l\u00e1tj\u00e1k az \u00e1llatokban, hanem val\u00f3di t\u00f6r\u0151d\u00e9st \u00e9s elhivatotts\u00e1got is k\u00e9pviselnek. Ez az ir\u00e1nyvonal tov\u00e1bb er\u0151s\u00edti a TerraPlaza elk\u00f6telezetts\u00e9g\u00e9t az \u00e1llatok j\u00f3l\u00e9te ir\u00e1nt, \u00e9s hozz\u00e1j\u00e1rul a rendezv\u00e9ny min\u0151s\u00e9g\u00e9nek folyamatos emel\u00e9s\u00e9hez.<\/p>\n\n\n\n<figure class=\"wp-block-image size-large\"><img loading=\"lazy\" decoding=\"async\" width=\"1024\" height=\"683\" src=\"https:\/\/terraplaza.com\/magazin\/wp-content\/uploads\/2025\/01\/MG_7539-1024x683.jpg\" alt=\"\" class=\"wp-image-6357\" srcset=\"https:\/\/terraplaza.com\/magazin\/wp-content\/uploads\/2025\/01\/MG_7539-1024x683.jpg 1024w, https:\/\/terraplaza.com\/magazin\/wp-content\/uploads\/2025\/01\/MG_7539-300x200.jpg 300w, https:\/\/terraplaza.com\/magazin\/wp-content\/uploads\/2025\/01\/MG_7539-768x512.jpg 768w, https:\/\/terraplaza.com\/magazin\/wp-content\/uploads\/2025\/01\/MG_7539-1536x1024.jpg 1536w, https:\/\/terraplaza.com\/magazin\/wp-content\/uploads\/2025\/01\/MG_7539-2048x1365.jpg 2048w, https:\/\/terraplaza.com\/magazin\/wp-content\/uploads\/2025\/01\/MG_7539-150x100.jpg 150w, https:\/\/terraplaza.com\/magazin\/wp-content\/uploads\/2025\/01\/MG_7539-450x300.jpg 450w, https:\/\/terraplaza.com\/magazin\/wp-content\/uploads\/2025\/01\/MG_7539-1200x800.jpg 1200w\" sizes=\"(max-width: 1024px) 100vw, 1024px\" \/><\/figure>\n\n\n\n<h3 class=\"wp-block-heading\"><strong>Hogyan tov\u00e1bb?<\/strong><\/h3>\n\n\n\n<p><strong>2024 a TerraPlaza eddigi legsikeresebb \u00e9ve volt<\/strong>, amit nem \u00e9rhett\u00fcnk volna el a ki\u00e1ll\u00edt\u00f3k, a vend\u00e9gek \u00e9s a munkat\u00e1rsaink elk\u00f6telezett t\u00e1mogat\u00e1sa n\u00e9lk\u00fcl. K\u00fcl\u00f6n k\u00f6sz\u00f6net mindenkinek, aki hozz\u00e1j\u00e1rult ahhoz, hogy id\u00e9n is egyed\u00fcl\u00e1ll\u00f3 \u00e9lm\u00e9nyt ny\u00fajthassunk.&nbsp;<\/p>\n\n\n\n<p>Tov\u00e1bbra is tele vagyunk \u00f6tletekkel, amelyek megval\u00f3s\u00edt\u00e1s\u00e1t izgatottan v\u00e1rjuk. Ezek az \u00faj\u00edt\u00e1sok nemcsak a rendezv\u00e9ny sz\u00ednvonal\u00e1t emelik, hanem az eg\u00e9sz k\u00f6z\u00f6ss\u00e9g sz\u00e1m\u00e1ra \u00faj lehet\u0151s\u00e9geket \u00e9s \u00e9lm\u00e9nyeket teremtenek.<\/p>\n\n\n\n<h3 class=\"wp-block-heading\"><strong>K\u00e9t szem\u00e9lyes gondolat<\/strong><\/h3>\n\n\n\n<p>Biol\u00f3gia szakos gimnazistak\u00e9nt a tanulm\u00e1nyi versenyekre az \u00c9let \u00e9s Tudom\u00e1ny, a Term\u00e9szet B\u00fav\u00e1r \u00e9s a Term\u00e9szet vil\u00e1ga kiv\u00e1lasztott cikkei k\u00f6z\u00fcl kellett felk\u00e9sz\u00fcln\u00fcnk. Im\u00e1dtam ezt az id\u0151szakot, amikor a versenyre k\u00e9sz\u00fclve ezen foly\u00f3iratok cikkeit hetekig olvastuk.<br>H\u00e1l\u00e1s vagyok, hogy elind\u00edthattam a TerraPlaza magazint, mert a szerz\u0151i \u00e1ltalam nagyra tartott szakemberek, akik bizalmat szavaztak m\u00e1r az els\u0151 sz\u00e1m megjelen\u00e9se el\u0151tt. De ekkor m\u00e9g nem is rem\u00e9ltem, hogy ekkora megtiszteltet\u00e9s \u00e9ri a magazint, hogy <strong>h\u00e1rom cikk\u00e9t a <a href=\"https:\/\/www.mbt-biologia.hu\/kitaibel-verseny\">Kitaibel P\u00e1l K\u00f6z\u00e9piskolai Biol\u00f3giai \u00e9s K\u00f6rnyezetv\u00e9delmi Tanulm\u00e1nyi Verseny<\/a> a felk\u00e9sz\u00fcl\u00e9si irodalmak k\u00f6z\u00e9 v\u00e1logatta.<br><\/strong><br>Imm\u00e1r 15 \u00e9ve k\u00e9sz\u00edtem a <a href=\"https:\/\/terraplaza.com\/hu\/expo\/terraplaza-plakatok\">TerraPlaza plak\u00e1tjait<\/a>. Mai napig j\u00f3 \u00e9rz\u00e9ssel t\u00f6lt el, mikor az \u00faj plak\u00e1tra azt mondja valaki: &#8222;Ez eddig a legjobb!&#8221; Most is mind az \u00f6t 2024-es plak\u00e1tr\u00f3l eljutott hozz\u00e1m ez a mondat.<br>M\u00e9gis sz\u00e1momra m\u00e1ig a legkedvesebb az 50. plak\u00e1t, az els\u0151 magazin bor\u00edt\u00f3ja, de ez egy hosszabb t\u00f6rt\u00e9net lesz.<\/p>\n\n\n\n<figure class=\"wp-block-gallery has-nested-images columns-default is-cropped wp-block-gallery-2 is-layout-flex wp-block-gallery-is-layout-flex\">\n<figure class=\"wp-block-image size-large\"><img loading=\"lazy\" decoding=\"async\" width=\"729\" height=\"1024\" data-id=\"6363\" src=\"https:\/\/terraplaza.com\/magazin\/wp-content\/uploads\/2025\/01\/TerraPlaza_51-2-729x1024.jpg\" alt=\"\" class=\"wp-image-6363\" srcset=\"https:\/\/terraplaza.com\/magazin\/wp-content\/uploads\/2025\/01\/TerraPlaza_51-2-729x1024.jpg 729w, https:\/\/terraplaza.com\/magazin\/wp-content\/uploads\/2025\/01\/TerraPlaza_51-2-214x300.jpg 214w, https:\/\/terraplaza.com\/magazin\/wp-content\/uploads\/2025\/01\/TerraPlaza_51-2-768x1079.jpg 768w, https:\/\/terraplaza.com\/magazin\/wp-content\/uploads\/2025\/01\/TerraPlaza_51-2-1094x1536.jpg 1094w, https:\/\/terraplaza.com\/magazin\/wp-content\/uploads\/2025\/01\/TerraPlaza_51-2-150x211.jpg 150w, https:\/\/terraplaza.com\/magazin\/wp-content\/uploads\/2025\/01\/TerraPlaza_51-2-450x632.jpg 450w, https:\/\/terraplaza.com\/magazin\/wp-content\/uploads\/2025\/01\/TerraPlaza_51-2-1200x1685.jpg 1200w, https:\/\/terraplaza.com\/magazin\/wp-content\/uploads\/2025\/01\/TerraPlaza_51-2.jpg 1367w\" sizes=\"(max-width: 729px) 100vw, 729px\" \/><\/figure>\n\n\n\n<figure class=\"wp-block-image size-large\"><img loading=\"lazy\" decoding=\"async\" width=\"729\" height=\"1024\" data-id=\"6360\" src=\"https:\/\/terraplaza.com\/magazin\/wp-content\/uploads\/2025\/01\/TerraPlaza_52-2-729x1024.jpg\" alt=\"\" class=\"wp-image-6360\" srcset=\"https:\/\/terraplaza.com\/magazin\/wp-content\/uploads\/2025\/01\/TerraPlaza_52-2-729x1024.jpg 729w, https:\/\/terraplaza.com\/magazin\/wp-content\/uploads\/2025\/01\/TerraPlaza_52-2-214x300.jpg 214w, https:\/\/terraplaza.com\/magazin\/wp-content\/uploads\/2025\/01\/TerraPlaza_52-2-768x1079.jpg 768w, https:\/\/terraplaza.com\/magazin\/wp-content\/uploads\/2025\/01\/TerraPlaza_52-2-1094x1536.jpg 1094w, https:\/\/terraplaza.com\/magazin\/wp-content\/uploads\/2025\/01\/TerraPlaza_52-2-150x211.jpg 150w, https:\/\/terraplaza.com\/magazin\/wp-content\/uploads\/2025\/01\/TerraPlaza_52-2-450x632.jpg 450w, https:\/\/terraplaza.com\/magazin\/wp-content\/uploads\/2025\/01\/TerraPlaza_52-2-1200x1685.jpg 1200w, https:\/\/terraplaza.com\/magazin\/wp-content\/uploads\/2025\/01\/TerraPlaza_52-2.jpg 1367w\" sizes=\"(max-width: 729px) 100vw, 729px\" \/><\/figure>\n\n\n\n<figure class=\"wp-block-image size-large\"><img loading=\"lazy\" decoding=\"async\" width=\"729\" height=\"1024\" data-id=\"6358\" src=\"https:\/\/terraplaza.com\/magazin\/wp-content\/uploads\/2025\/01\/TerraPlaza_53-2-729x1024.jpg\" alt=\"\" class=\"wp-image-6358\" srcset=\"https:\/\/terraplaza.com\/magazin\/wp-content\/uploads\/2025\/01\/TerraPlaza_53-2-729x1024.jpg 729w, https:\/\/terraplaza.com\/magazin\/wp-content\/uploads\/2025\/01\/TerraPlaza_53-2-214x300.jpg 214w, https:\/\/terraplaza.com\/magazin\/wp-content\/uploads\/2025\/01\/TerraPlaza_53-2-768x1079.jpg 768w, https:\/\/terraplaza.com\/magazin\/wp-content\/uploads\/2025\/01\/TerraPlaza_53-2-1094x1536.jpg 1094w, https:\/\/terraplaza.com\/magazin\/wp-content\/uploads\/2025\/01\/TerraPlaza_53-2-150x211.jpg 150w, https:\/\/terraplaza.com\/magazin\/wp-content\/uploads\/2025\/01\/TerraPlaza_53-2-450x632.jpg 450w, https:\/\/terraplaza.com\/magazin\/wp-content\/uploads\/2025\/01\/TerraPlaza_53-2-1200x1685.jpg 1200w, https:\/\/terraplaza.com\/magazin\/wp-content\/uploads\/2025\/01\/TerraPlaza_53-2.jpg 1367w\" sizes=\"(max-width: 729px) 100vw, 729px\" \/><\/figure>\n\n\n\n<figure class=\"wp-block-image size-large\"><img loading=\"lazy\" decoding=\"async\" width=\"729\" height=\"1024\" data-id=\"6359\" src=\"https:\/\/terraplaza.com\/magazin\/wp-content\/uploads\/2025\/01\/TerraPlaza_54-2-729x1024.jpg\" alt=\"\" class=\"wp-image-6359\" srcset=\"https:\/\/terraplaza.com\/magazin\/wp-content\/uploads\/2025\/01\/TerraPlaza_54-2-729x1024.jpg 729w, https:\/\/terraplaza.com\/magazin\/wp-content\/uploads\/2025\/01\/TerraPlaza_54-2-214x300.jpg 214w, https:\/\/terraplaza.com\/magazin\/wp-content\/uploads\/2025\/01\/TerraPlaza_54-2-768x1079.jpg 768w, https:\/\/terraplaza.com\/magazin\/wp-content\/uploads\/2025\/01\/TerraPlaza_54-2-1094x1536.jpg 1094w, https:\/\/terraplaza.com\/magazin\/wp-content\/uploads\/2025\/01\/TerraPlaza_54-2-150x211.jpg 150w, https:\/\/terraplaza.com\/magazin\/wp-content\/uploads\/2025\/01\/TerraPlaza_54-2-450x632.jpg 450w, https:\/\/terraplaza.com\/magazin\/wp-content\/uploads\/2025\/01\/TerraPlaza_54-2-1200x1685.jpg 1200w, https:\/\/terraplaza.com\/magazin\/wp-content\/uploads\/2025\/01\/TerraPlaza_54-2.jpg 1367w\" sizes=\"(max-width: 729px) 100vw, 729px\" \/><\/figure>\n\n\n\n<figure class=\"wp-block-image size-large\"><img loading=\"lazy\" decoding=\"async\" width=\"729\" height=\"1024\" data-id=\"6361\" src=\"https:\/\/terraplaza.com\/magazin\/wp-content\/uploads\/2025\/01\/TerraPlaza_55-2-729x1024.jpg\" alt=\"\" class=\"wp-image-6361\" srcset=\"https:\/\/terraplaza.com\/magazin\/wp-content\/uploads\/2025\/01\/TerraPlaza_55-2-729x1024.jpg 729w, https:\/\/terraplaza.com\/magazin\/wp-content\/uploads\/2025\/01\/TerraPlaza_55-2-214x300.jpg 214w, https:\/\/terraplaza.com\/magazin\/wp-content\/uploads\/2025\/01\/TerraPlaza_55-2-768x1079.jpg 768w, https:\/\/terraplaza.com\/magazin\/wp-content\/uploads\/2025\/01\/TerraPlaza_55-2-1094x1536.jpg 1094w, https:\/\/terraplaza.com\/magazin\/wp-content\/uploads\/2025\/01\/TerraPlaza_55-2-150x211.jpg 150w, https:\/\/terraplaza.com\/magazin\/wp-content\/uploads\/2025\/01\/TerraPlaza_55-2-450x632.jpg 450w, https:\/\/terraplaza.com\/magazin\/wp-content\/uploads\/2025\/01\/TerraPlaza_55-2-1200x1685.jpg 1200w, https:\/\/terraplaza.com\/magazin\/wp-content\/uploads\/2025\/01\/TerraPlaza_55-2.jpg 1367w\" sizes=\"(max-width: 729px) 100vw, 729px\" \/><\/figure>\n<\/figure>\n","protected":false},"excerpt":{"rendered":"<p>A kezdetekt\u0151l fogva igyeksz\u00fcnk rendezv\u00e9nyr\u0151l rendezv\u00e9nyre fejleszteni, a ki\u00e1ll\u00edt\u00f3k \u00e9s a k\u00f6z\u00f6ns\u00e9g visszajelz\u00e9seit figyelembe v\u00e9ve. Az eddigi 15 \u00e9v t\u00e1vlat\u00e1ban bizonyos \u00fajdons\u00e1gok csak apr\u00f3bb finomhangol\u00e1ssal j\u00e1rtak, m\u00edg egyesek megval\u00f3s\u00edt\u00e1sa \u00e9veken kereszt\u00fcl tartott. Ugyanakkor vannak olyan k\u00fcls\u0151 t\u00e9nyez\u0151k, amelyeket egyszer\u0171en csak t\u00fcrelemmel ki kellett v\u00e1rni. 2024 t\u00f6bb szempontb\u00f3l is rendk\u00edv\u00fcli \u00e9v volt a TerraPlaza t\u00f6rt\u00e9net\u00e9ben, ugyanis<\/p>\n","protected":false},"author":1,"featured_media":6365,"comment_status":"closed","ping_status":"open","sticky":false,"template":"","format":"standard","meta":{"footnotes":""},"categories":[886,776,940,938],"tags":[1478,981,1482,1480,1484,1486],"class_list":{"0":"post-6353","1":"post","2":"type-post","3":"status-publish","4":"format-standard","5":"has-post-thumbnail","7":"category-expo","8":"category-gephaz","9":"category-szakmai-nap","10":"category-termeszetvedelem","11":"tag-1478","12":"tag-allatvedelem","13":"tag-fejlesztesek","14":"tag-merfoldko","15":"tag-szakmai-nap","16":"tag-terraplaza-magazin"},"yoast_head":"<!-- This site is optimized with the Yoast SEO plugin v27.2 - https:\/\/yoast.com\/product\/yoast-seo-wordpress\/ -->\n<title>2024: a TerraPlaza \u00faj korszak\u00e1nak kezdete &#8211; TerraPlaza magazin<\/title>\n<meta name=\"description\" content=\"2024 t\u00f6bb szempontb\u00f3l is rendk\u00edv\u00fcli \u00e9v volt a TerraPlaza t\u00f6rt\u00e9net\u00e9ben, ugyanis t\u00f6bb olyan dolog val\u00f3sult meg, amire \u00e9vek \u00f3ta v\u00e1runk.\" \/>\n<meta name=\"robots\" content=\"index, follow, max-snippet:-1, max-image-preview:large, max-video-preview:-1\" \/>\n<link rel=\"canonical\" href=\"https:\/\/terraplaza.com\/magazin\/hu\/gephaz\/2024-a-terraplaza-uj-korszakanak-kezdete\/6353\/\" \/>\n<meta property=\"og:locale\" content=\"hu_HU\" \/>\n<meta property=\"og:type\" content=\"article\" \/>\n<meta property=\"og:title\" content=\"2024: a TerraPlaza \u00faj korszak\u00e1nak kezdete &#8211; TerraPlaza magazin\" \/>\n<meta property=\"og:description\" content=\"2024 t\u00f6bb szempontb\u00f3l is rendk\u00edv\u00fcli \u00e9v volt a TerraPlaza t\u00f6rt\u00e9net\u00e9ben, ugyanis t\u00f6bb olyan dolog val\u00f3sult meg, amire \u00e9vek \u00f3ta v\u00e1runk.\" \/>\n<meta property=\"og:url\" content=\"https:\/\/terraplaza.com\/magazin\/hu\/gephaz\/2024-a-terraplaza-uj-korszakanak-kezdete\/6353\/\" \/>\n<meta property=\"og:site_name\" content=\"TerraPlaza magazin\" \/>\n<meta property=\"article:publisher\" content=\"https:\/\/www.facebook.com\/terraplaza\" \/>\n<meta property=\"article:published_time\" content=\"2025-01-15T22:38:18+00:00\" \/>\n<meta property=\"article:modified_time\" content=\"2025-01-15T22:52:57+00:00\" \/>\n<meta property=\"og:image\" content=\"https:\/\/terraplaza.com\/magazin\/wp-content\/uploads\/2025\/01\/Kepernyofoto-2025-01-09-16.26.jpg\" \/>\n\t<meta property=\"og:image:width\" content=\"1832\" \/>\n\t<meta property=\"og:image:height\" content=\"1226\" \/>\n\t<meta property=\"og:image:type\" content=\"image\/jpeg\" \/>\n<meta name=\"author\" content=\"K\u00e1rp\u00e1thegyi P\u00e9ter\" \/>\n<meta name=\"twitter:card\" content=\"summary_large_image\" \/>\n<meta name=\"twitter:label1\" content=\"Szerz\u0151:\" \/>\n\t<meta name=\"twitter:data1\" content=\"K\u00e1rp\u00e1thegyi P\u00e9ter\" \/>\n\t<meta name=\"twitter:label2\" content=\"Becs\u00fclt olvas\u00e1si id\u0151\" \/>\n\t<meta name=\"twitter:data2\" content=\"7 perc\" \/>\n<script type=\"application\/ld+json\" class=\"yoast-schema-graph\">{\"@context\":\"https:\/\/schema.org\",\"@graph\":[{\"@type\":\"Article\",\"@id\":\"https:\/\/terraplaza.com\/magazin\/hu\/gephaz\/2024-a-terraplaza-uj-korszakanak-kezdete\/6353\/#article\",\"isPartOf\":{\"@id\":\"https:\/\/terraplaza.com\/magazin\/hu\/gephaz\/2024-a-terraplaza-uj-korszakanak-kezdete\/6353\/\"},\"author\":{\"name\":\"K\u00e1rp\u00e1thegyi P\u00e9ter\",\"@id\":\"https:\/\/terraplaza.com\/magazin\/#\/schema\/person\/64cf824a94ad331a57138e275310fac7\"},\"headline\":\"2024: a TerraPlaza \u00faj korszak\u00e1nak kezdete\",\"datePublished\":\"2025-01-15T22:38:18+00:00\",\"dateModified\":\"2025-01-15T22:52:57+00:00\",\"mainEntityOfPage\":{\"@id\":\"https:\/\/terraplaza.com\/magazin\/hu\/gephaz\/2024-a-terraplaza-uj-korszakanak-kezdete\/6353\/\"},\"wordCount\":1297,\"publisher\":{\"@id\":\"https:\/\/terraplaza.com\/magazin\/#organization\"},\"image\":{\"@id\":\"https:\/\/terraplaza.com\/magazin\/hu\/gephaz\/2024-a-terraplaza-uj-korszakanak-kezdete\/6353\/#primaryimage\"},\"thumbnailUrl\":\"https:\/\/terraplaza.com\/magazin\/wp-content\/uploads\/2025\/01\/Kepernyofoto-2025-01-09-16.26.jpg\",\"keywords\":[\"2024\",\"\u00c1llatv\u00e9delem\",\"fejleszt\u00e9sek\",\"m\u00e9rf\u00f6ldk\u0151\",\"szakmai nap\",\"TerraPlaza magazin\"],\"articleSection\":[\"Expo\",\"G\u00e9ph\u00e1z\",\"Szakmai nap\",\"Term\u00e9szetv\u00e9delem\"],\"inLanguage\":\"hu\"},{\"@type\":\"WebPage\",\"@id\":\"https:\/\/terraplaza.com\/magazin\/hu\/gephaz\/2024-a-terraplaza-uj-korszakanak-kezdete\/6353\/\",\"url\":\"https:\/\/terraplaza.com\/magazin\/hu\/gephaz\/2024-a-terraplaza-uj-korszakanak-kezdete\/6353\/\",\"name\":\"2024: a TerraPlaza \u00faj korszak\u00e1nak kezdete &#8211; TerraPlaza magazin\",\"isPartOf\":{\"@id\":\"https:\/\/terraplaza.com\/magazin\/#website\"},\"primaryImageOfPage\":{\"@id\":\"https:\/\/terraplaza.com\/magazin\/hu\/gephaz\/2024-a-terraplaza-uj-korszakanak-kezdete\/6353\/#primaryimage\"},\"image\":{\"@id\":\"https:\/\/terraplaza.com\/magazin\/hu\/gephaz\/2024-a-terraplaza-uj-korszakanak-kezdete\/6353\/#primaryimage\"},\"thumbnailUrl\":\"https:\/\/terraplaza.com\/magazin\/wp-content\/uploads\/2025\/01\/Kepernyofoto-2025-01-09-16.26.jpg\",\"datePublished\":\"2025-01-15T22:38:18+00:00\",\"dateModified\":\"2025-01-15T22:52:57+00:00\",\"description\":\"2024 t\u00f6bb szempontb\u00f3l is rendk\u00edv\u00fcli \u00e9v volt a TerraPlaza t\u00f6rt\u00e9net\u00e9ben, ugyanis t\u00f6bb olyan dolog val\u00f3sult meg, amire \u00e9vek \u00f3ta v\u00e1runk.\",\"breadcrumb\":{\"@id\":\"https:\/\/terraplaza.com\/magazin\/hu\/gephaz\/2024-a-terraplaza-uj-korszakanak-kezdete\/6353\/#breadcrumb\"},\"inLanguage\":\"hu\",\"potentialAction\":[{\"@type\":\"ReadAction\",\"target\":[\"https:\/\/terraplaza.com\/magazin\/hu\/gephaz\/2024-a-terraplaza-uj-korszakanak-kezdete\/6353\/\"]}]},{\"@type\":\"ImageObject\",\"inLanguage\":\"hu\",\"@id\":\"https:\/\/terraplaza.com\/magazin\/hu\/gephaz\/2024-a-terraplaza-uj-korszakanak-kezdete\/6353\/#primaryimage\",\"url\":\"https:\/\/terraplaza.com\/magazin\/wp-content\/uploads\/2025\/01\/Kepernyofoto-2025-01-09-16.26.jpg\",\"contentUrl\":\"https:\/\/terraplaza.com\/magazin\/wp-content\/uploads\/2025\/01\/Kepernyofoto-2025-01-09-16.26.jpg\",\"width\":1832,\"height\":1226},{\"@type\":\"BreadcrumbList\",\"@id\":\"https:\/\/terraplaza.com\/magazin\/hu\/gephaz\/2024-a-terraplaza-uj-korszakanak-kezdete\/6353\/#breadcrumb\",\"itemListElement\":[{\"@type\":\"ListItem\",\"position\":1,\"name\":\"Kezd\u0151lap\",\"item\":\"https:\/\/terraplaza.com\/magazin\/hu\/\"},{\"@type\":\"ListItem\",\"position\":2,\"name\":\"2024: a TerraPlaza \u00faj korszak\u00e1nak kezdete\"}]},{\"@type\":\"WebSite\",\"@id\":\"https:\/\/terraplaza.com\/magazin\/#website\",\"url\":\"https:\/\/terraplaza.com\/magazin\/\",\"name\":\"TerraPlaza magazin\",\"description\":\"Term\u00e9szet szeretet \u00e9s felel\u0151s \u00e1llattart\u00e1s naprak\u00e9sz inform\u00e1ci\u00f3kkal \u2013 terrarisztika \u00e9s akvarisztika szakport\u00e1l. Hogy kedvenceidnek min\u00e9l boldogabb \u00e9lete legyen.\",\"publisher\":{\"@id\":\"https:\/\/terraplaza.com\/magazin\/#organization\"},\"alternateName\":\"terrarisztikai szakport\u00e1l\",\"potentialAction\":[{\"@type\":\"SearchAction\",\"target\":{\"@type\":\"EntryPoint\",\"urlTemplate\":\"https:\/\/terraplaza.com\/magazin\/?s={search_term_string}\"},\"query-input\":{\"@type\":\"PropertyValueSpecification\",\"valueRequired\":true,\"valueName\":\"search_term_string\"}}],\"inLanguage\":\"hu\"},{\"@type\":\"Organization\",\"@id\":\"https:\/\/terraplaza.com\/magazin\/#organization\",\"name\":\"TerraPlaza\",\"url\":\"https:\/\/terraplaza.com\/magazin\/\",\"logo\":{\"@type\":\"ImageObject\",\"inLanguage\":\"hu\",\"@id\":\"https:\/\/terraplaza.com\/magazin\/#\/schema\/logo\/image\/\",\"url\":\"https:\/\/terraplaza.com\/magazin\/wp-content\/uploads\/2023\/07\/Kepernyofoto-2023-07-24-18.20.04.png\",\"contentUrl\":\"https:\/\/terraplaza.com\/magazin\/wp-content\/uploads\/2023\/07\/Kepernyofoto-2023-07-24-18.20.04.png\",\"width\":1502,\"height\":382,\"caption\":\"TerraPlaza\"},\"image\":{\"@id\":\"https:\/\/terraplaza.com\/magazin\/#\/schema\/logo\/image\/\"},\"sameAs\":[\"https:\/\/www.facebook.com\/terraplaza\"]},{\"@type\":\"Person\",\"@id\":\"https:\/\/terraplaza.com\/magazin\/#\/schema\/person\/64cf824a94ad331a57138e275310fac7\",\"name\":\"K\u00e1rp\u00e1thegyi P\u00e9ter\",\"image\":{\"@type\":\"ImageObject\",\"inLanguage\":\"hu\",\"@id\":\"https:\/\/terraplaza.com\/magazin\/wp-content\/uploads\/2023\/08\/69400245_10220444442966308_6286771616609206272_n-150x150.jpg\",\"url\":\"https:\/\/terraplaza.com\/magazin\/wp-content\/uploads\/2023\/08\/69400245_10220444442966308_6286771616609206272_n-150x150.jpg\",\"contentUrl\":\"https:\/\/terraplaza.com\/magazin\/wp-content\/uploads\/2023\/08\/69400245_10220444442966308_6286771616609206272_n-150x150.jpg\",\"caption\":\"K\u00e1rp\u00e1thegyi P\u00e9ter\"},\"description\":\"F\u0151szerkeszt\u0151 - TerraPlaza alap\u00edt\u00f3 \u00e9s szervez\u0151 - Biol\u00f3gus, Grafikus\",\"sameAs\":[\"https:\/\/terraplaza.com\/magazin\"],\"url\":\"https:\/\/terraplaza.com\/magazin\/author\/pit\/\"}]}<\/script>\n<!-- \/ Yoast SEO plugin. -->","yoast_head_json":{"title":"2024: a TerraPlaza \u00faj korszak\u00e1nak kezdete &#8211; TerraPlaza magazin","description":"2024 t\u00f6bb szempontb\u00f3l is rendk\u00edv\u00fcli \u00e9v volt a TerraPlaza t\u00f6rt\u00e9net\u00e9ben, ugyanis t\u00f6bb olyan dolog val\u00f3sult meg, amire \u00e9vek \u00f3ta v\u00e1runk.","robots":{"index":"index","follow":"follow","max-snippet":"max-snippet:-1","max-image-preview":"max-image-preview:large","max-video-preview":"max-video-preview:-1"},"canonical":"https:\/\/terraplaza.com\/magazin\/hu\/gephaz\/2024-a-terraplaza-uj-korszakanak-kezdete\/6353\/","og_locale":"hu_HU","og_type":"article","og_title":"2024: a TerraPlaza \u00faj korszak\u00e1nak kezdete &#8211; TerraPlaza magazin","og_description":"2024 t\u00f6bb szempontb\u00f3l is rendk\u00edv\u00fcli \u00e9v volt a TerraPlaza t\u00f6rt\u00e9net\u00e9ben, ugyanis t\u00f6bb olyan dolog val\u00f3sult meg, amire \u00e9vek \u00f3ta v\u00e1runk.","og_url":"https:\/\/terraplaza.com\/magazin\/hu\/gephaz\/2024-a-terraplaza-uj-korszakanak-kezdete\/6353\/","og_site_name":"TerraPlaza magazin","article_publisher":"https:\/\/www.facebook.com\/terraplaza","article_published_time":"2025-01-15T22:38:18+00:00","article_modified_time":"2025-01-15T22:52:57+00:00","og_image":[{"width":1832,"height":1226,"url":"https:\/\/terraplaza.com\/magazin\/wp-content\/uploads\/2025\/01\/Kepernyofoto-2025-01-09-16.26.jpg","type":"image\/jpeg"}],"author":"K\u00e1rp\u00e1thegyi P\u00e9ter","twitter_card":"summary_large_image","twitter_misc":{"Szerz\u0151:":"K\u00e1rp\u00e1thegyi P\u00e9ter","Becs\u00fclt olvas\u00e1si id\u0151":"7 perc"},"schema":{"@context":"https:\/\/schema.org","@graph":[{"@type":"Article","@id":"https:\/\/terraplaza.com\/magazin\/hu\/gephaz\/2024-a-terraplaza-uj-korszakanak-kezdete\/6353\/#article","isPartOf":{"@id":"https:\/\/terraplaza.com\/magazin\/hu\/gephaz\/2024-a-terraplaza-uj-korszakanak-kezdete\/6353\/"},"author":{"name":"K\u00e1rp\u00e1thegyi P\u00e9ter","@id":"https:\/\/terraplaza.com\/magazin\/#\/schema\/person\/64cf824a94ad331a57138e275310fac7"},"headline":"2024: a TerraPlaza \u00faj korszak\u00e1nak kezdete","datePublished":"2025-01-15T22:38:18+00:00","dateModified":"2025-01-15T22:52:57+00:00","mainEntityOfPage":{"@id":"https:\/\/terraplaza.com\/magazin\/hu\/gephaz\/2024-a-terraplaza-uj-korszakanak-kezdete\/6353\/"},"wordCount":1297,"publisher":{"@id":"https:\/\/terraplaza.com\/magazin\/#organization"},"image":{"@id":"https:\/\/terraplaza.com\/magazin\/hu\/gephaz\/2024-a-terraplaza-uj-korszakanak-kezdete\/6353\/#primaryimage"},"thumbnailUrl":"https:\/\/terraplaza.com\/magazin\/wp-content\/uploads\/2025\/01\/Kepernyofoto-2025-01-09-16.26.jpg","keywords":["2024","\u00c1llatv\u00e9delem","fejleszt\u00e9sek","m\u00e9rf\u00f6ldk\u0151","szakmai nap","TerraPlaza magazin"],"articleSection":["Expo","G\u00e9ph\u00e1z","Szakmai nap","Term\u00e9szetv\u00e9delem"],"inLanguage":"hu"},{"@type":"WebPage","@id":"https:\/\/terraplaza.com\/magazin\/hu\/gephaz\/2024-a-terraplaza-uj-korszakanak-kezdete\/6353\/","url":"https:\/\/terraplaza.com\/magazin\/hu\/gephaz\/2024-a-terraplaza-uj-korszakanak-kezdete\/6353\/","name":"2024: a TerraPlaza \u00faj korszak\u00e1nak kezdete &#8211; TerraPlaza magazin","isPartOf":{"@id":"https:\/\/terraplaza.com\/magazin\/#website"},"primaryImageOfPage":{"@id":"https:\/\/terraplaza.com\/magazin\/hu\/gephaz\/2024-a-terraplaza-uj-korszakanak-kezdete\/6353\/#primaryimage"},"image":{"@id":"https:\/\/terraplaza.com\/magazin\/hu\/gephaz\/2024-a-terraplaza-uj-korszakanak-kezdete\/6353\/#primaryimage"},"thumbnailUrl":"https:\/\/terraplaza.com\/magazin\/wp-content\/uploads\/2025\/01\/Kepernyofoto-2025-01-09-16.26.jpg","datePublished":"2025-01-15T22:38:18+00:00","dateModified":"2025-01-15T22:52:57+00:00","description":"2024 t\u00f6bb szempontb\u00f3l is rendk\u00edv\u00fcli \u00e9v volt a TerraPlaza t\u00f6rt\u00e9net\u00e9ben, ugyanis t\u00f6bb olyan dolog val\u00f3sult meg, amire \u00e9vek \u00f3ta v\u00e1runk.","breadcrumb":{"@id":"https:\/\/terraplaza.com\/magazin\/hu\/gephaz\/2024-a-terraplaza-uj-korszakanak-kezdete\/6353\/#breadcrumb"},"inLanguage":"hu","potentialAction":[{"@type":"ReadAction","target":["https:\/\/terraplaza.com\/magazin\/hu\/gephaz\/2024-a-terraplaza-uj-korszakanak-kezdete\/6353\/"]}]},{"@type":"ImageObject","inLanguage":"hu","@id":"https:\/\/terraplaza.com\/magazin\/hu\/gephaz\/2024-a-terraplaza-uj-korszakanak-kezdete\/6353\/#primaryimage","url":"https:\/\/terraplaza.com\/magazin\/wp-content\/uploads\/2025\/01\/Kepernyofoto-2025-01-09-16.26.jpg","contentUrl":"https:\/\/terraplaza.com\/magazin\/wp-content\/uploads\/2025\/01\/Kepernyofoto-2025-01-09-16.26.jpg","width":1832,"height":1226},{"@type":"BreadcrumbList","@id":"https:\/\/terraplaza.com\/magazin\/hu\/gephaz\/2024-a-terraplaza-uj-korszakanak-kezdete\/6353\/#breadcrumb","itemListElement":[{"@type":"ListItem","position":1,"name":"Kezd\u0151lap","item":"https:\/\/terraplaza.com\/magazin\/hu\/"},{"@type":"ListItem","position":2,"name":"2024: a TerraPlaza \u00faj korszak\u00e1nak kezdete"}]},{"@type":"WebSite","@id":"https:\/\/terraplaza.com\/magazin\/#website","url":"https:\/\/terraplaza.com\/magazin\/","name":"TerraPlaza magazin","description":"Term\u00e9szet szeretet \u00e9s felel\u0151s \u00e1llattart\u00e1s naprak\u00e9sz inform\u00e1ci\u00f3kkal \u2013 terrarisztika \u00e9s akvarisztika szakport\u00e1l. Hogy kedvenceidnek min\u00e9l boldogabb \u00e9lete legyen.","publisher":{"@id":"https:\/\/terraplaza.com\/magazin\/#organization"},"alternateName":"terrarisztikai szakport\u00e1l","potentialAction":[{"@type":"SearchAction","target":{"@type":"EntryPoint","urlTemplate":"https:\/\/terraplaza.com\/magazin\/?s={search_term_string}"},"query-input":{"@type":"PropertyValueSpecification","valueRequired":true,"valueName":"search_term_string"}}],"inLanguage":"hu"},{"@type":"Organization","@id":"https:\/\/terraplaza.com\/magazin\/#organization","name":"TerraPlaza","url":"https:\/\/terraplaza.com\/magazin\/","logo":{"@type":"ImageObject","inLanguage":"hu","@id":"https:\/\/terraplaza.com\/magazin\/#\/schema\/logo\/image\/","url":"https:\/\/terraplaza.com\/magazin\/wp-content\/uploads\/2023\/07\/Kepernyofoto-2023-07-24-18.20.04.png","contentUrl":"https:\/\/terraplaza.com\/magazin\/wp-content\/uploads\/2023\/07\/Kepernyofoto-2023-07-24-18.20.04.png","width":1502,"height":382,"caption":"TerraPlaza"},"image":{"@id":"https:\/\/terraplaza.com\/magazin\/#\/schema\/logo\/image\/"},"sameAs":["https:\/\/www.facebook.com\/terraplaza"]},{"@type":"Person","@id":"https:\/\/terraplaza.com\/magazin\/#\/schema\/person\/64cf824a94ad331a57138e275310fac7","name":"K\u00e1rp\u00e1thegyi P\u00e9ter","image":{"@type":"ImageObject","inLanguage":"hu","@id":"https:\/\/terraplaza.com\/magazin\/wp-content\/uploads\/2023\/08\/69400245_10220444442966308_6286771616609206272_n-150x150.jpg","url":"https:\/\/terraplaza.com\/magazin\/wp-content\/uploads\/2023\/08\/69400245_10220444442966308_6286771616609206272_n-150x150.jpg","contentUrl":"https:\/\/terraplaza.com\/magazin\/wp-content\/uploads\/2023\/08\/69400245_10220444442966308_6286771616609206272_n-150x150.jpg","caption":"K\u00e1rp\u00e1thegyi P\u00e9ter"},"description":"F\u0151szerkeszt\u0151 - TerraPlaza alap\u00edt\u00f3 \u00e9s szervez\u0151 - Biol\u00f3gus, Grafikus","sameAs":["https:\/\/terraplaza.com\/magazin"],"url":"https:\/\/terraplaza.com\/magazin\/author\/pit\/"}]}},"views":2189,"_links":{"self":[{"href":"https:\/\/terraplaza.com\/magazin\/wp-json\/wp\/v2\/posts\/6353","targetHints":{"allow":["GET"]}}],"collection":[{"href":"https:\/\/terraplaza.com\/magazin\/wp-json\/wp\/v2\/posts"}],"about":[{"href":"https:\/\/terraplaza.com\/magazin\/wp-json\/wp\/v2\/types\/post"}],"author":[{"embeddable":true,"href":"https:\/\/terraplaza.com\/magazin\/wp-json\/wp\/v2\/users\/1"}],"replies":[{"embeddable":true,"href":"https:\/\/terraplaza.com\/magazin\/wp-json\/wp\/v2\/comments?post=6353"}],"version-history":[{"count":2,"href":"https:\/\/terraplaza.com\/magazin\/wp-json\/wp\/v2\/posts\/6353\/revisions"}],"predecessor-version":[{"id":6373,"href":"https:\/\/terraplaza.com\/magazin\/wp-json\/wp\/v2\/posts\/6353\/revisions\/6373"}],"wp:featuredmedia":[{"embeddable":true,"href":"https:\/\/terraplaza.com\/magazin\/wp-json\/wp\/v2\/media\/6365"}],"wp:attachment":[{"href":"https:\/\/terraplaza.com\/magazin\/wp-json\/wp\/v2\/media?parent=6353"}],"wp:term":[{"taxonomy":"category","embeddable":true,"href":"https:\/\/terraplaza.com\/magazin\/wp-json\/wp\/v2\/categories?post=6353"},{"taxonomy":"post_tag","embeddable":true,"href":"https:\/\/terraplaza.com\/magazin\/wp-json\/wp\/v2\/tags?post=6353"}],"curies":[{"name":"wp","href":"https:\/\/api.w.org\/{rel}","templated":true}]}}