{"id":6382,"date":"2025-03-26T18:00:00","date_gmt":"2025-03-26T17:00:00","guid":{"rendered":"https:\/\/terraplaza.com\/magazin\/?p=6382"},"modified":"2025-03-26T19:47:20","modified_gmt":"2025-03-26T18:47:20","slug":"eselytelen-hogy-megmarjon-egy-tarantula-ha-nem-provokalod","status":"publish","type":"post","link":"https:\/\/terraplaza.com\/magazin\/hu\/interju\/eselytelen-hogy-megmarjon-egy-tarantula-ha-nem-provokalod\/6382\/","title":{"rendered":"\u201eEs\u00e9lytelen, hogy megmarjon egy tarantula, ha nem provok\u00e1lod\u201d"},"content":{"rendered":"\n<p>Marko Petkovic, azaz The Dark Den tarantul\u00e1kr\u00f3l sz\u00f3l\u00f3 YouTube csatorn\u00e1j\u00e1r\u00f3l, illetve pr\u00e9mium min\u0151s\u00e9g\u0171 p\u00f3kterr\u00e1riumair\u00f3l ismert. A vil\u00e1g egzotikus exp\u00f3it sorra j\u00e1r\u00f3 Petko mes\u00e9lt nek\u00fcnk a h\u00edrn\u00e9vr\u0151l \u00e9s arr\u00f3l, hogy mi\u00e9rt k\u00fcl\u00f6nleges sz\u00e1m\u00e1ra a <a href=\"http:\/\/www.terraplaza.hu\">TerraPlaza<\/a> \u2013 \u00e9s el\u00e1rulta, szerinte melyek a legfurcs\u00e1bb \u00e1llatok.<\/p>\n\n\n\n<h3 class=\"wp-block-heading\"><strong>Els\u0151sorban \u00edzeltl\u00e1b\u00faakkal, \u00e9s k\u00fcl\u00f6n\u00f6sen mad\u00e1rp\u00f3kokkal foglalkozol. Hogyan alakul ki egy ilyen \u201eszerelem\u201d, \u00e9s mi volt az \u00e1tt\u00f6r\u00e9s, amikor a hobbib\u00f3l hivat\u00e1s \u00e9s meg\u00e9lhet\u00e9s lett?<\/strong><\/h3>\n\n\n\n<p>Gyerekkorom \u00f3ta leny\u0171g\u00f6znek a p\u00f3kok. Sok id\u0151t t\u00f6lt\u00f6ttem a helyi keresztesp\u00f3kok befog\u00e1s\u00e1val, de sok\u00e1ig csak \u00e1lmodoztam arr\u00f3l a t\u00e9nyr\u0151l, hogy a dzsungelben hatalmas p\u00f3kok, \u00fagynevezett tarantul\u00e1k \u00e9lnek. \u00dagyhogy k\u00e9s\u0151bb szereztem magamnak egy tarantul\u00e1t, \u00e9s ezzel p\u00e1rhuzamosan elind\u00edtottam egy YouTube csatorn\u00e1t, amely err\u0151l a kalandomr\u00f3l sz\u00f3l, azzal az \u00f6tlettel, hogy seg\u00edtsek m\u00e1soknak, akik szint\u00e9n szeretn\u00e9k megszerezni az els\u0151 tarantul\u00e1jukat. Sosem gondoltam volna, hogy ez od\u00e1ig fejl\u0151dik, hogy ez lett a meg\u00e9lhet\u00e9sem, de nagyon h\u00e1l\u00e1s vagyok \u00e9rte.<\/p>\n\n\n\n<h2 class=\"wp-block-heading\">Mi\u00e9rt pont a <a href=\"https:\/\/terraplaza.com\/magazin\/hu\/izeltlabuak-hu\/pokszabasuak-hu\/madarpokok-hu\/theraphosa-blondi-a-madarpokok-oriasa\/4955\/\">mad\u00e1rp\u00f3kok <\/a>ny\u0171g\u00f6ztek le, mit l\u00e1tt\u00e1l meg benn\u00fck?<\/h2>\n\n\n\n<p>A p\u00f3kok az\u00e9rt voltak igaz\u00e1n \u00e9rdekesek sz\u00e1momra, mert az emberek \u00e1ltal\u00e1ban f\u00e9lnek t\u0151l\u00fck, \u00e9s tudom, hogy mi\u00e9rt. Gyerekkoromban volt egy enciklop\u00e9di\u00e1m, amiben egy tarantula, egy hatalmas sz\u0151r\u00f6s p\u00f3k le\u00edr\u00e1sa volt. Ez 30 \u00e9vvel ezel\u0151tt volt, az internet \u00e9s az inform\u00e1ci\u00f3khoz val\u00f3 k\u00f6nny\u0171 hozz\u00e1f\u00e9r\u00e9s el\u0151tt, \u00edgy a tarantul\u00e1k rejt\u00e9lyesek voltak sz\u00e1momra, \u00e9s ez rendk\u00edv\u00fcl \u00e1mulatba ejtett.<\/p>\n\n\n\n<figure class=\"wp-block-image size-large\"><img fetchpriority=\"high\" decoding=\"async\" width=\"1024\" height=\"769\" src=\"https:\/\/terraplaza.com\/magazin\/wp-content\/uploads\/2025\/03\/Xenesthis-sp.-white-1024x769.jpg\" alt=\"\" class=\"wp-image-6394\" srcset=\"https:\/\/terraplaza.com\/magazin\/wp-content\/uploads\/2025\/03\/Xenesthis-sp.-white-1024x769.jpg 1024w, https:\/\/terraplaza.com\/magazin\/wp-content\/uploads\/2025\/03\/Xenesthis-sp.-white-300x225.jpg 300w, https:\/\/terraplaza.com\/magazin\/wp-content\/uploads\/2025\/03\/Xenesthis-sp.-white-768x577.jpg 768w, https:\/\/terraplaza.com\/magazin\/wp-content\/uploads\/2025\/03\/Xenesthis-sp.-white-1536x1153.jpg 1536w, https:\/\/terraplaza.com\/magazin\/wp-content\/uploads\/2025\/03\/Xenesthis-sp.-white-2048x1537.jpg 2048w, https:\/\/terraplaza.com\/magazin\/wp-content\/uploads\/2025\/03\/Xenesthis-sp.-white-150x113.jpg 150w, https:\/\/terraplaza.com\/magazin\/wp-content\/uploads\/2025\/03\/Xenesthis-sp.-white-450x338.jpg 450w, https:\/\/terraplaza.com\/magazin\/wp-content\/uploads\/2025\/03\/Xenesthis-sp.-white-1200x901.jpg 1200w\" sizes=\"(max-width: 1024px) 100vw, 1024px\" \/><figcaption class=\"wp-element-caption\">The Dark Den egyik saj\u00e1t tarantul\u00e1ja (Xenesthis sp. white)<\/figcaption><\/figure>\n\n\n\n<h3 class=\"wp-block-heading\"><strong>A szem\u00e9lyes m\u00e1rk\u00e1ddal (&#8222;The Dark Den<\/strong>&#8222;) <strong>\u00e9s az egyedi p\u00f3kterr\u00e1riumaiddal mondhatni vil\u00e1gh\u00edr\u0171 vagy ebben a szubkult\u00far\u00e1ban. Mit jelent ez a mindennapi \u00e9letben, azaz milyen el\u0151nyei \u00e9s h\u00e1tr\u00e1nyai vannak a h\u00edrnevednek?<\/strong><\/h3>\n\n\n\n<p>A \u201eh\u00edrnevem\u201d val\u00f3j\u00e1ban igencsak szelekt\u00edv. Val\u00f3 igaz, hogy ha elmegyek egy ki\u00e1ll\u00edt\u00e1sra, ahol sok tarantula-tart\u00f3 van, az emberek felismernek, k\u00e9rdez\u0151sk\u00f6dnek \u00e9s f\u00e9nyk\u00e9peznek, de ez csak az adott helysz\u00ednen van \u00edgy. Az Egyes\u00fclt Kir\u00e1lys\u00e1gban \u00e9s az Egyes\u00fclt \u00c1llamokban gyakorlatilag az eg\u00e9sz exp\u00f3n t\u00f6lt\u00f6tt id\u0151met a r\u00e1m v\u00e1r\u00f3 emberek sora el\u0151tt t\u00f6lt\u00f6m, ami sz\u00fcrre\u00e1lis \u00e9lm\u00e9ny. De mindenhol m\u00e1shol csak egy random ember vagyok, akit senki sem ismer. A h\u00e9tk\u00f6znapi \u00e9letem ugyanolyan, mint b\u00e1rki m\u00e1s\u00e9.<\/p>\n\n\n\n<h3 class=\"wp-block-heading\"><strong>T\u00f6bb mint 630 000 k\u00f6vet\u0151d van The Dark Den<\/strong> n\u00e9ven<strong> a <a href=\"https:\/\/www.youtube.com\/c\/TheDarkDen\/featuredv\">YouTube-on<\/a>: mit gondolsz, mi seg\u00edtett neked el\u00e9rni ezt a n\u00e9pszer\u0171s\u00e9get? Hiszen az internetet ma m\u00e1r el\u00e1rasztott\u00e1k az \u00f6njel\u00f6lt tartalomk\u00e9sz\u00edt\u0151k, \u00e9s egyre nehezebb kit\u0171nni a t\u00f6megb\u0151l.<\/strong><\/h3>\n\n\n\n<p>Azt mondan\u00e1m, hogy az id\u0151z\u00edt\u00e9s. Amikor elkezdtem ezt az eg\u00e9szet, m\u00e9g nem igaz\u00e1n voltak j\u00f3l elk\u00e9sz\u00edtett vide\u00f3k a tarantul\u00e1kr\u00f3l. Sokkal jobb vide\u00f3- \u00e9s hangmin\u0151s\u00e9get biztos\u00edtottam, mint a t\u00f6bbiek, \u00e9s emellett heti k\u00e9t, majd k\u00e9s\u0151bb h\u00e1rom vide\u00f3t t\u00f6lt\u00f6ttem fel fix \u00fctemez\u00e9ssel. M\u00e1ra az eg\u00e9sz m\u0171faj megv\u00e1ltozott, \u00e9s sokkal nehezebb kit\u0171nni a t\u00f6megb\u0151l.<\/p>\n\n\n\n<h3 class=\"wp-block-heading\"><strong>Mi volt a legmeghat\u00f3bb b\u00f3k, amit valaha is kapt\u00e1l egy rajong\u00f3t\u00f3l?<\/strong><\/h3>\n\n\n\n<p>Neh\u00e9z csak egyet kiemelni, de a legnagyobb b\u00f3k, amit gyakran hallok, hogy a vide\u00f3im miatt vesz\u00edtettem el a p\u00f3kokt\u00f3l val\u00f3 f\u00e9lelmemet. \u00c9s nem csak elvesz\u00edtik, hanem gyakran \u00e9rdekl\u0151d\u00e9st \u00e9s szenved\u00e9lyt \u00e9bresztenek ir\u00e1ntuk!<\/p>\n\n\n\n<h3 class=\"wp-block-heading\"><strong>N\u00e9h\u00e1ny \u00e9ve j\u00e1rsz a budapesti TerraPlaz\u00e1ra, 2021 \u00f3ta pedig \u00e9vente t\u00f6bbsz\u00f6r is ki\u00e1ll\u00edt\u00f3k\u00e9nt veszel r\u00e9szt az exp\u00f3n. Mik a tapasztalataid a magyar k\u00f6z\u00f6ns\u00e9gr\u0151l? Mit gondolsz, miben k\u00fcl\u00f6nb\u00f6zik a <a href=\"http:\/\/www.terraplaza.com\">TerraPlaza<\/a> m\u00e1s hasonl\u00f3 v\u00e1s\u00e1rokt\u00f3l?<\/strong><\/h3>\n\n\n\n<p>Nem vagyok annyira ismert a magyar k\u00f6z\u00f6ns\u00e9g k\u00f6r\u00e9ben, \u00e9s azt vettem \u00e9szre, hogy sokan nem besz\u00e9lnek angolul, emiatt \u00e1ltal\u00e1ban \u00e9rezhet\u0151en kevesebbet adok el, mint m\u00e1s hasonl\u00f3 m\u00e9ret\u0171 ki\u00e1ll\u00edt\u00e1sokon. De a sz\u00edvemben k\u00fcl\u00f6nleges helyet foglal el a TerraPlaza, mert ez volt az els\u0151 egzotikus \u00e1llat-expo, amit megl\u00e1togattam, \u00fagyhogy nosztalgikus eml\u00e9keket id\u00e9z!<\/p>\n\n\n\n<figure class=\"wp-block-image size-large\"><img decoding=\"async\" width=\"1024\" height=\"715\" src=\"https:\/\/terraplaza.com\/magazin\/wp-content\/uploads\/2025\/03\/PXL_20240623_081008060-1024x715.jpg\" alt=\"\" class=\"wp-image-6395\" srcset=\"https:\/\/terraplaza.com\/magazin\/wp-content\/uploads\/2025\/03\/PXL_20240623_081008060-1024x715.jpg 1024w, https:\/\/terraplaza.com\/magazin\/wp-content\/uploads\/2025\/03\/PXL_20240623_081008060-300x210.jpg 300w, https:\/\/terraplaza.com\/magazin\/wp-content\/uploads\/2025\/03\/PXL_20240623_081008060-768x536.jpg 768w, https:\/\/terraplaza.com\/magazin\/wp-content\/uploads\/2025\/03\/PXL_20240623_081008060-1536x1073.jpg 1536w, https:\/\/terraplaza.com\/magazin\/wp-content\/uploads\/2025\/03\/PXL_20240623_081008060-2048x1430.jpg 2048w, https:\/\/terraplaza.com\/magazin\/wp-content\/uploads\/2025\/03\/PXL_20240623_081008060-150x105.jpg 150w, https:\/\/terraplaza.com\/magazin\/wp-content\/uploads\/2025\/03\/PXL_20240623_081008060-450x314.jpg 450w, https:\/\/terraplaza.com\/magazin\/wp-content\/uploads\/2025\/03\/PXL_20240623_081008060-1200x838.jpg 1200w\" sizes=\"(max-width: 1024px) 100vw, 1024px\" \/><figcaption class=\"wp-element-caption\">The Dark Den a TerraPlaz\u00e1n<\/figcaption><\/figure>\n\n\n\n<h3 class=\"wp-block-heading\"><strong>Milyen gyakorlati tan\u00e1csot tudn\u00e1l adni azoknak, akik f\u00e9lnek att\u00f3l, hogy megmarja \u0151ket egy p\u00f3k? Azaz hogyan ker\u00fclhetik el a t\u00e1mad\u00e1st, \u00e9s ha m\u00e1r megcs\u00edpte \u0151ket, mit tegyenek vagy mit ne tegyenek?<\/strong><\/h3>\n\n\n\n<p>Alapvet\u0151en es\u00e9lytelen, hogy megmarjon egy tarantula, ha nem provok\u00e1lod, vagy nem pr\u00f3b\u00e1lod k\u00e9zbe venni. B\u00e1r a tarantul\u00e1kat megfelel\u0151 k\u00f6r\u00fclm\u00e9nyek k\u00f6z\u00f6tt lehet k\u00e9zben tartani, \u0151k els\u0151sorban megfigyel\u00e9sre alkalmas h\u00e1zi\u00e1llatok, \u00e9s t\u00e9nyleg nincs okunk arra, hogy az ujjainkat valaha is a k\u00f6zel\u00fckbe tegy\u00fck. Ha betartod ezt az egyszer\u0171 szab\u00e1lyt, soha nem fognak megcs\u00edpni!<\/p>\n\n\n\n<figure class=\"wp-block-image size-large\"><img decoding=\"async\" width=\"1024\" height=\"768\" src=\"https:\/\/terraplaza.com\/magazin\/wp-content\/uploads\/2025\/03\/Poecilotheria-ornata-ELVIRA-1024x768.jpg\" alt=\"\" class=\"wp-image-6396\" srcset=\"https:\/\/terraplaza.com\/magazin\/wp-content\/uploads\/2025\/03\/Poecilotheria-ornata-ELVIRA-1024x768.jpg 1024w, https:\/\/terraplaza.com\/magazin\/wp-content\/uploads\/2025\/03\/Poecilotheria-ornata-ELVIRA-300x225.jpg 300w, https:\/\/terraplaza.com\/magazin\/wp-content\/uploads\/2025\/03\/Poecilotheria-ornata-ELVIRA-768x576.jpg 768w, https:\/\/terraplaza.com\/magazin\/wp-content\/uploads\/2025\/03\/Poecilotheria-ornata-ELVIRA-1536x1152.jpg 1536w, https:\/\/terraplaza.com\/magazin\/wp-content\/uploads\/2025\/03\/Poecilotheria-ornata-ELVIRA-2048x1536.jpg 2048w, https:\/\/terraplaza.com\/magazin\/wp-content\/uploads\/2025\/03\/Poecilotheria-ornata-ELVIRA-150x113.jpg 150w, https:\/\/terraplaza.com\/magazin\/wp-content\/uploads\/2025\/03\/Poecilotheria-ornata-ELVIRA-450x338.jpg 450w, https:\/\/terraplaza.com\/magazin\/wp-content\/uploads\/2025\/03\/Poecilotheria-ornata-ELVIRA-1200x900.jpg 1200w\" sizes=\"(max-width: 1024px) 100vw, 1024px\" \/><figcaption class=\"wp-element-caption\">The Dark Den egyik k\u00fcl\u00f6nleges nyolcl\u00e1b\u00faja (Poecilotheria ornata elvira)<\/figcaption><\/figure>\n\n\n\n<h3 class=\"wp-block-heading\"><strong>Melyek a legfurcs\u00e1bb \u00e1llatok, amelyeket valaha is tartott\u00e1l, \u00e9s szerinted mi\u00e9rt k\u00fcl\u00f6nlegesek?<\/strong><\/h3>\n\n\n\n<p>Egy\u00e9rtelm\u0171en az <a href=\"https:\/\/terraplaza.com\/magazin\/hu\/erdekessegek-hu\/ostorlabuak\/6027\/\">ostorl\u00e1b\u00faak<\/a>: f\u00f6ld\u00f6nk\u00edv\u00fcli l\u00e9nynek n\u00e9znek ki, \u00e9s vesz\u00e9lyesnek t\u0171nnek, de teljesen \u00e1rtalmatlanok!<br><\/p>\n\n\n\n<figure class=\"wp-block-embed is-type-video is-provider-youtube wp-block-embed-youtube wp-embed-aspect-16-9 wp-has-aspect-ratio\"><div class=\"wp-block-embed__wrapper\">\n<iframe title=\"FEEDING THE DEVIL | Spiders and Centipede\" width=\"788\" height=\"443\" src=\"https:\/\/www.youtube.com\/embed\/h6jDiSFoeXI?start=390&#038;feature=oembed\" frameborder=\"0\" allow=\"accelerometer; autoplay; clipboard-write; encrypted-media; gyroscope; picture-in-picture; web-share\" referrerpolicy=\"strict-origin-when-cross-origin\" allowfullscreen><\/iframe>\n<\/div><figcaption class=\"wp-element-caption\">The Dark Den legn\u00e9pszer\u0171bb YouTube vide\u00f3ja, amelyet eddig 13 milli\u00f3an l\u00e1ttak<\/figcaption><\/figure>\n\n\n\n<figure class=\"wp-block-image size-large\"><img loading=\"lazy\" decoding=\"async\" width=\"1024\" height=\"576\" src=\"https:\/\/terraplaza.com\/magazin\/wp-content\/uploads\/2025\/03\/PXL_20220306_102436782.PORTRAIT-1024x576.jpg\" alt=\"\" class=\"wp-image-6397\" srcset=\"https:\/\/terraplaza.com\/magazin\/wp-content\/uploads\/2025\/03\/PXL_20220306_102436782.PORTRAIT-1024x576.jpg 1024w, https:\/\/terraplaza.com\/magazin\/wp-content\/uploads\/2025\/03\/PXL_20220306_102436782.PORTRAIT-300x169.jpg 300w, https:\/\/terraplaza.com\/magazin\/wp-content\/uploads\/2025\/03\/PXL_20220306_102436782.PORTRAIT-768x432.jpg 768w, https:\/\/terraplaza.com\/magazin\/wp-content\/uploads\/2025\/03\/PXL_20220306_102436782.PORTRAIT-1536x864.jpg 1536w, https:\/\/terraplaza.com\/magazin\/wp-content\/uploads\/2025\/03\/PXL_20220306_102436782.PORTRAIT-2048x1152.jpg 2048w, https:\/\/terraplaza.com\/magazin\/wp-content\/uploads\/2025\/03\/PXL_20220306_102436782.PORTRAIT-150x84.jpg 150w, https:\/\/terraplaza.com\/magazin\/wp-content\/uploads\/2025\/03\/PXL_20220306_102436782.PORTRAIT-450x253.jpg 450w, https:\/\/terraplaza.com\/magazin\/wp-content\/uploads\/2025\/03\/PXL_20220306_102436782.PORTRAIT-1200x675.jpg 1200w\" sizes=\"(max-width: 1024px) 100vw, 1024px\" \/><figcaption class=\"wp-element-caption\">The Dark Den, azaz Petko a saj\u00e1tm\u00e1rk\u00e1s p\u00f3l\u00f3j\u00e1ban<\/figcaption><\/figure>\n\n\n\n<p><\/p>\n","protected":false},"excerpt":{"rendered":"<p>Marko Petkovic, azaz The Dark Den tarantul\u00e1kr\u00f3l sz\u00f3l\u00f3 YouTube csatorn\u00e1j\u00e1r\u00f3l, illetve pr\u00e9mium min\u0151s\u00e9g\u0171 p\u00f3kterr\u00e1riumair\u00f3l ismert. A vil\u00e1g egzotikus exp\u00f3it sorra j\u00e1r\u00f3 Petko mes\u00e9lt nek\u00fcnk a h\u00edrn\u00e9vr\u0151l \u00e9s arr\u00f3l, hogy mi\u00e9rt k\u00fcl\u00f6nleges sz\u00e1m\u00e1ra a TerraPlaza \u2013 \u00e9s el\u00e1rulta, szerinte melyek a legfurcs\u00e1bb \u00e1llatok. Els\u0151sorban \u00edzeltl\u00e1b\u00faakkal, \u00e9s k\u00fcl\u00f6n\u00f6sen mad\u00e1rp\u00f3kokkal foglalkozol. Hogyan alakul ki egy ilyen \u201eszerelem\u201d, \u00e9s<\/p>\n","protected":false},"author":14,"featured_media":6393,"comment_status":"closed","ping_status":"open","sticky":false,"template":"","format":"standard","meta":{"footnotes":""},"categories":[985,283,42],"tags":[126,1490,1492,1461,1488],"class_list":{"0":"post-6382","1":"post","2":"type-post","3":"status-publish","4":"format-standard","5":"has-post-thumbnail","7":"category-interju","8":"category-kategoria-nelkuli-hu","9":"category-madarpokok-hu-hu","10":"tag-madarpok-hu","11":"tag-marko-petkovic","12":"tag-tarantula","13":"tag-terrariumkeszites","14":"tag-the-dark-den"},"yoast_head":"<!-- This site is optimized with the Yoast SEO plugin v27.2 - https:\/\/yoast.com\/product\/yoast-seo-wordpress\/ -->\n<title>The Dark Den: sosem mar meg egy tarantula, ha nem provok\u00e1lod<\/title>\n<meta name=\"description\" content=\"Exkluz\u00edv interj\u00fa: Marko Petkovic (The Dark Den) a tarantul\u00e1kr\u00f3l sz\u00f3l\u00f3 YouTube csatorn\u00e1j\u00e1r\u00f3l, illetve p\u00f3kterr\u00e1riumair\u00f3l ismert.\" \/>\n<meta name=\"robots\" content=\"index, follow, max-snippet:-1, max-image-preview:large, max-video-preview:-1\" \/>\n<link rel=\"canonical\" href=\"https:\/\/terraplaza.com\/magazin\/hu\/interju\/eselytelen-hogy-megmarjon-egy-tarantula-ha-nem-provokalod\/6382\/\" \/>\n<meta property=\"og:locale\" content=\"hu_HU\" \/>\n<meta property=\"og:type\" content=\"article\" \/>\n<meta property=\"og:title\" content=\"The Dark Den: sosem mar meg egy tarantula, ha nem provok\u00e1lod\" \/>\n<meta property=\"og:description\" content=\"Exkluz\u00edv interj\u00fa: Marko Petkovic (The Dark Den) a tarantul\u00e1kr\u00f3l sz\u00f3l\u00f3 YouTube csatorn\u00e1j\u00e1r\u00f3l, illetve p\u00f3kterr\u00e1riumair\u00f3l ismert.\" \/>\n<meta property=\"og:url\" content=\"https:\/\/terraplaza.com\/magazin\/hu\/interju\/eselytelen-hogy-megmarjon-egy-tarantula-ha-nem-provokalod\/6382\/\" \/>\n<meta property=\"og:site_name\" content=\"TerraPlaza magazin\" \/>\n<meta property=\"article:publisher\" content=\"https:\/\/www.facebook.com\/terraplaza\" \/>\n<meta property=\"article:published_time\" content=\"2025-03-26T17:00:00+00:00\" \/>\n<meta property=\"article:modified_time\" content=\"2025-03-26T18:47:20+00:00\" \/>\n<meta property=\"og:image\" content=\"https:\/\/terraplaza.com\/magazin\/wp-content\/uploads\/2025\/03\/PXL_20211209_174238819.PANO_-scaled.jpg\" \/>\n\t<meta property=\"og:image:width\" content=\"2560\" \/>\n\t<meta property=\"og:image:height\" content=\"1280\" \/>\n\t<meta property=\"og:image:type\" content=\"image\/jpeg\" \/>\n<meta name=\"author\" content=\"T\u00f3th No\u00e9mi\" \/>\n<meta name=\"twitter:card\" content=\"summary_large_image\" \/>\n<meta name=\"twitter:label1\" content=\"Szerz\u0151:\" \/>\n\t<meta name=\"twitter:data1\" content=\"T\u00f3th No\u00e9mi\" \/>\n\t<meta name=\"twitter:label2\" content=\"Becs\u00fclt olvas\u00e1si id\u0151\" \/>\n\t<meta name=\"twitter:data2\" content=\"5 perc\" \/>\n<script type=\"application\/ld+json\" class=\"yoast-schema-graph\">{\"@context\":\"https:\/\/schema.org\",\"@graph\":[{\"@type\":\"Article\",\"@id\":\"https:\/\/terraplaza.com\/magazin\/hu\/interju\/eselytelen-hogy-megmarjon-egy-tarantula-ha-nem-provokalod\/6382\/#article\",\"isPartOf\":{\"@id\":\"https:\/\/terraplaza.com\/magazin\/hu\/interju\/eselytelen-hogy-megmarjon-egy-tarantula-ha-nem-provokalod\/6382\/\"},\"author\":{\"name\":\"T\u00f3th No\u00e9mi\",\"@id\":\"https:\/\/terraplaza.com\/magazin\/#\/schema\/person\/6ad9db1e818664bf7cf5d2773e6242d2\"},\"headline\":\"\u201eEs\u00e9lytelen, hogy megmarjon egy tarantula, ha nem provok\u00e1lod\u201d\",\"datePublished\":\"2025-03-26T17:00:00+00:00\",\"dateModified\":\"2025-03-26T18:47:20+00:00\",\"mainEntityOfPage\":{\"@id\":\"https:\/\/terraplaza.com\/magazin\/hu\/interju\/eselytelen-hogy-megmarjon-egy-tarantula-ha-nem-provokalod\/6382\/\"},\"wordCount\":1026,\"publisher\":{\"@id\":\"https:\/\/terraplaza.com\/magazin\/#organization\"},\"image\":{\"@id\":\"https:\/\/terraplaza.com\/magazin\/hu\/interju\/eselytelen-hogy-megmarjon-egy-tarantula-ha-nem-provokalod\/6382\/#primaryimage\"},\"thumbnailUrl\":\"https:\/\/terraplaza.com\/magazin\/wp-content\/uploads\/2025\/03\/PXL_20211209_174238819.PANO_-scaled.jpg\",\"keywords\":[\"Mad\u00e1rp\u00f3k\",\"Marko Petkovic\",\"tarantula\",\"terr\u00e1riumk\u00e9sz\u00edt\u00e9s\",\"The Dark Den\"],\"articleSection\":[\"Interj\u00fa\",\"Kateg\u00f3ria n\u00e9lk\u00fcli\",\"Mad\u00e1rp\u00f3kok\"],\"inLanguage\":\"hu\"},{\"@type\":\"WebPage\",\"@id\":\"https:\/\/terraplaza.com\/magazin\/hu\/interju\/eselytelen-hogy-megmarjon-egy-tarantula-ha-nem-provokalod\/6382\/\",\"url\":\"https:\/\/terraplaza.com\/magazin\/hu\/interju\/eselytelen-hogy-megmarjon-egy-tarantula-ha-nem-provokalod\/6382\/\",\"name\":\"The Dark Den: sosem mar meg egy tarantula, ha nem provok\u00e1lod\",\"isPartOf\":{\"@id\":\"https:\/\/terraplaza.com\/magazin\/#website\"},\"primaryImageOfPage\":{\"@id\":\"https:\/\/terraplaza.com\/magazin\/hu\/interju\/eselytelen-hogy-megmarjon-egy-tarantula-ha-nem-provokalod\/6382\/#primaryimage\"},\"image\":{\"@id\":\"https:\/\/terraplaza.com\/magazin\/hu\/interju\/eselytelen-hogy-megmarjon-egy-tarantula-ha-nem-provokalod\/6382\/#primaryimage\"},\"thumbnailUrl\":\"https:\/\/terraplaza.com\/magazin\/wp-content\/uploads\/2025\/03\/PXL_20211209_174238819.PANO_-scaled.jpg\",\"datePublished\":\"2025-03-26T17:00:00+00:00\",\"dateModified\":\"2025-03-26T18:47:20+00:00\",\"description\":\"Exkluz\u00edv interj\u00fa: Marko Petkovic (The Dark Den) a tarantul\u00e1kr\u00f3l sz\u00f3l\u00f3 YouTube csatorn\u00e1j\u00e1r\u00f3l, illetve p\u00f3kterr\u00e1riumair\u00f3l ismert.\",\"breadcrumb\":{\"@id\":\"https:\/\/terraplaza.com\/magazin\/hu\/interju\/eselytelen-hogy-megmarjon-egy-tarantula-ha-nem-provokalod\/6382\/#breadcrumb\"},\"inLanguage\":\"hu\",\"potentialAction\":[{\"@type\":\"ReadAction\",\"target\":[\"https:\/\/terraplaza.com\/magazin\/hu\/interju\/eselytelen-hogy-megmarjon-egy-tarantula-ha-nem-provokalod\/6382\/\"]}]},{\"@type\":\"ImageObject\",\"inLanguage\":\"hu\",\"@id\":\"https:\/\/terraplaza.com\/magazin\/hu\/interju\/eselytelen-hogy-megmarjon-egy-tarantula-ha-nem-provokalod\/6382\/#primaryimage\",\"url\":\"https:\/\/terraplaza.com\/magazin\/wp-content\/uploads\/2025\/03\/PXL_20211209_174238819.PANO_-scaled.jpg\",\"contentUrl\":\"https:\/\/terraplaza.com\/magazin\/wp-content\/uploads\/2025\/03\/PXL_20211209_174238819.PANO_-scaled.jpg\",\"width\":2560,\"height\":1280},{\"@type\":\"BreadcrumbList\",\"@id\":\"https:\/\/terraplaza.com\/magazin\/hu\/interju\/eselytelen-hogy-megmarjon-egy-tarantula-ha-nem-provokalod\/6382\/#breadcrumb\",\"itemListElement\":[{\"@type\":\"ListItem\",\"position\":1,\"name\":\"Kezd\u0151lap\",\"item\":\"https:\/\/terraplaza.com\/magazin\/hu\/\"},{\"@type\":\"ListItem\",\"position\":2,\"name\":\"\u201eEs\u00e9lytelen, hogy megmarjon egy tarantula, ha nem provok\u00e1lod\u201d\"}]},{\"@type\":\"WebSite\",\"@id\":\"https:\/\/terraplaza.com\/magazin\/#website\",\"url\":\"https:\/\/terraplaza.com\/magazin\/\",\"name\":\"TerraPlaza magazin\",\"description\":\"Term\u00e9szet szeretet \u00e9s felel\u0151s \u00e1llattart\u00e1s naprak\u00e9sz inform\u00e1ci\u00f3kkal \u2013 terrarisztika \u00e9s akvarisztika szakport\u00e1l. Hogy kedvenceidnek min\u00e9l boldogabb \u00e9lete legyen.\",\"publisher\":{\"@id\":\"https:\/\/terraplaza.com\/magazin\/#organization\"},\"alternateName\":\"terrarisztikai szakport\u00e1l\",\"potentialAction\":[{\"@type\":\"SearchAction\",\"target\":{\"@type\":\"EntryPoint\",\"urlTemplate\":\"https:\/\/terraplaza.com\/magazin\/?s={search_term_string}\"},\"query-input\":{\"@type\":\"PropertyValueSpecification\",\"valueRequired\":true,\"valueName\":\"search_term_string\"}}],\"inLanguage\":\"hu\"},{\"@type\":\"Organization\",\"@id\":\"https:\/\/terraplaza.com\/magazin\/#organization\",\"name\":\"TerraPlaza\",\"url\":\"https:\/\/terraplaza.com\/magazin\/\",\"logo\":{\"@type\":\"ImageObject\",\"inLanguage\":\"hu\",\"@id\":\"https:\/\/terraplaza.com\/magazin\/#\/schema\/logo\/image\/\",\"url\":\"https:\/\/terraplaza.com\/magazin\/wp-content\/uploads\/2023\/07\/Kepernyofoto-2023-07-24-18.20.04.png\",\"contentUrl\":\"https:\/\/terraplaza.com\/magazin\/wp-content\/uploads\/2023\/07\/Kepernyofoto-2023-07-24-18.20.04.png\",\"width\":1502,\"height\":382,\"caption\":\"TerraPlaza\"},\"image\":{\"@id\":\"https:\/\/terraplaza.com\/magazin\/#\/schema\/logo\/image\/\"},\"sameAs\":[\"https:\/\/www.facebook.com\/terraplaza\"]},{\"@type\":\"Person\",\"@id\":\"https:\/\/terraplaza.com\/magazin\/#\/schema\/person\/6ad9db1e818664bf7cf5d2773e6242d2\",\"name\":\"T\u00f3th No\u00e9mi\",\"image\":{\"@type\":\"ImageObject\",\"inLanguage\":\"hu\",\"@id\":\"https:\/\/terraplaza.com\/magazin\/wp-content\/uploads\/2024\/05\/384788093_10212242853061750_1634389912752719707_n-2-150x150.jpg\",\"url\":\"https:\/\/terraplaza.com\/magazin\/wp-content\/uploads\/2024\/05\/384788093_10212242853061750_1634389912752719707_n-2-150x150.jpg\",\"contentUrl\":\"https:\/\/terraplaza.com\/magazin\/wp-content\/uploads\/2024\/05\/384788093_10212242853061750_1634389912752719707_n-2-150x150.jpg\",\"caption\":\"T\u00f3th No\u00e9mi\"},\"description\":\"\u00dajs\u00e1g\u00edr\u00f3, kreat\u00edv sz\u00f6veg\u00edr\u00f3\",\"url\":\"https:\/\/terraplaza.com\/magazin\/author\/noemi\/\"}]}<\/script>\n<!-- \/ Yoast SEO plugin. -->","yoast_head_json":{"title":"The Dark Den: sosem mar meg egy tarantula, ha nem provok\u00e1lod","description":"Exkluz\u00edv interj\u00fa: Marko Petkovic (The Dark Den) a tarantul\u00e1kr\u00f3l sz\u00f3l\u00f3 YouTube csatorn\u00e1j\u00e1r\u00f3l, illetve p\u00f3kterr\u00e1riumair\u00f3l ismert.","robots":{"index":"index","follow":"follow","max-snippet":"max-snippet:-1","max-image-preview":"max-image-preview:large","max-video-preview":"max-video-preview:-1"},"canonical":"https:\/\/terraplaza.com\/magazin\/hu\/interju\/eselytelen-hogy-megmarjon-egy-tarantula-ha-nem-provokalod\/6382\/","og_locale":"hu_HU","og_type":"article","og_title":"The Dark Den: sosem mar meg egy tarantula, ha nem provok\u00e1lod","og_description":"Exkluz\u00edv interj\u00fa: Marko Petkovic (The Dark Den) a tarantul\u00e1kr\u00f3l sz\u00f3l\u00f3 YouTube csatorn\u00e1j\u00e1r\u00f3l, illetve p\u00f3kterr\u00e1riumair\u00f3l ismert.","og_url":"https:\/\/terraplaza.com\/magazin\/hu\/interju\/eselytelen-hogy-megmarjon-egy-tarantula-ha-nem-provokalod\/6382\/","og_site_name":"TerraPlaza magazin","article_publisher":"https:\/\/www.facebook.com\/terraplaza","article_published_time":"2025-03-26T17:00:00+00:00","article_modified_time":"2025-03-26T18:47:20+00:00","og_image":[{"width":2560,"height":1280,"url":"https:\/\/terraplaza.com\/magazin\/wp-content\/uploads\/2025\/03\/PXL_20211209_174238819.PANO_-scaled.jpg","type":"image\/jpeg"}],"author":"T\u00f3th No\u00e9mi","twitter_card":"summary_large_image","twitter_misc":{"Szerz\u0151:":"T\u00f3th No\u00e9mi","Becs\u00fclt olvas\u00e1si id\u0151":"5 perc"},"schema":{"@context":"https:\/\/schema.org","@graph":[{"@type":"Article","@id":"https:\/\/terraplaza.com\/magazin\/hu\/interju\/eselytelen-hogy-megmarjon-egy-tarantula-ha-nem-provokalod\/6382\/#article","isPartOf":{"@id":"https:\/\/terraplaza.com\/magazin\/hu\/interju\/eselytelen-hogy-megmarjon-egy-tarantula-ha-nem-provokalod\/6382\/"},"author":{"name":"T\u00f3th No\u00e9mi","@id":"https:\/\/terraplaza.com\/magazin\/#\/schema\/person\/6ad9db1e818664bf7cf5d2773e6242d2"},"headline":"\u201eEs\u00e9lytelen, hogy megmarjon egy tarantula, ha nem provok\u00e1lod\u201d","datePublished":"2025-03-26T17:00:00+00:00","dateModified":"2025-03-26T18:47:20+00:00","mainEntityOfPage":{"@id":"https:\/\/terraplaza.com\/magazin\/hu\/interju\/eselytelen-hogy-megmarjon-egy-tarantula-ha-nem-provokalod\/6382\/"},"wordCount":1026,"publisher":{"@id":"https:\/\/terraplaza.com\/magazin\/#organization"},"image":{"@id":"https:\/\/terraplaza.com\/magazin\/hu\/interju\/eselytelen-hogy-megmarjon-egy-tarantula-ha-nem-provokalod\/6382\/#primaryimage"},"thumbnailUrl":"https:\/\/terraplaza.com\/magazin\/wp-content\/uploads\/2025\/03\/PXL_20211209_174238819.PANO_-scaled.jpg","keywords":["Mad\u00e1rp\u00f3k","Marko Petkovic","tarantula","terr\u00e1riumk\u00e9sz\u00edt\u00e9s","The Dark Den"],"articleSection":["Interj\u00fa","Kateg\u00f3ria n\u00e9lk\u00fcli","Mad\u00e1rp\u00f3kok"],"inLanguage":"hu"},{"@type":"WebPage","@id":"https:\/\/terraplaza.com\/magazin\/hu\/interju\/eselytelen-hogy-megmarjon-egy-tarantula-ha-nem-provokalod\/6382\/","url":"https:\/\/terraplaza.com\/magazin\/hu\/interju\/eselytelen-hogy-megmarjon-egy-tarantula-ha-nem-provokalod\/6382\/","name":"The Dark Den: sosem mar meg egy tarantula, ha nem provok\u00e1lod","isPartOf":{"@id":"https:\/\/terraplaza.com\/magazin\/#website"},"primaryImageOfPage":{"@id":"https:\/\/terraplaza.com\/magazin\/hu\/interju\/eselytelen-hogy-megmarjon-egy-tarantula-ha-nem-provokalod\/6382\/#primaryimage"},"image":{"@id":"https:\/\/terraplaza.com\/magazin\/hu\/interju\/eselytelen-hogy-megmarjon-egy-tarantula-ha-nem-provokalod\/6382\/#primaryimage"},"thumbnailUrl":"https:\/\/terraplaza.com\/magazin\/wp-content\/uploads\/2025\/03\/PXL_20211209_174238819.PANO_-scaled.jpg","datePublished":"2025-03-26T17:00:00+00:00","dateModified":"2025-03-26T18:47:20+00:00","description":"Exkluz\u00edv interj\u00fa: Marko Petkovic (The Dark Den) a tarantul\u00e1kr\u00f3l sz\u00f3l\u00f3 YouTube csatorn\u00e1j\u00e1r\u00f3l, illetve p\u00f3kterr\u00e1riumair\u00f3l ismert.","breadcrumb":{"@id":"https:\/\/terraplaza.com\/magazin\/hu\/interju\/eselytelen-hogy-megmarjon-egy-tarantula-ha-nem-provokalod\/6382\/#breadcrumb"},"inLanguage":"hu","potentialAction":[{"@type":"ReadAction","target":["https:\/\/terraplaza.com\/magazin\/hu\/interju\/eselytelen-hogy-megmarjon-egy-tarantula-ha-nem-provokalod\/6382\/"]}]},{"@type":"ImageObject","inLanguage":"hu","@id":"https:\/\/terraplaza.com\/magazin\/hu\/interju\/eselytelen-hogy-megmarjon-egy-tarantula-ha-nem-provokalod\/6382\/#primaryimage","url":"https:\/\/terraplaza.com\/magazin\/wp-content\/uploads\/2025\/03\/PXL_20211209_174238819.PANO_-scaled.jpg","contentUrl":"https:\/\/terraplaza.com\/magazin\/wp-content\/uploads\/2025\/03\/PXL_20211209_174238819.PANO_-scaled.jpg","width":2560,"height":1280},{"@type":"BreadcrumbList","@id":"https:\/\/terraplaza.com\/magazin\/hu\/interju\/eselytelen-hogy-megmarjon-egy-tarantula-ha-nem-provokalod\/6382\/#breadcrumb","itemListElement":[{"@type":"ListItem","position":1,"name":"Kezd\u0151lap","item":"https:\/\/terraplaza.com\/magazin\/hu\/"},{"@type":"ListItem","position":2,"name":"\u201eEs\u00e9lytelen, hogy megmarjon egy tarantula, ha nem provok\u00e1lod\u201d"}]},{"@type":"WebSite","@id":"https:\/\/terraplaza.com\/magazin\/#website","url":"https:\/\/terraplaza.com\/magazin\/","name":"TerraPlaza magazin","description":"Term\u00e9szet szeretet \u00e9s felel\u0151s \u00e1llattart\u00e1s naprak\u00e9sz inform\u00e1ci\u00f3kkal \u2013 terrarisztika \u00e9s akvarisztika szakport\u00e1l. Hogy kedvenceidnek min\u00e9l boldogabb \u00e9lete legyen.","publisher":{"@id":"https:\/\/terraplaza.com\/magazin\/#organization"},"alternateName":"terrarisztikai szakport\u00e1l","potentialAction":[{"@type":"SearchAction","target":{"@type":"EntryPoint","urlTemplate":"https:\/\/terraplaza.com\/magazin\/?s={search_term_string}"},"query-input":{"@type":"PropertyValueSpecification","valueRequired":true,"valueName":"search_term_string"}}],"inLanguage":"hu"},{"@type":"Organization","@id":"https:\/\/terraplaza.com\/magazin\/#organization","name":"TerraPlaza","url":"https:\/\/terraplaza.com\/magazin\/","logo":{"@type":"ImageObject","inLanguage":"hu","@id":"https:\/\/terraplaza.com\/magazin\/#\/schema\/logo\/image\/","url":"https:\/\/terraplaza.com\/magazin\/wp-content\/uploads\/2023\/07\/Kepernyofoto-2023-07-24-18.20.04.png","contentUrl":"https:\/\/terraplaza.com\/magazin\/wp-content\/uploads\/2023\/07\/Kepernyofoto-2023-07-24-18.20.04.png","width":1502,"height":382,"caption":"TerraPlaza"},"image":{"@id":"https:\/\/terraplaza.com\/magazin\/#\/schema\/logo\/image\/"},"sameAs":["https:\/\/www.facebook.com\/terraplaza"]},{"@type":"Person","@id":"https:\/\/terraplaza.com\/magazin\/#\/schema\/person\/6ad9db1e818664bf7cf5d2773e6242d2","name":"T\u00f3th No\u00e9mi","image":{"@type":"ImageObject","inLanguage":"hu","@id":"https:\/\/terraplaza.com\/magazin\/wp-content\/uploads\/2024\/05\/384788093_10212242853061750_1634389912752719707_n-2-150x150.jpg","url":"https:\/\/terraplaza.com\/magazin\/wp-content\/uploads\/2024\/05\/384788093_10212242853061750_1634389912752719707_n-2-150x150.jpg","contentUrl":"https:\/\/terraplaza.com\/magazin\/wp-content\/uploads\/2024\/05\/384788093_10212242853061750_1634389912752719707_n-2-150x150.jpg","caption":"T\u00f3th No\u00e9mi"},"description":"\u00dajs\u00e1g\u00edr\u00f3, kreat\u00edv sz\u00f6veg\u00edr\u00f3","url":"https:\/\/terraplaza.com\/magazin\/author\/noemi\/"}]}},"views":3917,"_links":{"self":[{"href":"https:\/\/terraplaza.com\/magazin\/wp-json\/wp\/v2\/posts\/6382","targetHints":{"allow":["GET"]}}],"collection":[{"href":"https:\/\/terraplaza.com\/magazin\/wp-json\/wp\/v2\/posts"}],"about":[{"href":"https:\/\/terraplaza.com\/magazin\/wp-json\/wp\/v2\/types\/post"}],"author":[{"embeddable":true,"href":"https:\/\/terraplaza.com\/magazin\/wp-json\/wp\/v2\/users\/14"}],"replies":[{"embeddable":true,"href":"https:\/\/terraplaza.com\/magazin\/wp-json\/wp\/v2\/comments?post=6382"}],"version-history":[{"count":8,"href":"https:\/\/terraplaza.com\/magazin\/wp-json\/wp\/v2\/posts\/6382\/revisions"}],"predecessor-version":[{"id":6399,"href":"https:\/\/terraplaza.com\/magazin\/wp-json\/wp\/v2\/posts\/6382\/revisions\/6399"}],"wp:featuredmedia":[{"embeddable":true,"href":"https:\/\/terraplaza.com\/magazin\/wp-json\/wp\/v2\/media\/6393"}],"wp:attachment":[{"href":"https:\/\/terraplaza.com\/magazin\/wp-json\/wp\/v2\/media?parent=6382"}],"wp:term":[{"taxonomy":"category","embeddable":true,"href":"https:\/\/terraplaza.com\/magazin\/wp-json\/wp\/v2\/categories?post=6382"},{"taxonomy":"post_tag","embeddable":true,"href":"https:\/\/terraplaza.com\/magazin\/wp-json\/wp\/v2\/tags?post=6382"}],"curies":[{"name":"wp","href":"https:\/\/api.w.org\/{rel}","templated":true}]}}