{"id":6452,"date":"2025-09-03T10:45:21","date_gmt":"2025-09-03T08:45:21","guid":{"rendered":"https:\/\/terraplaza.com\/magazin\/?p=6452"},"modified":"2025-09-09T09:39:11","modified_gmt":"2025-09-09T07:39:11","slug":"2-terraplaza-szakmai-nap","status":"publish","type":"post","link":"https:\/\/terraplaza.com\/magazin\/hu\/szakmai-nap\/2-terraplaza-szakmai-nap\/6452\/","title":{"rendered":"2. TerraPlaza Szakmai Nap"},"content":{"rendered":"\n<h2 class=\"wp-block-heading\">A TerraPlaza Szakmai Nap rendezv\u00e9nysorozat folytat\u00f3dik \u2013 ez\u00fattal az akvarisztika vil\u00e1g\u00e1ba mer\u00fcl\u00fcnk!<\/h2>\n\n\n\n<p><strong>2025. szeptember 27<\/strong>.-\u00e9n ism\u00e9t a <strong>Lurdy H\u00e1z<\/strong> ad otthont a 2. szakmai napnak, ahol az akvarisztika rajong\u00f3i, hobbitart\u00f3k \u00e9s szakmabeliek tal\u00e1lkozhatnak egy k\u00f6z\u00f6ss\u00e9g\u00e9p\u00edt\u0151, tud\u00e1salap\u00fa esem\u00e9nyen.<\/p>\n\n\n\n<h3 class=\"wp-block-heading\">Id\u00e9n a rendezv\u00e9ny t\u00e1rsszervez\u0151je az Akvarist\u00e1k Magyarorsz\u00e1gi Egyes\u00fclete (AME), \u00edgy garant\u00e1lt a szakmai m\u00e9lys\u00e9g \u00e9s a k\u00f6zvetlen hangulat. Ez\u00faton is h\u00e1l\u00e1s k\u00f6sz\u00f6net Pasar\u00e9ti Gyul\u00e1nak \u00e9s Sepsi P\u00e9ternek, akik kezdem\u00e9nyezt\u00e9k az egy\u00fcttm\u0171k\u00f6d\u00e9st.<\/h3>\n\n\n\n<p>Az idei \u00e9v k\u00fcl\u00f6n\u00f6sen exkluz\u00edv esem\u00e9ny lesz, hiszen olyan neves el\u0151ad\u00f3k fogadt\u00e1k el a felk\u00e9r\u00e9st, mint <strong>N\u00e9der Attila<\/strong>, a GreenAqua egyik alap\u00edt\u00f3ja. <strong>Nagy B\u00e9la<\/strong>, aki nev\u00e9hez 30 \u00faj afrikai halfaj le\u00edr\u00e1sa f\u0171z\u0151dik. <strong>Szentgyo<\/strong>, aki a hazai garn\u00e9l\u00e1z\u00e1s egyik legikonikusabb alakja. <strong>Toma Istv\u00e1n<\/strong>, aki a guppiversenyek vil\u00e1gbajnoka. <strong>Liziczai M\u00e1rk<\/strong> munk\u00e1ss\u00e1ga az \u00e9l\u0151l\u00e9nyek meg\u0151rz\u00e9s\u00e9t\u0151l az eduk\u00e1ci\u00f3ig sz\u00e1mos ter\u00fcletet lefed vagy <strong>dr. Hoitsy M\u00e1rton<\/strong>, aki haz\u00e1nk egyik legelhivatottabb \u00e1llatorvosa, ha a v\u00edz alatti vil\u00e1gr\u00f3l van sz\u00f3. Hatalmas nevek a szakm\u00e1ban \u2013 mind gyerekkoruk \u00f3ta az akvarisztika vil\u00e1g\u00e1ban \u00e9lnek, \u00e9s most itt lesznek a szakmai napon.<\/p>\n\n\n\n<h2 class=\"wp-block-heading\">A c\u00e9l v\u00e1ltozatlan: \u00e9rt\u00e9kes tud\u00e1st ny\u00fajtani minden szinten, legyen sz\u00f3 kezd\u0151 akvarist\u00e1r\u00f3l vagy tapasztalt teny\u00e9szt\u0151r\u0151l.<\/h2>\n\n\n\n<figure class=\"wp-block-image size-full\"><img fetchpriority=\"high\" decoding=\"async\" width=\"1920\" height=\"1080\" src=\"https:\/\/terraplaza.com\/magazin\/wp-content\/uploads\/2025\/09\/2.jpg\" alt=\"\" class=\"wp-image-6453\" srcset=\"https:\/\/terraplaza.com\/magazin\/wp-content\/uploads\/2025\/09\/2.jpg 1920w, https:\/\/terraplaza.com\/magazin\/wp-content\/uploads\/2025\/09\/2-300x169.jpg 300w, https:\/\/terraplaza.com\/magazin\/wp-content\/uploads\/2025\/09\/2-1024x576.jpg 1024w, https:\/\/terraplaza.com\/magazin\/wp-content\/uploads\/2025\/09\/2-768x432.jpg 768w, https:\/\/terraplaza.com\/magazin\/wp-content\/uploads\/2025\/09\/2-1536x864.jpg 1536w, https:\/\/terraplaza.com\/magazin\/wp-content\/uploads\/2025\/09\/2-150x84.jpg 150w, https:\/\/terraplaza.com\/magazin\/wp-content\/uploads\/2025\/09\/2-450x253.jpg 450w, https:\/\/terraplaza.com\/magazin\/wp-content\/uploads\/2025\/09\/2-1200x675.jpg 1200w\" sizes=\"(max-width: 1920px) 100vw, 1920px\" \/><\/figure>\n\n\n\n<h2 class=\"wp-block-heading\">Fejl\u0151d\u00e9s, k\u00f6z\u00f6ss\u00e9g, \u00e9lm\u00e9ny!<\/h2>\n\n\n\n<p>A szakmai nap kiv\u00e1l\u00f3 alkalom arra, hogy k\u00f6zvetlen\u00fcl a szakma legjobbjait\u00f3l tanuljunk. A nap sor\u00e1n elismert el\u0151ad\u00f3k osztj\u00e1k meg tud\u00e1sukat, tapasztalataikat, kutat\u00e1saikat. Olyan t\u00e9m\u00e1k ker\u00fclnek ter\u00edt\u00e9kre, amelyek ritk\u00e1n vagy egy\u00e1ltal\u00e1n nem hangzanak el hazai sz\u00ednpadon, r\u00e1ad\u00e1sul bar\u00e1ts\u00e1gos, k\u00f6zvetlen l\u00e9gk\u00f6rben.<\/p>\n\n\n\n<p><strong><em>A nap folyam\u00e1n az al\u00e1bbi program v\u00e1rja az \u00e9rdekl\u0151d\u0151ket:<\/em><\/strong><\/p>\n\n\n\n<figure class=\"wp-block-table\"><table class=\"has-fixed-layout\"><tbody><tr><td><strong>Id\u0151pont<\/strong><\/td><td><\/td><td><strong>El\u0151ad\u00f3<\/strong><\/td><td><strong>T\u00e9ma<\/strong><\/td><\/tr><tr><td>9:00<\/td><td>Megnyit\u00f3<\/td><td>Farkas M. Vivien \u00e9s Pasar\u00e9ti Gyula<\/td><td><\/td><\/tr><tr><td>9:20 &#8211; 10:20<\/td><td>I. el\u0151ad\u00e1s<\/td><td><strong>dr. Hoitsy M\u00e1rton<\/strong><\/td><td><strong>Halak, diagn\u00f3zis, prevenci\u00f3<\/strong><\/td><\/tr><tr><td>10:20 &#8211; 11:20<\/td><td>II. el\u0151ad\u00e1s<\/td><td><strong>Liziczai M\u00e1rk<\/strong><\/td><td><strong><strong>T\u00fal\u00e9l\u00e9sre tervezve &#8211; Hogyan alak\u00edtotta az evol\u00faci\u00f3 a halak vil\u00e1g\u00e1t?<\/strong><\/strong><\/td><\/tr><tr><td>11:20 &#8211; 12:20<\/td><td>III. el\u0151ad\u00e1s<\/td><td><strong>Szentgy\u00f6rgyi Istv\u00e1n (szentgyo)<\/strong><\/td><td><strong>Garn\u00e9la trendek a vil\u00e1gban 2025-ben<\/strong><\/td><\/tr><tr><td>12:20 &#8211; 13:20<\/td><td>Eb\u00e9dsz\u00fcnet<\/td><td><\/td><td>(egy\u00e9ni \u00e9tkez\u00e9si lehet\u0151s\u00e9g Lurdy h\u00e1zon bel\u00fcl)<\/td><\/tr><tr><td>13:20 &#8211; 14:20<\/td><td>IV. el\u0151ad\u00e1s<\/td><td><strong>Toma Istv\u00e1n<\/strong><\/td><td><strong>Nemzetk\u00f6zi guppi kalandok \u2013 a versenyek sz\u00ednes vil\u00e1ga<\/strong><\/td><\/tr><tr><td>14:20 &#8211; 15:20<\/td><td>V. el\u0151ad\u00e1s<\/td><td><strong>N\u00e9der Attila (<em>GreenAqua<\/em>)<\/strong><\/td><td><strong><strong>A magyar akvarisztika j\u00f6v\u0151je \u2013 Trendek, kih\u00edv\u00e1sok \u00e9s lehet\u0151s\u00e9gek<\/strong><\/strong><\/td><\/tr><tr><td>15:20 &#8211; 15:40<\/td><td>K\u00e1v\u00e9sz\u00fcnet<\/td><td><\/td><td><\/td><\/tr><tr><td>15:40 &#8211; 17:10<\/td><td>VI. el\u0151ad\u00e1s<\/td><td><strong>Nagy B\u00e9la<\/strong><\/td><td><strong>\u00daj fajok felfedez\u00e9se \u00e9s t\u00fal\u00e9l\u0151 kalandok Afrik\u00e1b\u00f3l<\/strong><\/td><\/tr><tr><td>17:10 &#8211; 17:40<\/td><td>Z\u00e1r\u00e1s, \u00e9rt\u00e9kel\u00e9s <\/td><td><\/td><td><\/td><\/tr><tr><td><\/td><td><\/td><td><\/td><td><\/td><\/tr><\/tbody><\/table><\/figure>\n\n\n\n<blockquote class=\"wp-block-quote is-layout-flow wp-block-quote-is-layout-flow\">\n<p><strong>A nap folyam\u00e1n lehet\u0151s\u00e9g ny\u00edlik bepillantani sz\u00e1mos magyar \u00e9s idegen nyelv\u0171 akvarisztikai szakirodalomba, valamint Nagy B\u00e9la, leg\u00fajabb k\u00f6nyv\u00e9be \u2013 s\u0151t, ak\u00e1r saj\u00e1t p\u00e9ld\u00e1nyodat is dedik\u00e1ltathatod a helysz\u00ednen!<\/strong><\/p>\n<\/blockquote>\n\n\n\n<p>Z\u00e1r\u00e1sk\u00e9nt pedig kerekasztal-besz\u00e9lget\u00e9s v\u00e1rja a r\u00e9sztvev\u0151ket \u2013 lehet\u0151s\u00e9g a k\u00e9rdez\u00e9sre, k\u00f6z\u00f6s gondolkod\u00e1sra, eszmecser\u00e9re \u00e9s m\u00e9g g\u00e9pelni sem kell \ud83d\ude42<\/p>\n\n\n\n<h2 class=\"wp-block-heading\">Mi\u00e9rt \u00e9rdemes elj\u00f6nni?<\/h2>\n\n\n\n<p>Az esem\u00e9ny <strong>c\u00e9lja, hogy \u00f6sszehozza a hazai akvarisztika k\u00f6z\u00f6ss\u00e9g\u00e9t<\/strong>: szakmabelieket, hobbitart\u00f3kat, di\u00e1kokat, teny\u00e9szt\u0151ket \u00e9s \u00e9rdekl\u0151d\u0151ket. Itt nincs asztal vagy internet k\u00f6ztetek \u2013 csak k\u00f6z\u00f6s szenved\u00e9ly \u00e9s <strong>tud\u00e1smegoszt\u00e1s<\/strong>.<\/p>\n\n\n\n<p>A rendezv\u00e9ny nemcsak tanul\u00e1si lehet\u0151s\u00e9g, hanem <strong>k\u00f6z\u00f6ss\u00e9gi \u00e9lm\u00e9ny<\/strong> is. Remek alkalom r\u00e9g l\u00e1tott ismer\u0151s\u00f6kkel tal\u00e1lkozni vagy \u00e9ppen \u00faj kapcsolatok kialak\u00edtani a hobbiban.<\/p>\n\n\n\n<blockquote class=\"wp-block-quote is-layout-flow wp-block-quote-is-layout-flow\">\n<p><strong>A visszajelz\u00e9sek alapj\u00e1n az els\u0151 szakmai napot k\u00f6vet\u0151en val\u00f3di ig\u00e9ny alakult ki az ilyen t\u00edpus\u00fa rendezv\u00e9nyekre \u2014 most itt a lehet\u0151s\u00e9g, hogy Te is r\u00e9szese legy\u00e9l egy igaz\u00e1n elhivatott k\u00f6z\u00f6ss\u00e9gnek!<\/strong><\/p>\n<\/blockquote>\n\n\n\n<figure class=\"wp-block-image size-full\"><img decoding=\"async\" width=\"940\" height=\"788\" src=\"https:\/\/terraplaza.com\/magazin\/wp-content\/uploads\/2025\/09\/12.jpg\" alt=\"\" class=\"wp-image-6455\" srcset=\"https:\/\/terraplaza.com\/magazin\/wp-content\/uploads\/2025\/09\/12.jpg 940w, https:\/\/terraplaza.com\/magazin\/wp-content\/uploads\/2025\/09\/12-300x251.jpg 300w, https:\/\/terraplaza.com\/magazin\/wp-content\/uploads\/2025\/09\/12-768x644.jpg 768w, https:\/\/terraplaza.com\/magazin\/wp-content\/uploads\/2025\/09\/12-150x126.jpg 150w, https:\/\/terraplaza.com\/magazin\/wp-content\/uploads\/2025\/09\/12-450x377.jpg 450w\" sizes=\"(max-width: 940px) 100vw, 940px\" \/><\/figure>\n\n\n\n<p>Tavaly szint\u00e9n nagy sikert aratott, az az <strong>egyedi k\u00e9sz\u00edt\u00e9s\u0171 eml\u00e9kplakett<\/strong>, amivel id\u00e9n is k\u00e9sz\u00fcl\u00fcnk <strong>minden r\u00e9sztvev\u0151nek<\/strong> az aj\u00e1nd\u00e9kcsomagok mellett!<\/p>\n\n\n\n<p><em>Ne hagyd ki ezt az egyed\u00fcl\u00e1ll\u00f3 alkalmat! Foglalj jegyet id\u0151ben, \u00e9s csatlakozz hozz\u00e1nk szeptember 27-\u00e9n!<\/em><\/p>\n\n\n\n<h2 class=\"wp-block-heading\"><strong>Tov\u00e1bbi inform\u00e1ci\u00f3:<\/strong><\/h2>\n\n\n\n<ul class=\"wp-block-list\">\n<li>R\u00e9szletes program : <a href=\"https:\/\/terraplaza.com\/hu\/terraplaza-szakmai-nap\">https:\/\/terraplaza.com\/hu\/terraplaza-szakmai-nap<\/a><\/li>\n\n\n\n<li>Facebook esem\u00e9ny: <a href=\"https:\/\/fb.me\/e\/3mh7xGcJp\">TerraPlaza Szakmai Nap 2.<\/a><\/li>\n\n\n\n<li>\ud83d\udcc5 D\u00e1tum: <strong>2025. szeptember 27. (szombat) 9:00-17:40<\/strong><\/li>\n\n\n\n<li>\ud83d\udccd Helysz\u00edn: Lurdy H\u00e1z, Budapest \u2013 I. emelet, 5. rendezv\u00e9nyterem<\/li>\n\n\n\n<li>\ud83d\udc65 Maxim\u00e1lis l\u00e9tsz\u00e1m: 200 f\u0151<\/li>\n\n\n\n<li>\ud83d\udcb0 Jegy\u00e1r: 8 900 Ft, <strong>kiz\u00e1r\u00f3lag el\u0151v\u00e9telben<\/strong>!<\/li>\n<\/ul>\n\n\n\n<blockquote class=\"wp-block-quote is-layout-flow wp-block-quote-is-layout-flow\">\n<p><strong>A jegy tartalmazza:<\/strong><\/p>\n\n\n\n<ul class=\"wp-block-list\">\n<li><strong>a teljes napos r\u00e9szv\u00e9telt<\/strong><\/li>\n\n\n\n<li><strong>aj\u00e1nd\u00e9kcsomagot<\/strong><\/li>\n\n\n\n<li><strong>egy exkluz\u00edv eml\u00e9kplakettet, amely kiz\u00e1r\u00f3lag a szakmai nap r\u00e9sztvev\u0151inek k\u00e9sz\u00fcl<\/strong><\/li>\n<\/ul>\n<\/blockquote>\n\n\n\n<h2 class=\"wp-block-heading\">Jegyv\u00e1s\u00e1rl\u00e1s: <\/h2>\n\n\n\n<p><a href=\"https:\/\/terraplaza.jegyx1.hu\/esemeny\/9102\/terraplaza-2--szakmai-nap\/2025-09-27-08-30\">TerraPlaza 2. szakmai nap | JEGYx1 &#8211; TerraPlaza<\/a><\/p>\n\n\n\n<p class=\"has-vivid-red-color has-text-color has-link-color wp-elements-f664b017febc5a0eaf8fdcae3d998baf\">Jegyek kiz\u00e1r\u00f3lag el\u0151v\u00e9telben kaphat\u00f3ak!<\/p>\n\n\n\n<p><\/p>\n","protected":false},"excerpt":{"rendered":"<p>A TerraPlaza Szakmai Nap rendezv\u00e9nysorozat folytat\u00f3dik \u2013 ez\u00fattal az akvarisztika vil\u00e1g\u00e1ba mer\u00fcl\u00fcnk! 2025. szeptember 27.-\u00e9n ism\u00e9t a Lurdy H\u00e1z ad otthont a 2. szakmai napnak, ahol az akvarisztika rajong\u00f3i, hobbitart\u00f3k \u00e9s szakmabeliek tal\u00e1lkozhatnak egy k\u00f6z\u00f6ss\u00e9g\u00e9p\u00edt\u0151, tud\u00e1salap\u00fa esem\u00e9nyen. Id\u00e9n a rendezv\u00e9ny t\u00e1rsszervez\u0151je az Akvarist\u00e1k Magyarorsz\u00e1gi Egyes\u00fclete (AME), \u00edgy garant\u00e1lt a szakmai m\u00e9lys\u00e9g \u00e9s a k\u00f6zvetlen hangulat.<\/p>\n","protected":false},"author":17,"featured_media":6467,"comment_status":"closed","ping_status":"open","sticky":false,"template":"","format":"standard","meta":{"footnotes":""},"categories":[940],"tags":[1484],"class_list":{"0":"post-6452","1":"post","2":"type-post","3":"status-publish","4":"format-standard","5":"has-post-thumbnail","7":"category-szakmai-nap","8":"tag-szakmai-nap"},"yoast_head":"<!-- This site is optimized with the Yoast SEO plugin v27.2 - https:\/\/yoast.com\/product\/yoast-seo-wordpress\/ -->\n<title>2. TerraPlaza Szakmai Nap &#8211; TerraPlaza magazin<\/title>\n<meta name=\"description\" content=\"2025. szeptember 27.-\u00e9n az akvarisztika rajong\u00f3i, hobbitart\u00f3k \u00e9s szakmabeliek tal\u00e1lkozhatnak egy k\u00f6z\u00f6ss\u00e9g\u00e9p\u00edt\u0151, tud\u00e1salap\u00fa esem\u00e9nyen.\" \/>\n<meta name=\"robots\" content=\"index, follow, max-snippet:-1, max-image-preview:large, max-video-preview:-1\" \/>\n<link rel=\"canonical\" href=\"https:\/\/terraplaza.com\/magazin\/hu\/szakmai-nap\/2-terraplaza-szakmai-nap\/6452\/\" \/>\n<meta property=\"og:locale\" content=\"hu_HU\" \/>\n<meta property=\"og:type\" content=\"article\" \/>\n<meta property=\"og:title\" content=\"2. TerraPlaza Szakmai Nap &#8211; TerraPlaza magazin\" \/>\n<meta property=\"og:description\" content=\"2025. szeptember 27.-\u00e9n az akvarisztika rajong\u00f3i, hobbitart\u00f3k \u00e9s szakmabeliek tal\u00e1lkozhatnak egy k\u00f6z\u00f6ss\u00e9g\u00e9p\u00edt\u0151, tud\u00e1salap\u00fa esem\u00e9nyen.\" \/>\n<meta property=\"og:url\" content=\"https:\/\/terraplaza.com\/magazin\/hu\/szakmai-nap\/2-terraplaza-szakmai-nap\/6452\/\" \/>\n<meta property=\"og:site_name\" content=\"TerraPlaza magazin\" \/>\n<meta property=\"article:publisher\" content=\"https:\/\/www.facebook.com\/terraplaza\" \/>\n<meta property=\"article:published_time\" content=\"2025-09-03T08:45:21+00:00\" \/>\n<meta property=\"article:modified_time\" content=\"2025-09-09T07:39:11+00:00\" \/>\n<meta property=\"og:image\" content=\"https:\/\/terraplaza.com\/magazin\/wp-content\/uploads\/2025\/09\/Szakmai-nap3.jpg\" \/>\n\t<meta property=\"og:image:width\" content=\"940\" \/>\n\t<meta property=\"og:image:height\" content=\"788\" \/>\n\t<meta property=\"og:image:type\" content=\"image\/jpeg\" \/>\n<meta name=\"author\" content=\"Farkas M. Vivien\" \/>\n<meta name=\"twitter:card\" content=\"summary_large_image\" \/>\n<meta name=\"twitter:label1\" content=\"Szerz\u0151:\" \/>\n\t<meta name=\"twitter:data1\" content=\"Farkas M. Vivien\" \/>\n\t<meta name=\"twitter:label2\" content=\"Becs\u00fclt olvas\u00e1si id\u0151\" \/>\n\t<meta name=\"twitter:data2\" content=\"4 perc\" \/>\n<script type=\"application\/ld+json\" class=\"yoast-schema-graph\">{\"@context\":\"https:\/\/schema.org\",\"@graph\":[{\"@type\":\"Article\",\"@id\":\"https:\/\/terraplaza.com\/magazin\/hu\/szakmai-nap\/2-terraplaza-szakmai-nap\/6452\/#article\",\"isPartOf\":{\"@id\":\"https:\/\/terraplaza.com\/magazin\/hu\/szakmai-nap\/2-terraplaza-szakmai-nap\/6452\/\"},\"author\":{\"name\":\"Farkas M. Vivien\",\"@id\":\"https:\/\/terraplaza.com\/magazin\/#\/schema\/person\/573d8cd813a78d4ffaea649aa7e44ac4\"},\"headline\":\"2. TerraPlaza Szakmai Nap\",\"datePublished\":\"2025-09-03T08:45:21+00:00\",\"dateModified\":\"2025-09-09T07:39:11+00:00\",\"mainEntityOfPage\":{\"@id\":\"https:\/\/terraplaza.com\/magazin\/hu\/szakmai-nap\/2-terraplaza-szakmai-nap\/6452\/\"},\"wordCount\":875,\"publisher\":{\"@id\":\"https:\/\/terraplaza.com\/magazin\/#organization\"},\"image\":{\"@id\":\"https:\/\/terraplaza.com\/magazin\/hu\/szakmai-nap\/2-terraplaza-szakmai-nap\/6452\/#primaryimage\"},\"thumbnailUrl\":\"https:\/\/terraplaza.com\/magazin\/wp-content\/uploads\/2025\/09\/Szakmai-nap3.jpg\",\"keywords\":[\"szakmai nap\"],\"articleSection\":[\"Szakmai nap\"],\"inLanguage\":\"hu\"},{\"@type\":\"WebPage\",\"@id\":\"https:\/\/terraplaza.com\/magazin\/hu\/szakmai-nap\/2-terraplaza-szakmai-nap\/6452\/\",\"url\":\"https:\/\/terraplaza.com\/magazin\/hu\/szakmai-nap\/2-terraplaza-szakmai-nap\/6452\/\",\"name\":\"2. TerraPlaza Szakmai Nap &#8211; TerraPlaza magazin\",\"isPartOf\":{\"@id\":\"https:\/\/terraplaza.com\/magazin\/#website\"},\"primaryImageOfPage\":{\"@id\":\"https:\/\/terraplaza.com\/magazin\/hu\/szakmai-nap\/2-terraplaza-szakmai-nap\/6452\/#primaryimage\"},\"image\":{\"@id\":\"https:\/\/terraplaza.com\/magazin\/hu\/szakmai-nap\/2-terraplaza-szakmai-nap\/6452\/#primaryimage\"},\"thumbnailUrl\":\"https:\/\/terraplaza.com\/magazin\/wp-content\/uploads\/2025\/09\/Szakmai-nap3.jpg\",\"datePublished\":\"2025-09-03T08:45:21+00:00\",\"dateModified\":\"2025-09-09T07:39:11+00:00\",\"description\":\"2025. szeptember 27.-\u00e9n az akvarisztika rajong\u00f3i, hobbitart\u00f3k \u00e9s szakmabeliek tal\u00e1lkozhatnak egy k\u00f6z\u00f6ss\u00e9g\u00e9p\u00edt\u0151, tud\u00e1salap\u00fa esem\u00e9nyen.\",\"breadcrumb\":{\"@id\":\"https:\/\/terraplaza.com\/magazin\/hu\/szakmai-nap\/2-terraplaza-szakmai-nap\/6452\/#breadcrumb\"},\"inLanguage\":\"hu\",\"potentialAction\":[{\"@type\":\"ReadAction\",\"target\":[\"https:\/\/terraplaza.com\/magazin\/hu\/szakmai-nap\/2-terraplaza-szakmai-nap\/6452\/\"]}]},{\"@type\":\"ImageObject\",\"inLanguage\":\"hu\",\"@id\":\"https:\/\/terraplaza.com\/magazin\/hu\/szakmai-nap\/2-terraplaza-szakmai-nap\/6452\/#primaryimage\",\"url\":\"https:\/\/terraplaza.com\/magazin\/wp-content\/uploads\/2025\/09\/Szakmai-nap3.jpg\",\"contentUrl\":\"https:\/\/terraplaza.com\/magazin\/wp-content\/uploads\/2025\/09\/Szakmai-nap3.jpg\",\"width\":940,\"height\":788},{\"@type\":\"BreadcrumbList\",\"@id\":\"https:\/\/terraplaza.com\/magazin\/hu\/szakmai-nap\/2-terraplaza-szakmai-nap\/6452\/#breadcrumb\",\"itemListElement\":[{\"@type\":\"ListItem\",\"position\":1,\"name\":\"Kezd\u0151lap\",\"item\":\"https:\/\/terraplaza.com\/magazin\/hu\/\"},{\"@type\":\"ListItem\",\"position\":2,\"name\":\"2. TerraPlaza Szakmai Nap\"}]},{\"@type\":\"WebSite\",\"@id\":\"https:\/\/terraplaza.com\/magazin\/#website\",\"url\":\"https:\/\/terraplaza.com\/magazin\/\",\"name\":\"TerraPlaza magazin\",\"description\":\"Term\u00e9szet szeretet \u00e9s felel\u0151s \u00e1llattart\u00e1s naprak\u00e9sz inform\u00e1ci\u00f3kkal \u2013 terrarisztika \u00e9s akvarisztika szakport\u00e1l. Hogy kedvenceidnek min\u00e9l boldogabb \u00e9lete legyen.\",\"publisher\":{\"@id\":\"https:\/\/terraplaza.com\/magazin\/#organization\"},\"alternateName\":\"terrarisztikai szakport\u00e1l\",\"potentialAction\":[{\"@type\":\"SearchAction\",\"target\":{\"@type\":\"EntryPoint\",\"urlTemplate\":\"https:\/\/terraplaza.com\/magazin\/?s={search_term_string}\"},\"query-input\":{\"@type\":\"PropertyValueSpecification\",\"valueRequired\":true,\"valueName\":\"search_term_string\"}}],\"inLanguage\":\"hu\"},{\"@type\":\"Organization\",\"@id\":\"https:\/\/terraplaza.com\/magazin\/#organization\",\"name\":\"TerraPlaza\",\"url\":\"https:\/\/terraplaza.com\/magazin\/\",\"logo\":{\"@type\":\"ImageObject\",\"inLanguage\":\"hu\",\"@id\":\"https:\/\/terraplaza.com\/magazin\/#\/schema\/logo\/image\/\",\"url\":\"https:\/\/terraplaza.com\/magazin\/wp-content\/uploads\/2023\/07\/Kepernyofoto-2023-07-24-18.20.04.png\",\"contentUrl\":\"https:\/\/terraplaza.com\/magazin\/wp-content\/uploads\/2023\/07\/Kepernyofoto-2023-07-24-18.20.04.png\",\"width\":1502,\"height\":382,\"caption\":\"TerraPlaza\"},\"image\":{\"@id\":\"https:\/\/terraplaza.com\/magazin\/#\/schema\/logo\/image\/\"},\"sameAs\":[\"https:\/\/www.facebook.com\/terraplaza\"]},{\"@type\":\"Person\",\"@id\":\"https:\/\/terraplaza.com\/magazin\/#\/schema\/person\/573d8cd813a78d4ffaea649aa7e44ac4\",\"name\":\"Farkas M. Vivien\",\"image\":{\"@type\":\"ImageObject\",\"inLanguage\":\"hu\",\"@id\":\"https:\/\/terraplaza.com\/magazin\/wp-content\/uploads\/2024\/09\/profilkep-150x150.jpg\",\"url\":\"https:\/\/terraplaza.com\/magazin\/wp-content\/uploads\/2024\/09\/profilkep-150x150.jpg\",\"contentUrl\":\"https:\/\/terraplaza.com\/magazin\/wp-content\/uploads\/2024\/09\/profilkep-150x150.jpg\",\"caption\":\"Farkas M. Vivien\"},\"url\":\"https:\/\/terraplaza.com\/magazin\/author\/vivi\/\"}]}<\/script>\n<!-- \/ Yoast SEO plugin. -->","yoast_head_json":{"title":"2. TerraPlaza Szakmai Nap &#8211; TerraPlaza magazin","description":"2025. szeptember 27.-\u00e9n az akvarisztika rajong\u00f3i, hobbitart\u00f3k \u00e9s szakmabeliek tal\u00e1lkozhatnak egy k\u00f6z\u00f6ss\u00e9g\u00e9p\u00edt\u0151, tud\u00e1salap\u00fa esem\u00e9nyen.","robots":{"index":"index","follow":"follow","max-snippet":"max-snippet:-1","max-image-preview":"max-image-preview:large","max-video-preview":"max-video-preview:-1"},"canonical":"https:\/\/terraplaza.com\/magazin\/hu\/szakmai-nap\/2-terraplaza-szakmai-nap\/6452\/","og_locale":"hu_HU","og_type":"article","og_title":"2. TerraPlaza Szakmai Nap &#8211; TerraPlaza magazin","og_description":"2025. szeptember 27.-\u00e9n az akvarisztika rajong\u00f3i, hobbitart\u00f3k \u00e9s szakmabeliek tal\u00e1lkozhatnak egy k\u00f6z\u00f6ss\u00e9g\u00e9p\u00edt\u0151, tud\u00e1salap\u00fa esem\u00e9nyen.","og_url":"https:\/\/terraplaza.com\/magazin\/hu\/szakmai-nap\/2-terraplaza-szakmai-nap\/6452\/","og_site_name":"TerraPlaza magazin","article_publisher":"https:\/\/www.facebook.com\/terraplaza","article_published_time":"2025-09-03T08:45:21+00:00","article_modified_time":"2025-09-09T07:39:11+00:00","og_image":[{"width":940,"height":788,"url":"https:\/\/terraplaza.com\/magazin\/wp-content\/uploads\/2025\/09\/Szakmai-nap3.jpg","type":"image\/jpeg"}],"author":"Farkas M. Vivien","twitter_card":"summary_large_image","twitter_misc":{"Szerz\u0151:":"Farkas M. Vivien","Becs\u00fclt olvas\u00e1si id\u0151":"4 perc"},"schema":{"@context":"https:\/\/schema.org","@graph":[{"@type":"Article","@id":"https:\/\/terraplaza.com\/magazin\/hu\/szakmai-nap\/2-terraplaza-szakmai-nap\/6452\/#article","isPartOf":{"@id":"https:\/\/terraplaza.com\/magazin\/hu\/szakmai-nap\/2-terraplaza-szakmai-nap\/6452\/"},"author":{"name":"Farkas M. Vivien","@id":"https:\/\/terraplaza.com\/magazin\/#\/schema\/person\/573d8cd813a78d4ffaea649aa7e44ac4"},"headline":"2. TerraPlaza Szakmai Nap","datePublished":"2025-09-03T08:45:21+00:00","dateModified":"2025-09-09T07:39:11+00:00","mainEntityOfPage":{"@id":"https:\/\/terraplaza.com\/magazin\/hu\/szakmai-nap\/2-terraplaza-szakmai-nap\/6452\/"},"wordCount":875,"publisher":{"@id":"https:\/\/terraplaza.com\/magazin\/#organization"},"image":{"@id":"https:\/\/terraplaza.com\/magazin\/hu\/szakmai-nap\/2-terraplaza-szakmai-nap\/6452\/#primaryimage"},"thumbnailUrl":"https:\/\/terraplaza.com\/magazin\/wp-content\/uploads\/2025\/09\/Szakmai-nap3.jpg","keywords":["szakmai nap"],"articleSection":["Szakmai nap"],"inLanguage":"hu"},{"@type":"WebPage","@id":"https:\/\/terraplaza.com\/magazin\/hu\/szakmai-nap\/2-terraplaza-szakmai-nap\/6452\/","url":"https:\/\/terraplaza.com\/magazin\/hu\/szakmai-nap\/2-terraplaza-szakmai-nap\/6452\/","name":"2. TerraPlaza Szakmai Nap &#8211; TerraPlaza magazin","isPartOf":{"@id":"https:\/\/terraplaza.com\/magazin\/#website"},"primaryImageOfPage":{"@id":"https:\/\/terraplaza.com\/magazin\/hu\/szakmai-nap\/2-terraplaza-szakmai-nap\/6452\/#primaryimage"},"image":{"@id":"https:\/\/terraplaza.com\/magazin\/hu\/szakmai-nap\/2-terraplaza-szakmai-nap\/6452\/#primaryimage"},"thumbnailUrl":"https:\/\/terraplaza.com\/magazin\/wp-content\/uploads\/2025\/09\/Szakmai-nap3.jpg","datePublished":"2025-09-03T08:45:21+00:00","dateModified":"2025-09-09T07:39:11+00:00","description":"2025. szeptember 27.-\u00e9n az akvarisztika rajong\u00f3i, hobbitart\u00f3k \u00e9s szakmabeliek tal\u00e1lkozhatnak egy k\u00f6z\u00f6ss\u00e9g\u00e9p\u00edt\u0151, tud\u00e1salap\u00fa esem\u00e9nyen.","breadcrumb":{"@id":"https:\/\/terraplaza.com\/magazin\/hu\/szakmai-nap\/2-terraplaza-szakmai-nap\/6452\/#breadcrumb"},"inLanguage":"hu","potentialAction":[{"@type":"ReadAction","target":["https:\/\/terraplaza.com\/magazin\/hu\/szakmai-nap\/2-terraplaza-szakmai-nap\/6452\/"]}]},{"@type":"ImageObject","inLanguage":"hu","@id":"https:\/\/terraplaza.com\/magazin\/hu\/szakmai-nap\/2-terraplaza-szakmai-nap\/6452\/#primaryimage","url":"https:\/\/terraplaza.com\/magazin\/wp-content\/uploads\/2025\/09\/Szakmai-nap3.jpg","contentUrl":"https:\/\/terraplaza.com\/magazin\/wp-content\/uploads\/2025\/09\/Szakmai-nap3.jpg","width":940,"height":788},{"@type":"BreadcrumbList","@id":"https:\/\/terraplaza.com\/magazin\/hu\/szakmai-nap\/2-terraplaza-szakmai-nap\/6452\/#breadcrumb","itemListElement":[{"@type":"ListItem","position":1,"name":"Kezd\u0151lap","item":"https:\/\/terraplaza.com\/magazin\/hu\/"},{"@type":"ListItem","position":2,"name":"2. TerraPlaza Szakmai Nap"}]},{"@type":"WebSite","@id":"https:\/\/terraplaza.com\/magazin\/#website","url":"https:\/\/terraplaza.com\/magazin\/","name":"TerraPlaza magazin","description":"Term\u00e9szet szeretet \u00e9s felel\u0151s \u00e1llattart\u00e1s naprak\u00e9sz inform\u00e1ci\u00f3kkal \u2013 terrarisztika \u00e9s akvarisztika szakport\u00e1l. Hogy kedvenceidnek min\u00e9l boldogabb \u00e9lete legyen.","publisher":{"@id":"https:\/\/terraplaza.com\/magazin\/#organization"},"alternateName":"terrarisztikai szakport\u00e1l","potentialAction":[{"@type":"SearchAction","target":{"@type":"EntryPoint","urlTemplate":"https:\/\/terraplaza.com\/magazin\/?s={search_term_string}"},"query-input":{"@type":"PropertyValueSpecification","valueRequired":true,"valueName":"search_term_string"}}],"inLanguage":"hu"},{"@type":"Organization","@id":"https:\/\/terraplaza.com\/magazin\/#organization","name":"TerraPlaza","url":"https:\/\/terraplaza.com\/magazin\/","logo":{"@type":"ImageObject","inLanguage":"hu","@id":"https:\/\/terraplaza.com\/magazin\/#\/schema\/logo\/image\/","url":"https:\/\/terraplaza.com\/magazin\/wp-content\/uploads\/2023\/07\/Kepernyofoto-2023-07-24-18.20.04.png","contentUrl":"https:\/\/terraplaza.com\/magazin\/wp-content\/uploads\/2023\/07\/Kepernyofoto-2023-07-24-18.20.04.png","width":1502,"height":382,"caption":"TerraPlaza"},"image":{"@id":"https:\/\/terraplaza.com\/magazin\/#\/schema\/logo\/image\/"},"sameAs":["https:\/\/www.facebook.com\/terraplaza"]},{"@type":"Person","@id":"https:\/\/terraplaza.com\/magazin\/#\/schema\/person\/573d8cd813a78d4ffaea649aa7e44ac4","name":"Farkas M. Vivien","image":{"@type":"ImageObject","inLanguage":"hu","@id":"https:\/\/terraplaza.com\/magazin\/wp-content\/uploads\/2024\/09\/profilkep-150x150.jpg","url":"https:\/\/terraplaza.com\/magazin\/wp-content\/uploads\/2024\/09\/profilkep-150x150.jpg","contentUrl":"https:\/\/terraplaza.com\/magazin\/wp-content\/uploads\/2024\/09\/profilkep-150x150.jpg","caption":"Farkas M. Vivien"},"url":"https:\/\/terraplaza.com\/magazin\/author\/vivi\/"}]}},"views":2391,"_links":{"self":[{"href":"https:\/\/terraplaza.com\/magazin\/wp-json\/wp\/v2\/posts\/6452","targetHints":{"allow":["GET"]}}],"collection":[{"href":"https:\/\/terraplaza.com\/magazin\/wp-json\/wp\/v2\/posts"}],"about":[{"href":"https:\/\/terraplaza.com\/magazin\/wp-json\/wp\/v2\/types\/post"}],"author":[{"embeddable":true,"href":"https:\/\/terraplaza.com\/magazin\/wp-json\/wp\/v2\/users\/17"}],"replies":[{"embeddable":true,"href":"https:\/\/terraplaza.com\/magazin\/wp-json\/wp\/v2\/comments?post=6452"}],"version-history":[{"count":4,"href":"https:\/\/terraplaza.com\/magazin\/wp-json\/wp\/v2\/posts\/6452\/revisions"}],"predecessor-version":[{"id":6469,"href":"https:\/\/terraplaza.com\/magazin\/wp-json\/wp\/v2\/posts\/6452\/revisions\/6469"}],"wp:featuredmedia":[{"embeddable":true,"href":"https:\/\/terraplaza.com\/magazin\/wp-json\/wp\/v2\/media\/6467"}],"wp:attachment":[{"href":"https:\/\/terraplaza.com\/magazin\/wp-json\/wp\/v2\/media?parent=6452"}],"wp:term":[{"taxonomy":"category","embeddable":true,"href":"https:\/\/terraplaza.com\/magazin\/wp-json\/wp\/v2\/categories?post=6452"},{"taxonomy":"post_tag","embeddable":true,"href":"https:\/\/terraplaza.com\/magazin\/wp-json\/wp\/v2\/tags?post=6452"}],"curies":[{"name":"wp","href":"https:\/\/api.w.org\/{rel}","templated":true}]}}