{"id":6605,"date":"2026-01-28T17:13:52","date_gmt":"2026-01-28T16:13:52","guid":{"rendered":"https:\/\/terraplaza.com\/magazin\/?p=6605"},"modified":"2026-01-28T17:47:17","modified_gmt":"2026-01-28T16:47:17","slug":"ausztralia-hullogazdagsaga","status":"publish","type":"post","link":"https:\/\/terraplaza.com\/magazin\/hu\/erdekessegek-hu\/ausztralia-hullogazdagsaga\/6605\/","title":{"rendered":"Ausztr\u00e1lia h\u00fcll\u0151gazdags\u00e1ga"},"content":{"rendered":"\n<p><strong>Tudtad, hogy Ausztr\u00e1li\u00e1ban \u00e9l a vil\u00e1g h\u00fcll\u0151popul\u00e1ci\u00f3j\u00e1nak mintegy 14%-a?<\/strong><br>Ez k\u00f6r\u00fclbel\u00fcl 869 h\u00fcll\u0151fajt jelent, amelyeknek mintegy 93%-a kiz\u00e1r\u00f3lag Ausztr\u00e1li\u00e1ban fordul el\u0151. A kontinensen megtal\u00e1lhat\u00f3 fajok k\u00f6z\u00e9 tartoznak a var\u00e1nuszok, a tengeri tekn\u0151s\u00f6k, a pitonok \u00e9s a krokodilok.<\/p>\n","protected":false},"excerpt":{"rendered":"<p>Ausztr\u00e1lia h\u00fcll\u0151gazdags\u00e1ga vil\u00e1gszinten is kiemelked\u0151: a vil\u00e1g h\u00fcll\u0151fajainak k\u00f6zel 14%-a itt \u00e9l, t\u00f6bbs\u00e9g\u00fck kiz\u00e1r\u00f3lag ezen a kontinensen.<\/p>\n","protected":false},"author":17,"featured_media":6606,"comment_status":"closed","ping_status":"open","sticky":false,"template":"","format":"standard","meta":{"footnotes":""},"categories":[493],"tags":[1602,495,82],"class_list":{"0":"post-6605","1":"post","2":"type-post","3":"status-publish","4":"format-standard","5":"has-post-thumbnail","7":"category-erdekessegek-hu","8":"tag-ausztralia","9":"tag-erdekessegek-hu","10":"tag-hullok-hu"},"yoast_head":"<!-- This site is optimized with the Yoast SEO plugin v27.2 - https:\/\/yoast.com\/product\/yoast-seo-wordpress\/ -->\n<title>Ausztr\u00e1lia h\u00fcll\u0151gazdags\u00e1ga &#8211; TerraPlaza magazin<\/title>\n<meta name=\"description\" content=\"Ausztr\u00e1lia h\u00fcll\u0151gazdags\u00e1ga vil\u00e1gszinten is kiemelked\u0151: a vil\u00e1g h\u00fcll\u0151fajainak k\u00f6zel 14%-a itt \u00e9l, t\u00f6bbs\u00e9g\u00fck kiz\u00e1r\u00f3lag ezen a kontinensen.\" \/>\n<meta name=\"robots\" content=\"index, follow, max-snippet:-1, max-image-preview:large, max-video-preview:-1\" \/>\n<link rel=\"canonical\" href=\"https:\/\/terraplaza.com\/magazin\/hu\/erdekessegek-hu\/ausztralia-hullogazdagsaga\/6605\/\" \/>\n<meta property=\"og:locale\" content=\"hu_HU\" \/>\n<meta property=\"og:type\" content=\"article\" \/>\n<meta property=\"og:title\" content=\"Ausztr\u00e1lia h\u00fcll\u0151gazdags\u00e1ga &#8211; TerraPlaza magazin\" \/>\n<meta property=\"og:description\" content=\"Ausztr\u00e1lia h\u00fcll\u0151gazdags\u00e1ga vil\u00e1gszinten is kiemelked\u0151: a vil\u00e1g h\u00fcll\u0151fajainak k\u00f6zel 14%-a itt \u00e9l, t\u00f6bbs\u00e9g\u00fck kiz\u00e1r\u00f3lag ezen a kontinensen.\" \/>\n<meta property=\"og:url\" content=\"https:\/\/terraplaza.com\/magazin\/hu\/erdekessegek-hu\/ausztralia-hullogazdagsaga\/6605\/\" \/>\n<meta property=\"og:site_name\" content=\"TerraPlaza magazin\" \/>\n<meta property=\"article:publisher\" content=\"https:\/\/www.facebook.com\/terraplaza\" \/>\n<meta property=\"article:published_time\" content=\"2026-01-28T16:13:52+00:00\" \/>\n<meta property=\"article:modified_time\" content=\"2026-01-28T16:47:17+00:00\" \/>\n<meta property=\"og:image\" content=\"https:\/\/terraplaza.com\/magazin\/wp-content\/uploads\/2026\/01\/AdobeStock_1042826016-scaled.jpeg\" \/>\n\t<meta property=\"og:image:width\" content=\"1920\" \/>\n\t<meta property=\"og:image:height\" content=\"2560\" \/>\n\t<meta property=\"og:image:type\" content=\"image\/jpeg\" \/>\n<meta name=\"author\" content=\"Farkas M. Vivien\" \/>\n<meta name=\"twitter:card\" content=\"summary_large_image\" \/>\n<meta name=\"twitter:label1\" content=\"Szerz\u0151:\" \/>\n\t<meta name=\"twitter:data1\" content=\"Farkas M. Vivien\" \/>\n\t<meta name=\"twitter:label2\" content=\"Becs\u00fclt olvas\u00e1si id\u0151\" \/>\n\t<meta name=\"twitter:data2\" content=\"1 perc\" \/>\n<script type=\"application\/ld+json\" class=\"yoast-schema-graph\">{\"@context\":\"https:\/\/schema.org\",\"@graph\":[{\"@type\":\"Article\",\"@id\":\"https:\/\/terraplaza.com\/magazin\/hu\/erdekessegek-hu\/ausztralia-hullogazdagsaga\/6605\/#article\",\"isPartOf\":{\"@id\":\"https:\/\/terraplaza.com\/magazin\/hu\/erdekessegek-hu\/ausztralia-hullogazdagsaga\/6605\/\"},\"author\":{\"name\":\"Farkas M. Vivien\",\"@id\":\"https:\/\/terraplaza.com\/magazin\/#\/schema\/person\/573d8cd813a78d4ffaea649aa7e44ac4\"},\"headline\":\"Ausztr\u00e1lia h\u00fcll\u0151gazdags\u00e1ga\",\"datePublished\":\"2026-01-28T16:13:52+00:00\",\"dateModified\":\"2026-01-28T16:47:17+00:00\",\"mainEntityOfPage\":{\"@id\":\"https:\/\/terraplaza.com\/magazin\/hu\/erdekessegek-hu\/ausztralia-hullogazdagsaga\/6605\/\"},\"wordCount\":64,\"publisher\":{\"@id\":\"https:\/\/terraplaza.com\/magazin\/#organization\"},\"image\":{\"@id\":\"https:\/\/terraplaza.com\/magazin\/hu\/erdekessegek-hu\/ausztralia-hullogazdagsaga\/6605\/#primaryimage\"},\"thumbnailUrl\":\"https:\/\/terraplaza.com\/magazin\/wp-content\/uploads\/2026\/01\/AdobeStock_1042826016-scaled.jpeg\",\"keywords\":[\"ausztr\u00e1lia\",\"\u00c9rdekess\u00e9gek\",\"H\u00fcll\u0151k\"],\"articleSection\":[\"\u00c9rdekess\u00e9gek\"],\"inLanguage\":\"hu\"},{\"@type\":\"WebPage\",\"@id\":\"https:\/\/terraplaza.com\/magazin\/hu\/erdekessegek-hu\/ausztralia-hullogazdagsaga\/6605\/\",\"url\":\"https:\/\/terraplaza.com\/magazin\/hu\/erdekessegek-hu\/ausztralia-hullogazdagsaga\/6605\/\",\"name\":\"Ausztr\u00e1lia h\u00fcll\u0151gazdags\u00e1ga &#8211; TerraPlaza magazin\",\"isPartOf\":{\"@id\":\"https:\/\/terraplaza.com\/magazin\/#website\"},\"primaryImageOfPage\":{\"@id\":\"https:\/\/terraplaza.com\/magazin\/hu\/erdekessegek-hu\/ausztralia-hullogazdagsaga\/6605\/#primaryimage\"},\"image\":{\"@id\":\"https:\/\/terraplaza.com\/magazin\/hu\/erdekessegek-hu\/ausztralia-hullogazdagsaga\/6605\/#primaryimage\"},\"thumbnailUrl\":\"https:\/\/terraplaza.com\/magazin\/wp-content\/uploads\/2026\/01\/AdobeStock_1042826016-scaled.jpeg\",\"datePublished\":\"2026-01-28T16:13:52+00:00\",\"dateModified\":\"2026-01-28T16:47:17+00:00\",\"description\":\"Ausztr\u00e1lia h\u00fcll\u0151gazdags\u00e1ga vil\u00e1gszinten is kiemelked\u0151: a vil\u00e1g h\u00fcll\u0151fajainak k\u00f6zel 14%-a itt \u00e9l, t\u00f6bbs\u00e9g\u00fck kiz\u00e1r\u00f3lag ezen a kontinensen.\",\"breadcrumb\":{\"@id\":\"https:\/\/terraplaza.com\/magazin\/hu\/erdekessegek-hu\/ausztralia-hullogazdagsaga\/6605\/#breadcrumb\"},\"inLanguage\":\"hu\",\"potentialAction\":[{\"@type\":\"ReadAction\",\"target\":[\"https:\/\/terraplaza.com\/magazin\/hu\/erdekessegek-hu\/ausztralia-hullogazdagsaga\/6605\/\"]}]},{\"@type\":\"ImageObject\",\"inLanguage\":\"hu\",\"@id\":\"https:\/\/terraplaza.com\/magazin\/hu\/erdekessegek-hu\/ausztralia-hullogazdagsaga\/6605\/#primaryimage\",\"url\":\"https:\/\/terraplaza.com\/magazin\/wp-content\/uploads\/2026\/01\/AdobeStock_1042826016-scaled.jpeg\",\"contentUrl\":\"https:\/\/terraplaza.com\/magazin\/wp-content\/uploads\/2026\/01\/AdobeStock_1042826016-scaled.jpeg\",\"width\":1920,\"height\":2560,\"caption\":\"Fot\u00f3: Emma Gleeson.stock.adobe.com\"},{\"@type\":\"BreadcrumbList\",\"@id\":\"https:\/\/terraplaza.com\/magazin\/hu\/erdekessegek-hu\/ausztralia-hullogazdagsaga\/6605\/#breadcrumb\",\"itemListElement\":[{\"@type\":\"ListItem\",\"position\":1,\"name\":\"Kezd\u0151lap\",\"item\":\"https:\/\/terraplaza.com\/magazin\/hu\/\"},{\"@type\":\"ListItem\",\"position\":2,\"name\":\"Ausztr\u00e1lia h\u00fcll\u0151gazdags\u00e1ga\"}]},{\"@type\":\"WebSite\",\"@id\":\"https:\/\/terraplaza.com\/magazin\/#website\",\"url\":\"https:\/\/terraplaza.com\/magazin\/\",\"name\":\"TerraPlaza magazin\",\"description\":\"Term\u00e9szet szeretet \u00e9s felel\u0151s \u00e1llattart\u00e1s naprak\u00e9sz inform\u00e1ci\u00f3kkal \u2013 terrarisztika \u00e9s akvarisztika szakport\u00e1l. Hogy kedvenceidnek min\u00e9l boldogabb \u00e9lete legyen.\",\"publisher\":{\"@id\":\"https:\/\/terraplaza.com\/magazin\/#organization\"},\"alternateName\":\"terrarisztikai szakport\u00e1l\",\"potentialAction\":[{\"@type\":\"SearchAction\",\"target\":{\"@type\":\"EntryPoint\",\"urlTemplate\":\"https:\/\/terraplaza.com\/magazin\/?s={search_term_string}\"},\"query-input\":{\"@type\":\"PropertyValueSpecification\",\"valueRequired\":true,\"valueName\":\"search_term_string\"}}],\"inLanguage\":\"hu\"},{\"@type\":\"Organization\",\"@id\":\"https:\/\/terraplaza.com\/magazin\/#organization\",\"name\":\"TerraPlaza\",\"url\":\"https:\/\/terraplaza.com\/magazin\/\",\"logo\":{\"@type\":\"ImageObject\",\"inLanguage\":\"hu\",\"@id\":\"https:\/\/terraplaza.com\/magazin\/#\/schema\/logo\/image\/\",\"url\":\"https:\/\/terraplaza.com\/magazin\/wp-content\/uploads\/2023\/07\/Kepernyofoto-2023-07-24-18.20.04.png\",\"contentUrl\":\"https:\/\/terraplaza.com\/magazin\/wp-content\/uploads\/2023\/07\/Kepernyofoto-2023-07-24-18.20.04.png\",\"width\":1502,\"height\":382,\"caption\":\"TerraPlaza\"},\"image\":{\"@id\":\"https:\/\/terraplaza.com\/magazin\/#\/schema\/logo\/image\/\"},\"sameAs\":[\"https:\/\/www.facebook.com\/terraplaza\"]},{\"@type\":\"Person\",\"@id\":\"https:\/\/terraplaza.com\/magazin\/#\/schema\/person\/573d8cd813a78d4ffaea649aa7e44ac4\",\"name\":\"Farkas M. Vivien\",\"image\":{\"@type\":\"ImageObject\",\"inLanguage\":\"hu\",\"@id\":\"https:\/\/terraplaza.com\/magazin\/wp-content\/uploads\/2024\/09\/profilkep-150x150.jpg\",\"url\":\"https:\/\/terraplaza.com\/magazin\/wp-content\/uploads\/2024\/09\/profilkep-150x150.jpg\",\"contentUrl\":\"https:\/\/terraplaza.com\/magazin\/wp-content\/uploads\/2024\/09\/profilkep-150x150.jpg\",\"caption\":\"Farkas M. Vivien\"},\"url\":\"https:\/\/terraplaza.com\/magazin\/author\/vivi\/\"}]}<\/script>\n<!-- \/ Yoast SEO plugin. -->","yoast_head_json":{"title":"Ausztr\u00e1lia h\u00fcll\u0151gazdags\u00e1ga &#8211; TerraPlaza magazin","description":"Ausztr\u00e1lia h\u00fcll\u0151gazdags\u00e1ga vil\u00e1gszinten is kiemelked\u0151: a vil\u00e1g h\u00fcll\u0151fajainak k\u00f6zel 14%-a itt \u00e9l, t\u00f6bbs\u00e9g\u00fck kiz\u00e1r\u00f3lag ezen a kontinensen.","robots":{"index":"index","follow":"follow","max-snippet":"max-snippet:-1","max-image-preview":"max-image-preview:large","max-video-preview":"max-video-preview:-1"},"canonical":"https:\/\/terraplaza.com\/magazin\/hu\/erdekessegek-hu\/ausztralia-hullogazdagsaga\/6605\/","og_locale":"hu_HU","og_type":"article","og_title":"Ausztr\u00e1lia h\u00fcll\u0151gazdags\u00e1ga &#8211; TerraPlaza magazin","og_description":"Ausztr\u00e1lia h\u00fcll\u0151gazdags\u00e1ga vil\u00e1gszinten is kiemelked\u0151: a vil\u00e1g h\u00fcll\u0151fajainak k\u00f6zel 14%-a itt \u00e9l, t\u00f6bbs\u00e9g\u00fck kiz\u00e1r\u00f3lag ezen a kontinensen.","og_url":"https:\/\/terraplaza.com\/magazin\/hu\/erdekessegek-hu\/ausztralia-hullogazdagsaga\/6605\/","og_site_name":"TerraPlaza magazin","article_publisher":"https:\/\/www.facebook.com\/terraplaza","article_published_time":"2026-01-28T16:13:52+00:00","article_modified_time":"2026-01-28T16:47:17+00:00","og_image":[{"width":1920,"height":2560,"url":"https:\/\/terraplaza.com\/magazin\/wp-content\/uploads\/2026\/01\/AdobeStock_1042826016-scaled.jpeg","type":"image\/jpeg"}],"author":"Farkas M. Vivien","twitter_card":"summary_large_image","twitter_misc":{"Szerz\u0151:":"Farkas M. Vivien","Becs\u00fclt olvas\u00e1si id\u0151":"1 perc"},"schema":{"@context":"https:\/\/schema.org","@graph":[{"@type":"Article","@id":"https:\/\/terraplaza.com\/magazin\/hu\/erdekessegek-hu\/ausztralia-hullogazdagsaga\/6605\/#article","isPartOf":{"@id":"https:\/\/terraplaza.com\/magazin\/hu\/erdekessegek-hu\/ausztralia-hullogazdagsaga\/6605\/"},"author":{"name":"Farkas M. Vivien","@id":"https:\/\/terraplaza.com\/magazin\/#\/schema\/person\/573d8cd813a78d4ffaea649aa7e44ac4"},"headline":"Ausztr\u00e1lia h\u00fcll\u0151gazdags\u00e1ga","datePublished":"2026-01-28T16:13:52+00:00","dateModified":"2026-01-28T16:47:17+00:00","mainEntityOfPage":{"@id":"https:\/\/terraplaza.com\/magazin\/hu\/erdekessegek-hu\/ausztralia-hullogazdagsaga\/6605\/"},"wordCount":64,"publisher":{"@id":"https:\/\/terraplaza.com\/magazin\/#organization"},"image":{"@id":"https:\/\/terraplaza.com\/magazin\/hu\/erdekessegek-hu\/ausztralia-hullogazdagsaga\/6605\/#primaryimage"},"thumbnailUrl":"https:\/\/terraplaza.com\/magazin\/wp-content\/uploads\/2026\/01\/AdobeStock_1042826016-scaled.jpeg","keywords":["ausztr\u00e1lia","\u00c9rdekess\u00e9gek","H\u00fcll\u0151k"],"articleSection":["\u00c9rdekess\u00e9gek"],"inLanguage":"hu"},{"@type":"WebPage","@id":"https:\/\/terraplaza.com\/magazin\/hu\/erdekessegek-hu\/ausztralia-hullogazdagsaga\/6605\/","url":"https:\/\/terraplaza.com\/magazin\/hu\/erdekessegek-hu\/ausztralia-hullogazdagsaga\/6605\/","name":"Ausztr\u00e1lia h\u00fcll\u0151gazdags\u00e1ga &#8211; TerraPlaza magazin","isPartOf":{"@id":"https:\/\/terraplaza.com\/magazin\/#website"},"primaryImageOfPage":{"@id":"https:\/\/terraplaza.com\/magazin\/hu\/erdekessegek-hu\/ausztralia-hullogazdagsaga\/6605\/#primaryimage"},"image":{"@id":"https:\/\/terraplaza.com\/magazin\/hu\/erdekessegek-hu\/ausztralia-hullogazdagsaga\/6605\/#primaryimage"},"thumbnailUrl":"https:\/\/terraplaza.com\/magazin\/wp-content\/uploads\/2026\/01\/AdobeStock_1042826016-scaled.jpeg","datePublished":"2026-01-28T16:13:52+00:00","dateModified":"2026-01-28T16:47:17+00:00","description":"Ausztr\u00e1lia h\u00fcll\u0151gazdags\u00e1ga vil\u00e1gszinten is kiemelked\u0151: a vil\u00e1g h\u00fcll\u0151fajainak k\u00f6zel 14%-a itt \u00e9l, t\u00f6bbs\u00e9g\u00fck kiz\u00e1r\u00f3lag ezen a kontinensen.","breadcrumb":{"@id":"https:\/\/terraplaza.com\/magazin\/hu\/erdekessegek-hu\/ausztralia-hullogazdagsaga\/6605\/#breadcrumb"},"inLanguage":"hu","potentialAction":[{"@type":"ReadAction","target":["https:\/\/terraplaza.com\/magazin\/hu\/erdekessegek-hu\/ausztralia-hullogazdagsaga\/6605\/"]}]},{"@type":"ImageObject","inLanguage":"hu","@id":"https:\/\/terraplaza.com\/magazin\/hu\/erdekessegek-hu\/ausztralia-hullogazdagsaga\/6605\/#primaryimage","url":"https:\/\/terraplaza.com\/magazin\/wp-content\/uploads\/2026\/01\/AdobeStock_1042826016-scaled.jpeg","contentUrl":"https:\/\/terraplaza.com\/magazin\/wp-content\/uploads\/2026\/01\/AdobeStock_1042826016-scaled.jpeg","width":1920,"height":2560,"caption":"Fot\u00f3: Emma Gleeson.stock.adobe.com"},{"@type":"BreadcrumbList","@id":"https:\/\/terraplaza.com\/magazin\/hu\/erdekessegek-hu\/ausztralia-hullogazdagsaga\/6605\/#breadcrumb","itemListElement":[{"@type":"ListItem","position":1,"name":"Kezd\u0151lap","item":"https:\/\/terraplaza.com\/magazin\/hu\/"},{"@type":"ListItem","position":2,"name":"Ausztr\u00e1lia h\u00fcll\u0151gazdags\u00e1ga"}]},{"@type":"WebSite","@id":"https:\/\/terraplaza.com\/magazin\/#website","url":"https:\/\/terraplaza.com\/magazin\/","name":"TerraPlaza magazin","description":"Term\u00e9szet szeretet \u00e9s felel\u0151s \u00e1llattart\u00e1s naprak\u00e9sz inform\u00e1ci\u00f3kkal \u2013 terrarisztika \u00e9s akvarisztika szakport\u00e1l. Hogy kedvenceidnek min\u00e9l boldogabb \u00e9lete legyen.","publisher":{"@id":"https:\/\/terraplaza.com\/magazin\/#organization"},"alternateName":"terrarisztikai szakport\u00e1l","potentialAction":[{"@type":"SearchAction","target":{"@type":"EntryPoint","urlTemplate":"https:\/\/terraplaza.com\/magazin\/?s={search_term_string}"},"query-input":{"@type":"PropertyValueSpecification","valueRequired":true,"valueName":"search_term_string"}}],"inLanguage":"hu"},{"@type":"Organization","@id":"https:\/\/terraplaza.com\/magazin\/#organization","name":"TerraPlaza","url":"https:\/\/terraplaza.com\/magazin\/","logo":{"@type":"ImageObject","inLanguage":"hu","@id":"https:\/\/terraplaza.com\/magazin\/#\/schema\/logo\/image\/","url":"https:\/\/terraplaza.com\/magazin\/wp-content\/uploads\/2023\/07\/Kepernyofoto-2023-07-24-18.20.04.png","contentUrl":"https:\/\/terraplaza.com\/magazin\/wp-content\/uploads\/2023\/07\/Kepernyofoto-2023-07-24-18.20.04.png","width":1502,"height":382,"caption":"TerraPlaza"},"image":{"@id":"https:\/\/terraplaza.com\/magazin\/#\/schema\/logo\/image\/"},"sameAs":["https:\/\/www.facebook.com\/terraplaza"]},{"@type":"Person","@id":"https:\/\/terraplaza.com\/magazin\/#\/schema\/person\/573d8cd813a78d4ffaea649aa7e44ac4","name":"Farkas M. Vivien","image":{"@type":"ImageObject","inLanguage":"hu","@id":"https:\/\/terraplaza.com\/magazin\/wp-content\/uploads\/2024\/09\/profilkep-150x150.jpg","url":"https:\/\/terraplaza.com\/magazin\/wp-content\/uploads\/2024\/09\/profilkep-150x150.jpg","contentUrl":"https:\/\/terraplaza.com\/magazin\/wp-content\/uploads\/2024\/09\/profilkep-150x150.jpg","caption":"Farkas M. Vivien"},"url":"https:\/\/terraplaza.com\/magazin\/author\/vivi\/"}]}},"views":637,"_links":{"self":[{"href":"https:\/\/terraplaza.com\/magazin\/wp-json\/wp\/v2\/posts\/6605","targetHints":{"allow":["GET"]}}],"collection":[{"href":"https:\/\/terraplaza.com\/magazin\/wp-json\/wp\/v2\/posts"}],"about":[{"href":"https:\/\/terraplaza.com\/magazin\/wp-json\/wp\/v2\/types\/post"}],"author":[{"embeddable":true,"href":"https:\/\/terraplaza.com\/magazin\/wp-json\/wp\/v2\/users\/17"}],"replies":[{"embeddable":true,"href":"https:\/\/terraplaza.com\/magazin\/wp-json\/wp\/v2\/comments?post=6605"}],"version-history":[{"count":2,"href":"https:\/\/terraplaza.com\/magazin\/wp-json\/wp\/v2\/posts\/6605\/revisions"}],"predecessor-version":[{"id":6618,"href":"https:\/\/terraplaza.com\/magazin\/wp-json\/wp\/v2\/posts\/6605\/revisions\/6618"}],"wp:featuredmedia":[{"embeddable":true,"href":"https:\/\/terraplaza.com\/magazin\/wp-json\/wp\/v2\/media\/6606"}],"wp:attachment":[{"href":"https:\/\/terraplaza.com\/magazin\/wp-json\/wp\/v2\/media?parent=6605"}],"wp:term":[{"taxonomy":"category","embeddable":true,"href":"https:\/\/terraplaza.com\/magazin\/wp-json\/wp\/v2\/categories?post=6605"},{"taxonomy":"post_tag","embeddable":true,"href":"https:\/\/terraplaza.com\/magazin\/wp-json\/wp\/v2\/tags?post=6605"}],"curies":[{"name":"wp","href":"https:\/\/api.w.org\/{rel}","templated":true}]}}