{"id":7277,"date":"2026-09-01T12:53:48","date_gmt":"2026-09-01T10:53:48","guid":{"rendered":"https:\/\/terraplaza.com\/magazin\/?p=7277"},"modified":"2026-09-01T12:53:49","modified_gmt":"2026-09-01T10:53:49","slug":"szavanna-varanusz-szaglasa","status":"publish","type":"post","link":"https:\/\/terraplaza.com\/magazin\/hu\/erdekessegek\/szavanna-varanusz-szaglasa\/7277\/","title":{"rendered":"Szavanna var\u00e1nusz szagl\u00e1sa"},"content":{"rendered":"\n<p class=\"wp-block-paragraph\">A\u00a0<strong>szavanna var\u00e1nusz<\/strong>\u00a0(<em>Varanus exanthematicus<\/em>)\u00a0<strong>szagl\u00e1sa<\/strong>\u00a0k\u00fcl\u00f6n\u00f6sen fejlett. Vill\u00e1s nyelve a k\u00edgy\u00f3k\u00e9hoz hasonl\u00f3an m\u0171k\u00f6dik, \u00e9s fontos szerepet j\u00e1tszik a k\u00f6rnyezet felder\u00edt\u00e9s\u00e9ben. Nyelv\u00e9vel k\u00e9miai r\u00e9szecsk\u00e9ket gy\u0171jt a leveg\u0151b\u0151l \u00e9s a talajr\u00f3l. Ezeket az \u00fagynevezett\u00a0<strong>Jacobson-szerv<\/strong>\u00a0seg\u00edts\u00e9g\u00e9vel \u00e9rz\u00e9keli, amely rendk\u00edv\u00fcl pontos inform\u00e1ci\u00f3t ad a k\u00f6rnyezet\u00e9r\u0151l. Ez a hat\u00e9kony \u201eszagl\u00e1s\u201d seg\u00edti a t\u00e1j\u00e9koz\u00f3d\u00e1sban, a zs\u00e1km\u00e1ny felkutat\u00e1s\u00e1ban \u00e9s a ragadoz\u00f3k elker\u00fcl\u00e9s\u00e9ben is. Nem v\u00e9letlen, hogy a szavanna var\u00e1nusz ilyen \u00fcgyes t\u00fal\u00e9l\u0151 a term\u00e9szetben.<\/p>\n","protected":false},"excerpt":{"rendered":"<p>A szavanna var\u00e1nusz vill\u00e1s nyelve \u00e9s Jacobson-szerve seg\u00edti a k\u00e9miai jelek pontos \u00e9rz\u00e9kel\u00e9s\u00e9t.<\/p>\n","protected":false},"author":17,"featured_media":7278,"comment_status":"closed","ping_status":"open","sticky":false,"template":"","format":"standard","meta":{"footnotes":""},"categories":[493],"tags":[1769,82,3323,3326,3317,3318,780,3316,124,3322],"class_list":["post-7277","post","type-post","status-publish","format-standard","has-post-thumbnail","category-erdekessegek","tag-allati-erdekessegek","tag-hullok-hu","tag-jacobson-szerv","tag-kemiai-erzekeles","tag-szavanna-varanusz","tag-szavanna-varanusz-szaglasa","tag-terraplaza","tag-varanus-exanthematicus","tag-varanusz-hu","tag-villas-nyelv"],"yoast_head":"<!-- This site is optimized with the Yoast SEO plugin v28.2 - https:\/\/yoast.com\/product\/yoast-seo-wordpress\/ -->\n<title>Szavanna var\u00e1nusz szagl\u00e1sa: vill\u00e1s nyelv \u00e9s Jacobson-szerv<\/title>\n<meta name=\"description\" content=\"A szavanna var\u00e1nusz szagl\u00e1sa k\u00fcl\u00f6nleges: vill\u00e1s nyelve \u00e9s Jacobson-szerve seg\u00edti a k\u00e9miai jelek pontos \u00e9rz\u00e9kel\u00e9s\u00e9t.\" \/>\n<meta name=\"robots\" content=\"index, follow, max-snippet:-1, max-image-preview:large, max-video-preview:-1\" \/>\n<link rel=\"canonical\" href=\"https:\/\/terraplaza.com\/magazin\/hu\/erdekessegek\/szavanna-varanusz-szaglasa\/7277\/\" \/>\n<meta property=\"og:locale\" content=\"hu_HU\" \/>\n<meta property=\"og:type\" content=\"article\" \/>\n<meta property=\"og:title\" content=\"Szavanna var\u00e1nusz szagl\u00e1sa: vill\u00e1s nyelv \u00e9s Jacobson-szerv\" \/>\n<meta property=\"og:description\" content=\"A szavanna var\u00e1nusz szagl\u00e1sa k\u00fcl\u00f6nleges: vill\u00e1s nyelve \u00e9s Jacobson-szerve seg\u00edti a k\u00e9miai jelek pontos \u00e9rz\u00e9kel\u00e9s\u00e9t.\" \/>\n<meta property=\"og:url\" content=\"https:\/\/terraplaza.com\/magazin\/hu\/erdekessegek\/szavanna-varanusz-szaglasa\/7277\/\" \/>\n<meta property=\"og:site_name\" content=\"TerraPlaza magazin\" \/>\n<meta property=\"article:publisher\" content=\"https:\/\/www.facebook.com\/terraplaza\" \/>\n<meta property=\"article:published_time\" content=\"2026-09-01T10:53:48+00:00\" \/>\n<meta property=\"article:modified_time\" content=\"2026-09-01T10:53:49+00:00\" \/>\n<meta property=\"og:image\" content=\"https:\/\/terraplaza.com\/magazin\/wp-content\/uploads\/2026\/09\/MG_0292-Enhanced-NR-scaled.jpg\" \/>\n\t<meta property=\"og:image:width\" content=\"2560\" \/>\n\t<meta property=\"og:image:height\" content=\"1707\" \/>\n\t<meta property=\"og:image:type\" content=\"image\/jpeg\" \/>\n<meta name=\"author\" content=\"Farkas M. Vivien\" \/>\n<meta name=\"twitter:card\" content=\"summary_large_image\" \/>\n<meta name=\"twitter:label1\" content=\"Szerz\u0151:\" \/>\n\t<meta name=\"twitter:data1\" content=\"Farkas M. Vivien\" \/>\n\t<meta name=\"twitter:label2\" content=\"Becs\u00fclt olvas\u00e1si id\u0151\" \/>\n\t<meta name=\"twitter:data2\" content=\"1 perc\" \/>\n<script type=\"application\/ld+json\" class=\"yoast-schema-graph\">{\"@context\":\"https:\\\/\\\/schema.org\",\"@graph\":[{\"@type\":\"Article\",\"@id\":\"https:\\\/\\\/terraplaza.com\\\/magazin\\\/hu\\\/erdekessegek\\\/szavanna-varanusz-szaglasa\\\/7277\\\/#article\",\"isPartOf\":{\"@id\":\"https:\\\/\\\/terraplaza.com\\\/magazin\\\/hu\\\/erdekessegek\\\/szavanna-varanusz-szaglasa\\\/7277\\\/\"},\"author\":{\"name\":\"Farkas M. Vivien\",\"@id\":\"https:\\\/\\\/terraplaza.com\\\/magazin\\\/#\\\/schema\\\/person\\\/573d8cd813a78d4ffaea649aa7e44ac4\"},\"headline\":\"Szavanna var\u00e1nusz szagl\u00e1sa\",\"datePublished\":\"2026-09-01T10:53:48+00:00\",\"dateModified\":\"2026-09-01T10:53:49+00:00\",\"mainEntityOfPage\":{\"@id\":\"https:\\\/\\\/terraplaza.com\\\/magazin\\\/hu\\\/erdekessegek\\\/szavanna-varanusz-szaglasa\\\/7277\\\/\"},\"wordCount\":130,\"publisher\":{\"@id\":\"https:\\\/\\\/terraplaza.com\\\/magazin\\\/#organization\"},\"image\":{\"@id\":\"https:\\\/\\\/terraplaza.com\\\/magazin\\\/hu\\\/erdekessegek\\\/szavanna-varanusz-szaglasa\\\/7277\\\/#primaryimage\"},\"thumbnailUrl\":\"https:\\\/\\\/terraplaza.com\\\/magazin\\\/wp-content\\\/uploads\\\/2026\\\/09\\\/MG_0292-Enhanced-NR-scaled.jpg\",\"keywords\":[\"\u00e1llati \u00e9rdekess\u00e9gek\",\"H\u00fcll\u0151k\",\"Jacobson-szerv\",\"k\u00e9miai \u00e9rz\u00e9kel\u00e9s\",\"szavanna var\u00e1nusz\",\"szavanna var\u00e1nusz szagl\u00e1sa\",\"TerraPlaza\",\"Varanus exanthematicus\",\"Var\u00e1nusz\",\"vill\u00e1s nyelv\"],\"articleSection\":[\"\u00c9rdekess\u00e9gek\"],\"inLanguage\":\"hu\"},{\"@type\":\"WebPage\",\"@id\":\"https:\\\/\\\/terraplaza.com\\\/magazin\\\/hu\\\/erdekessegek\\\/szavanna-varanusz-szaglasa\\\/7277\\\/\",\"url\":\"https:\\\/\\\/terraplaza.com\\\/magazin\\\/hu\\\/erdekessegek\\\/szavanna-varanusz-szaglasa\\\/7277\\\/\",\"name\":\"Szavanna var\u00e1nusz szagl\u00e1sa: vill\u00e1s nyelv \u00e9s Jacobson-szerv\",\"isPartOf\":{\"@id\":\"https:\\\/\\\/terraplaza.com\\\/magazin\\\/#website\"},\"primaryImageOfPage\":{\"@id\":\"https:\\\/\\\/terraplaza.com\\\/magazin\\\/hu\\\/erdekessegek\\\/szavanna-varanusz-szaglasa\\\/7277\\\/#primaryimage\"},\"image\":{\"@id\":\"https:\\\/\\\/terraplaza.com\\\/magazin\\\/hu\\\/erdekessegek\\\/szavanna-varanusz-szaglasa\\\/7277\\\/#primaryimage\"},\"thumbnailUrl\":\"https:\\\/\\\/terraplaza.com\\\/magazin\\\/wp-content\\\/uploads\\\/2026\\\/09\\\/MG_0292-Enhanced-NR-scaled.jpg\",\"datePublished\":\"2026-09-01T10:53:48+00:00\",\"dateModified\":\"2026-09-01T10:53:49+00:00\",\"description\":\"A szavanna var\u00e1nusz szagl\u00e1sa k\u00fcl\u00f6nleges: vill\u00e1s nyelve \u00e9s Jacobson-szerve seg\u00edti a k\u00e9miai jelek pontos \u00e9rz\u00e9kel\u00e9s\u00e9t.\",\"breadcrumb\":{\"@id\":\"https:\\\/\\\/terraplaza.com\\\/magazin\\\/hu\\\/erdekessegek\\\/szavanna-varanusz-szaglasa\\\/7277\\\/#breadcrumb\"},\"inLanguage\":\"hu\",\"potentialAction\":[{\"@type\":\"ReadAction\",\"target\":[\"https:\\\/\\\/terraplaza.com\\\/magazin\\\/hu\\\/erdekessegek\\\/szavanna-varanusz-szaglasa\\\/7277\\\/\"]}]},{\"@type\":\"ImageObject\",\"inLanguage\":\"hu\",\"@id\":\"https:\\\/\\\/terraplaza.com\\\/magazin\\\/hu\\\/erdekessegek\\\/szavanna-varanusz-szaglasa\\\/7277\\\/#primaryimage\",\"url\":\"https:\\\/\\\/terraplaza.com\\\/magazin\\\/wp-content\\\/uploads\\\/2026\\\/09\\\/MG_0292-Enhanced-NR-scaled.jpg\",\"contentUrl\":\"https:\\\/\\\/terraplaza.com\\\/magazin\\\/wp-content\\\/uploads\\\/2026\\\/09\\\/MG_0292-Enhanced-NR-scaled.jpg\",\"width\":2560,\"height\":1707,\"caption\":\"Szavanna var\u00e1nusz szagl\u00e1sa, Varanus exanthematicus vill\u00e1s nyelvvel\"},{\"@type\":\"BreadcrumbList\",\"@id\":\"https:\\\/\\\/terraplaza.com\\\/magazin\\\/hu\\\/erdekessegek\\\/szavanna-varanusz-szaglasa\\\/7277\\\/#breadcrumb\",\"itemListElement\":[{\"@type\":\"ListItem\",\"position\":1,\"name\":\"Kezd\u0151lap\",\"item\":\"https:\\\/\\\/terraplaza.com\\\/magazin\\\/hu\\\/\"},{\"@type\":\"ListItem\",\"position\":2,\"name\":\"Szavanna var\u00e1nusz szagl\u00e1sa\"}]},{\"@type\":\"WebSite\",\"@id\":\"https:\\\/\\\/terraplaza.com\\\/magazin\\\/#website\",\"url\":\"https:\\\/\\\/terraplaza.com\\\/magazin\\\/\",\"name\":\"TerraPlaza magazin\",\"description\":\"Term\u00e9szet szeretet \u00e9s felel\u0151s \u00e1llattart\u00e1s naprak\u00e9sz inform\u00e1ci\u00f3kkal \u2013 terrarisztika \u00e9s akvarisztika szakport\u00e1l. Hogy kedvenceidnek min\u00e9l boldogabb \u00e9lete legyen.\",\"publisher\":{\"@id\":\"https:\\\/\\\/terraplaza.com\\\/magazin\\\/#organization\"},\"alternateName\":\"terrarisztikai szakport\u00e1l\",\"potentialAction\":[{\"@type\":\"SearchAction\",\"target\":{\"@type\":\"EntryPoint\",\"urlTemplate\":\"https:\\\/\\\/terraplaza.com\\\/magazin\\\/?s={search_term_string}\"},\"query-input\":{\"@type\":\"PropertyValueSpecification\",\"valueRequired\":true,\"valueName\":\"search_term_string\"}}],\"inLanguage\":\"hu\"},{\"@type\":\"Organization\",\"@id\":\"https:\\\/\\\/terraplaza.com\\\/magazin\\\/#organization\",\"name\":\"TerraPlaza\",\"url\":\"https:\\\/\\\/terraplaza.com\\\/magazin\\\/\",\"logo\":{\"@type\":\"ImageObject\",\"inLanguage\":\"hu\",\"@id\":\"https:\\\/\\\/terraplaza.com\\\/magazin\\\/#\\\/schema\\\/logo\\\/image\\\/\",\"url\":\"https:\\\/\\\/terraplaza.com\\\/magazin\\\/wp-content\\\/uploads\\\/2023\\\/07\\\/Kepernyofoto-2023-07-24-18.20.04.png\",\"contentUrl\":\"https:\\\/\\\/terraplaza.com\\\/magazin\\\/wp-content\\\/uploads\\\/2023\\\/07\\\/Kepernyofoto-2023-07-24-18.20.04.png\",\"width\":1502,\"height\":382,\"caption\":\"TerraPlaza\"},\"image\":{\"@id\":\"https:\\\/\\\/terraplaza.com\\\/magazin\\\/#\\\/schema\\\/logo\\\/image\\\/\"},\"sameAs\":[\"https:\\\/\\\/www.facebook.com\\\/terraplaza\"]},{\"@type\":\"Person\",\"@id\":\"https:\\\/\\\/terraplaza.com\\\/magazin\\\/#\\\/schema\\\/person\\\/573d8cd813a78d4ffaea649aa7e44ac4\",\"name\":\"Farkas M. Vivien\",\"image\":{\"@type\":\"ImageObject\",\"inLanguage\":\"hu\",\"@id\":\"https:\\\/\\\/terraplaza.com\\\/magazin\\\/wp-content\\\/uploads\\\/2026\\\/08\\\/719689879_3810821959057848_4645142992766047394_n-150x150.jpg\",\"url\":\"https:\\\/\\\/terraplaza.com\\\/magazin\\\/wp-content\\\/uploads\\\/2026\\\/08\\\/719689879_3810821959057848_4645142992766047394_n-150x150.jpg\",\"contentUrl\":\"https:\\\/\\\/terraplaza.com\\\/magazin\\\/wp-content\\\/uploads\\\/2026\\\/08\\\/719689879_3810821959057848_4645142992766047394_n-150x150.jpg\",\"caption\":\"Farkas M. Vivien\"},\"url\":\"https:\\\/\\\/terraplaza.com\\\/magazin\\\/author\\\/vivi\\\/\"}]}<\/script>\n<!-- \/ Yoast SEO plugin. -->","yoast_head_json":{"title":"Szavanna var\u00e1nusz szagl\u00e1sa: vill\u00e1s nyelv \u00e9s Jacobson-szerv","description":"A szavanna var\u00e1nusz szagl\u00e1sa k\u00fcl\u00f6nleges: vill\u00e1s nyelve \u00e9s Jacobson-szerve seg\u00edti a k\u00e9miai jelek pontos \u00e9rz\u00e9kel\u00e9s\u00e9t.","robots":{"index":"index","follow":"follow","max-snippet":"max-snippet:-1","max-image-preview":"max-image-preview:large","max-video-preview":"max-video-preview:-1"},"canonical":"https:\/\/terraplaza.com\/magazin\/hu\/erdekessegek\/szavanna-varanusz-szaglasa\/7277\/","og_locale":"hu_HU","og_type":"article","og_title":"Szavanna var\u00e1nusz szagl\u00e1sa: vill\u00e1s nyelv \u00e9s Jacobson-szerv","og_description":"A szavanna var\u00e1nusz szagl\u00e1sa k\u00fcl\u00f6nleges: vill\u00e1s nyelve \u00e9s Jacobson-szerve seg\u00edti a k\u00e9miai jelek pontos \u00e9rz\u00e9kel\u00e9s\u00e9t.","og_url":"https:\/\/terraplaza.com\/magazin\/hu\/erdekessegek\/szavanna-varanusz-szaglasa\/7277\/","og_site_name":"TerraPlaza magazin","article_publisher":"https:\/\/www.facebook.com\/terraplaza","article_published_time":"2026-09-01T10:53:48+00:00","article_modified_time":"2026-09-01T10:53:49+00:00","og_image":[{"width":2560,"height":1707,"url":"https:\/\/terraplaza.com\/magazin\/wp-content\/uploads\/2026\/09\/MG_0292-Enhanced-NR-scaled.jpg","type":"image\/jpeg"}],"author":"Farkas M. Vivien","twitter_card":"summary_large_image","twitter_misc":{"Szerz\u0151:":"Farkas M. Vivien","Becs\u00fclt olvas\u00e1si id\u0151":"1 perc"},"schema":{"@context":"https:\/\/schema.org","@graph":[{"@type":"Article","@id":"https:\/\/terraplaza.com\/magazin\/hu\/erdekessegek\/szavanna-varanusz-szaglasa\/7277\/#article","isPartOf":{"@id":"https:\/\/terraplaza.com\/magazin\/hu\/erdekessegek\/szavanna-varanusz-szaglasa\/7277\/"},"author":{"name":"Farkas M. Vivien","@id":"https:\/\/terraplaza.com\/magazin\/#\/schema\/person\/573d8cd813a78d4ffaea649aa7e44ac4"},"headline":"Szavanna var\u00e1nusz szagl\u00e1sa","datePublished":"2026-09-01T10:53:48+00:00","dateModified":"2026-09-01T10:53:49+00:00","mainEntityOfPage":{"@id":"https:\/\/terraplaza.com\/magazin\/hu\/erdekessegek\/szavanna-varanusz-szaglasa\/7277\/"},"wordCount":130,"publisher":{"@id":"https:\/\/terraplaza.com\/magazin\/#organization"},"image":{"@id":"https:\/\/terraplaza.com\/magazin\/hu\/erdekessegek\/szavanna-varanusz-szaglasa\/7277\/#primaryimage"},"thumbnailUrl":"https:\/\/terraplaza.com\/magazin\/wp-content\/uploads\/2026\/09\/MG_0292-Enhanced-NR-scaled.jpg","keywords":["\u00e1llati \u00e9rdekess\u00e9gek","H\u00fcll\u0151k","Jacobson-szerv","k\u00e9miai \u00e9rz\u00e9kel\u00e9s","szavanna var\u00e1nusz","szavanna var\u00e1nusz szagl\u00e1sa","TerraPlaza","Varanus exanthematicus","Var\u00e1nusz","vill\u00e1s nyelv"],"articleSection":["\u00c9rdekess\u00e9gek"],"inLanguage":"hu"},{"@type":"WebPage","@id":"https:\/\/terraplaza.com\/magazin\/hu\/erdekessegek\/szavanna-varanusz-szaglasa\/7277\/","url":"https:\/\/terraplaza.com\/magazin\/hu\/erdekessegek\/szavanna-varanusz-szaglasa\/7277\/","name":"Szavanna var\u00e1nusz szagl\u00e1sa: vill\u00e1s nyelv \u00e9s Jacobson-szerv","isPartOf":{"@id":"https:\/\/terraplaza.com\/magazin\/#website"},"primaryImageOfPage":{"@id":"https:\/\/terraplaza.com\/magazin\/hu\/erdekessegek\/szavanna-varanusz-szaglasa\/7277\/#primaryimage"},"image":{"@id":"https:\/\/terraplaza.com\/magazin\/hu\/erdekessegek\/szavanna-varanusz-szaglasa\/7277\/#primaryimage"},"thumbnailUrl":"https:\/\/terraplaza.com\/magazin\/wp-content\/uploads\/2026\/09\/MG_0292-Enhanced-NR-scaled.jpg","datePublished":"2026-09-01T10:53:48+00:00","dateModified":"2026-09-01T10:53:49+00:00","description":"A szavanna var\u00e1nusz szagl\u00e1sa k\u00fcl\u00f6nleges: vill\u00e1s nyelve \u00e9s Jacobson-szerve seg\u00edti a k\u00e9miai jelek pontos \u00e9rz\u00e9kel\u00e9s\u00e9t.","breadcrumb":{"@id":"https:\/\/terraplaza.com\/magazin\/hu\/erdekessegek\/szavanna-varanusz-szaglasa\/7277\/#breadcrumb"},"inLanguage":"hu","potentialAction":[{"@type":"ReadAction","target":["https:\/\/terraplaza.com\/magazin\/hu\/erdekessegek\/szavanna-varanusz-szaglasa\/7277\/"]}]},{"@type":"ImageObject","inLanguage":"hu","@id":"https:\/\/terraplaza.com\/magazin\/hu\/erdekessegek\/szavanna-varanusz-szaglasa\/7277\/#primaryimage","url":"https:\/\/terraplaza.com\/magazin\/wp-content\/uploads\/2026\/09\/MG_0292-Enhanced-NR-scaled.jpg","contentUrl":"https:\/\/terraplaza.com\/magazin\/wp-content\/uploads\/2026\/09\/MG_0292-Enhanced-NR-scaled.jpg","width":2560,"height":1707,"caption":"Szavanna var\u00e1nusz szagl\u00e1sa, Varanus exanthematicus vill\u00e1s nyelvvel"},{"@type":"BreadcrumbList","@id":"https:\/\/terraplaza.com\/magazin\/hu\/erdekessegek\/szavanna-varanusz-szaglasa\/7277\/#breadcrumb","itemListElement":[{"@type":"ListItem","position":1,"name":"Kezd\u0151lap","item":"https:\/\/terraplaza.com\/magazin\/hu\/"},{"@type":"ListItem","position":2,"name":"Szavanna var\u00e1nusz szagl\u00e1sa"}]},{"@type":"WebSite","@id":"https:\/\/terraplaza.com\/magazin\/#website","url":"https:\/\/terraplaza.com\/magazin\/","name":"TerraPlaza magazin","description":"Term\u00e9szet szeretet \u00e9s felel\u0151s \u00e1llattart\u00e1s naprak\u00e9sz inform\u00e1ci\u00f3kkal \u2013 terrarisztika \u00e9s akvarisztika szakport\u00e1l. Hogy kedvenceidnek min\u00e9l boldogabb \u00e9lete legyen.","publisher":{"@id":"https:\/\/terraplaza.com\/magazin\/#organization"},"alternateName":"terrarisztikai szakport\u00e1l","potentialAction":[{"@type":"SearchAction","target":{"@type":"EntryPoint","urlTemplate":"https:\/\/terraplaza.com\/magazin\/?s={search_term_string}"},"query-input":{"@type":"PropertyValueSpecification","valueRequired":true,"valueName":"search_term_string"}}],"inLanguage":"hu"},{"@type":"Organization","@id":"https:\/\/terraplaza.com\/magazin\/#organization","name":"TerraPlaza","url":"https:\/\/terraplaza.com\/magazin\/","logo":{"@type":"ImageObject","inLanguage":"hu","@id":"https:\/\/terraplaza.com\/magazin\/#\/schema\/logo\/image\/","url":"https:\/\/terraplaza.com\/magazin\/wp-content\/uploads\/2023\/07\/Kepernyofoto-2023-07-24-18.20.04.png","contentUrl":"https:\/\/terraplaza.com\/magazin\/wp-content\/uploads\/2023\/07\/Kepernyofoto-2023-07-24-18.20.04.png","width":1502,"height":382,"caption":"TerraPlaza"},"image":{"@id":"https:\/\/terraplaza.com\/magazin\/#\/schema\/logo\/image\/"},"sameAs":["https:\/\/www.facebook.com\/terraplaza"]},{"@type":"Person","@id":"https:\/\/terraplaza.com\/magazin\/#\/schema\/person\/573d8cd813a78d4ffaea649aa7e44ac4","name":"Farkas M. Vivien","image":{"@type":"ImageObject","inLanguage":"hu","@id":"https:\/\/terraplaza.com\/magazin\/wp-content\/uploads\/2026\/08\/719689879_3810821959057848_4645142992766047394_n-150x150.jpg","url":"https:\/\/terraplaza.com\/magazin\/wp-content\/uploads\/2026\/08\/719689879_3810821959057848_4645142992766047394_n-150x150.jpg","contentUrl":"https:\/\/terraplaza.com\/magazin\/wp-content\/uploads\/2026\/08\/719689879_3810821959057848_4645142992766047394_n-150x150.jpg","caption":"Farkas M. Vivien"},"url":"https:\/\/terraplaza.com\/magazin\/author\/vivi\/"}]}},"views":16,"_links":{"self":[{"href":"https:\/\/terraplaza.com\/magazin\/wp-json\/wp\/v2\/posts\/7277","targetHints":{"allow":["GET"]}}],"collection":[{"href":"https:\/\/terraplaza.com\/magazin\/wp-json\/wp\/v2\/posts"}],"about":[{"href":"https:\/\/terraplaza.com\/magazin\/wp-json\/wp\/v2\/types\/post"}],"author":[{"embeddable":true,"href":"https:\/\/terraplaza.com\/magazin\/wp-json\/wp\/v2\/users\/17"}],"replies":[{"embeddable":true,"href":"https:\/\/terraplaza.com\/magazin\/wp-json\/wp\/v2\/comments?post=7277"}],"version-history":[{"count":1,"href":"https:\/\/terraplaza.com\/magazin\/wp-json\/wp\/v2\/posts\/7277\/revisions"}],"predecessor-version":[{"id":7279,"href":"https:\/\/terraplaza.com\/magazin\/wp-json\/wp\/v2\/posts\/7277\/revisions\/7279"}],"wp:featuredmedia":[{"embeddable":true,"href":"https:\/\/terraplaza.com\/magazin\/wp-json\/wp\/v2\/media\/7278"}],"wp:attachment":[{"href":"https:\/\/terraplaza.com\/magazin\/wp-json\/wp\/v2\/media?parent=7277"}],"wp:term":[{"taxonomy":"category","embeddable":true,"href":"https:\/\/terraplaza.com\/magazin\/wp-json\/wp\/v2\/categories?post=7277"},{"taxonomy":"post_tag","embeddable":true,"href":"https:\/\/terraplaza.com\/magazin\/wp-json\/wp\/v2\/tags?post=7277"}],"curies":[{"name":"wp","href":"https:\/\/api.w.org\/{rel}","templated":true}]}}